{"id":866,"date":"2022-07-01T11:33:13","date_gmt":"2022-07-01T14:33:13","guid":{"rendered":"http:\/\/radar190.com.br\/?p=866"},"modified":"2022-07-01T13:05:49","modified_gmt":"2022-07-01T16:05:49","slug":"mae-de-wesley-safadao-chora-ao-falar-sobre-estado-de-saude-do-cantor","status":"publish","type":"post","link":"https:\/\/radar190.com.br\/index.php\/2022\/07\/01\/mae-de-wesley-safadao-chora-ao-falar-sobre-estado-de-saude-do-cantor\/","title":{"rendered":"M\u00e3e de Wesley Safad\u00e3o chora ao falar sobre estado de sa\u00fade do cantor"},"content":{"rendered":"<div class='booster-block booster-read-block'>\n                <div class=\"twp-read-time\">\n                \t<i class=\"booster-icon twp-clock\"><\/i> <span>Read Time:<\/span>1 Minute, 1 Second                <\/div>\n\n            <\/div>\n<p>O estado de sa\u00fade de Wesley Safad\u00e3o est\u00e1 causando preocupa\u00e7\u00e3o em seus f\u00e3s e famialiares. Recentemente, o ator foi diagnosticado com uma h\u00e9rnia de disco e precisou ficar afastado de sua agenda de shows.<\/p>\n\n\n\n<p>Nas redes sociais, Dona Bil, m\u00e3e do cantor, apareceu chorando e escreveu a seguinte mensagem:<\/p>\n\n\n\n<p>V\u00eddeo relacionado: M\u00e3e de Wesley Safad\u00e3o se manifesta ap\u00f3s afastamento do filho dos palcos para cuidar da sa\u00fade<\/p>\n\n\n\n<p>Entrego a recupera\u00e7\u00e3o do meu filho nas m\u00e3os de Deus. Deus sabe que ele ama cantar e encantar. Pe\u00e7o ora\u00e7\u00e3o para a sa\u00fade dele a todos os f\u00e3s, amigos e familiares. Que logo ele possa estar de volta aos palcos fazendo o que ele ama fazer, cantar e encantar.<\/p>\n\n\n\n<p>No comunicado divulgado pela equipe de Wesley, \u00e9 poss\u00edvel entender melhor quais s\u00e3o os sintomas que preocupam a fam\u00edlia do cantor.<\/p>\n\n\n\n<p>Ap\u00f3s sentir novas dores na coluna e dorm\u00eancia nas pernas na manh\u00e3 desta quarta-feira (29), Wesley Safad\u00e3o precisar\u00e1 ser afastado temporariamente dos palcos, por orienta\u00e7\u00e3o m\u00e9dica. Diagnosticado com hernia discal entre a terceira e a quarta v\u00e9rtebra lombar, com estreitamento do canal vertebal e importante compress\u00e3o das estruturas neurol\u00f3gicas dentro deste canal, ele permanecer\u00e1 de repouso at\u00e9 uma nova avalia\u00e7\u00e3o m\u00e9dica.<\/p>\n\n\n\n<p>Melhoras pra ele, n\u00e9?<\/p>\n\n\n\n<figure class=\"wp-block-image size-full\"><img loading=\"lazy\" decoding=\"async\" width=\"338\" height=\"323\" src=\"http:\/\/radar190.com.br\/wp-content\/uploads\/2022\/07\/291753260_114679107950823_6766150517964795056_n.jpg\" alt=\"\" class=\"wp-image-867\" srcset=\"https:\/\/radar190.com.br\/wp-content\/uploads\/2022\/07\/291753260_114679107950823_6766150517964795056_n.jpg 338w, https:\/\/radar190.com.br\/wp-content\/uploads\/2022\/07\/291753260_114679107950823_6766150517964795056_n-300x287.jpg 300w\" sizes=\"auto, (max-width: 338px) 100vw, 338px\" \/><\/figure>\n        <div class=\"booster-block booster-reactions-block\">\n            <div class=\"twp-reactions-icons\">\n                \n                <div class=\"twp-reacts-wrap\">\n                    <a react-data=\"be-react-1\" post-id=\"866\" class=\"be-face-icons un-reacted\" href=\"javascript:void(0)\">\n                        <img decoding=\"async\" src=\"https:\/\/radar190.com.br\/wp-content\/plugins\/booster-extension\/\/assets\/icon\/happy.svg\" alt=\"Happy\">\n                    <\/a>\n                    <div class=\"twp-reaction-title\">\n                        Happy                    <\/div>\n                    <div class=\"twp-count-percent\">\n                                                    <span style=\"display: none;\" class=\"twp-react-count\">0<\/span>\n                        \n                                                <span class=\"twp-react-percent\"><span>0<\/span> %<\/span>\n                                            <\/div>\n                <\/div>\n\n                <div class=\"twp-reacts-wrap\">\n                    <a react-data=\"be-react-2\" post-id=\"866\" class=\"be-face-icons un-reacted\" href=\"javascript:void(0)\">\n                        <img decoding=\"async\" src=\"https:\/\/radar190.com.br\/wp-content\/plugins\/booster-extension\/\/assets\/icon\/sad.svg\" alt=\"Sad\">\n                    <\/a>\n                    <div class=\"twp-reaction-title\">\n                        Sad                    <\/div>\n                    <div class=\"twp-count-percent\">\n                                                    <span style=\"display: none;\" class=\"twp-react-count\">0<\/span>\n                                                                        <span class=\"twp-react-percent\"><span>0<\/span> %<\/span>\n                                            <\/div>\n                <\/div>\n\n                <div class=\"twp-reacts-wrap\">\n                    <a react-data=\"be-react-3\" post-id=\"866\" class=\"be-face-icons un-reacted\" href=\"javascript:void(0)\">\n                        <img decoding=\"async\" src=\"https:\/\/radar190.com.br\/wp-content\/plugins\/booster-extension\/\/assets\/icon\/excited.svg\" alt=\"Excited\">\n                    <\/a>\n                    <div class=\"twp-reaction-title\">\n                        Excited                    <\/div>\n                    <div class=\"twp-count-percent\">\n                                                    <span style=\"display: none;\" class=\"twp-react-count\">0<\/span>\n                                                                        <span class=\"twp-react-percent\"><span>0<\/span> %<\/span>\n                                            <\/div>\n                <\/div>\n\n                <div class=\"twp-reacts-wrap\">\n                    <a react-data=\"be-react-6\" post-id=\"866\" class=\"be-face-icons un-reacted\" href=\"javascript:void(0)\">\n                        <img decoding=\"async\" src=\"https:\/\/radar190.com.br\/wp-content\/plugins\/booster-extension\/\/assets\/icon\/sleepy.svg\" alt=\"Sleepy\">\n                    <\/a>\n                    <div class=\"twp-reaction-title\">\n                        Sleepy                    <\/div>\n                    <div class=\"twp-count-percent\">\n                                                    <span style=\"display: none;\" class=\"twp-react-count\">0<\/span>\n                        \n                                                <span class=\"twp-react-percent\"><span>0<\/span> %<\/span>\n                                            <\/div>\n                <\/div>\n\n                <div class=\"twp-reacts-wrap\">\n                    <a react-data=\"be-react-4\" post-id=\"866\" class=\"be-face-icons un-reacted\" href=\"javascript:void(0)\">\n                        <img decoding=\"async\" src=\"https:\/\/radar190.com.br\/wp-content\/plugins\/booster-extension\/\/assets\/icon\/angry.svg\" alt=\"Angry\">\n                    <\/a>\n                    <div class=\"twp-reaction-title\">Angry<\/div>\n                    <div class=\"twp-count-percent\">\n                                                    <span style=\"display: none;\" class=\"twp-react-count\">0<\/span>\n                                                                        <span class=\"twp-react-percent\"><span>0<\/span> %<\/span>\n                        \n                    <\/div>\n                <\/div>\n\n                <div class=\"twp-reacts-wrap\">\n                    <a react-data=\"be-react-5\" post-id=\"866\" class=\"be-face-icons un-reacted\" href=\"javascript:void(0)\">\n                        <img decoding=\"async\" src=\"https:\/\/radar190.com.br\/wp-content\/plugins\/booster-extension\/\/assets\/icon\/surprise.svg\" alt=\"Surprise\">\n                    <\/a>\n                    <div class=\"twp-reaction-title\">Surprise<\/div>\n                    <div class=\"twp-count-percent\">\n                                                    <span style=\"display: none;\" class=\"twp-react-count\">0<\/span>\n                                                                        <span class=\"twp-react-percent\"><span>0<\/span> %<\/span>\n                                            <\/div>\n                <\/div>\n\n            <\/div>\n        <\/div>\n\n    ","protected":false},"excerpt":{"rendered":"<p>O estado de sa\u00fade de Wesley Safad\u00e3o est\u00e1 causando preocupa\u00e7\u00e3o em seus f\u00e3s e famialiares. Recentemente, o ator foi diagnosticado com uma h\u00e9rnia de disco e precisou ficar afastado de sua agenda de shows. Nas redes sociais, Dona Bil, m\u00e3e do cantor, apareceu chorando e escreveu a seguinte mensagem: V\u00eddeo [&hellip;]<\/p>\n","protected":false},"author":1,"featured_media":0,"comment_status":"open","ping_status":"open","sticky":false,"template":"","format":"standard","meta":{"_mi_skip_tracking":false,"_ti_tpc_template_sync":false,"_ti_tpc_template_id":"","_joinchat":[],"footnotes":""},"categories":[1],"tags":[],"class_list":["post-866","post","type-post","status-publish","format-standard","hentry","category-uncategorized"],"_links":{"self":[{"href":"https:\/\/radar190.com.br\/index.php\/wp-json\/wp\/v2\/posts\/866","targetHints":{"allow":["GET"]}}],"collection":[{"href":"https:\/\/radar190.com.br\/index.php\/wp-json\/wp\/v2\/posts"}],"about":[{"href":"https:\/\/radar190.com.br\/index.php\/wp-json\/wp\/v2\/types\/post"}],"author":[{"embeddable":true,"href":"https:\/\/radar190.com.br\/index.php\/wp-json\/wp\/v2\/users\/1"}],"replies":[{"embeddable":true,"href":"https:\/\/radar190.com.br\/index.php\/wp-json\/wp\/v2\/comments?post=866"}],"version-history":[{"count":1,"href":"https:\/\/radar190.com.br\/index.php\/wp-json\/wp\/v2\/posts\/866\/revisions"}],"predecessor-version":[{"id":869,"href":"https:\/\/radar190.com.br\/index.php\/wp-json\/wp\/v2\/posts\/866\/revisions\/869"}],"wp:attachment":[{"href":"https:\/\/radar190.com.br\/index.php\/wp-json\/wp\/v2\/media?parent=866"}],"wp:term":[{"taxonomy":"category","embeddable":true,"href":"https:\/\/radar190.com.br\/index.php\/wp-json\/wp\/v2\/categories?post=866"},{"taxonomy":"post_tag","embeddable":true,"href":"https:\/\/radar190.com.br\/index.php\/wp-json\/wp\/v2\/tags?post=866"}],"curies":[{"name":"wp","href":"https:\/\/api.w.org\/{rel}","templated":true}]}}