{"id":612,"date":"2022-06-22T10:34:42","date_gmt":"2022-06-22T13:34:42","guid":{"rendered":"http:\/\/radar190.com.br\/?p=612"},"modified":"2022-07-11T08:11:19","modified_gmt":"2022-07-11T11:11:19","slug":"preso-hoje-ex-ministro-milton-ribeiro-declarou-em-visita-a-joao-pessoa-ano-passado-que-mec-nao-tinha-nenhum-corrupto","status":"publish","type":"post","link":"https:\/\/radar190.com.br\/index.php\/2022\/06\/22\/preso-hoje-ex-ministro-milton-ribeiro-declarou-em-visita-a-joao-pessoa-ano-passado-que-mec-nao-tinha-nenhum-corrupto\/","title":{"rendered":"POL\u00cdCIA MILITAR RECUPERA MOTOCICLETA FURTADA, NA CIDADE DE SOUSA"},"content":{"rendered":"<div class='booster-block booster-read-block'>\n                <div class=\"twp-read-time\">\n                \t<i class=\"booster-icon twp-clock\"><\/i> <span>Read Time:<\/span>40 Second                <\/div>\n\n            <\/div>\n<p>Policiais militares do 2\u00b0 Pelot\u00e3o da 5\u00b0 CPTran recuperaram mais uma motocicleta com restri\u00e7\u00e3o de furto, na cidade de Sousa-PB. Desta vez, a abordagem decorreu das informa\u00e7\u00f5es de moradores do S\u00edtio Matumbo, que diziam que havia uma motocicleta CG 150 FAN ESI 2011, Placa NPX 9573, abandonada no referido S\u00edtio, localizado nas proximidades do N\u00facleo habitacional, Sousa \/PB.<\/p>\n\n\n\n<p>&nbsp;Minutos depois da abordagem foi confirmada que o ve\u00edculo havia sido furtado por um indiv\u00edduo n\u00e3o identificado, na noite anterior, 09.07.2022, durante a realiza\u00e7\u00e3o de uma vaquejada.&nbsp;<\/p>\n\n\n\n<p>Diante do fato, a guarni\u00e7\u00e3o encaminhou o ve\u00edculo para a Delegacia da Pol\u00edcia Civil para as provid\u00eancias cab\u00edveis.<\/p>\n\n\n\n<figure class=\"wp-block-image size-full\"><img loading=\"lazy\" decoding=\"async\" width=\"480\" height=\"640\" src=\"http:\/\/radar190.com.br\/wp-content\/uploads\/2022\/07\/image-17.png\" alt=\"\" class=\"wp-image-1111\" srcset=\"https:\/\/radar190.com.br\/wp-content\/uploads\/2022\/07\/image-17.png 480w, https:\/\/radar190.com.br\/wp-content\/uploads\/2022\/07\/image-17-225x300.png 225w\" sizes=\"auto, (max-width: 480px) 100vw, 480px\" \/><\/figure>\n\n\n\n<p>Esse \u00e9 o 13\u00b0 ve\u00edculo recuperado pelo efetivo da 5\u00b0 CPTran este ano.&nbsp;<\/p>\n\n\n\n<p>&nbsp;Se\u00e7\u00e3o de Comunica\u00e7\u00e3o Social e Marketing Institucional da 5\u00b0 CPTran<\/p>\n        <div class=\"booster-block booster-reactions-block\">\n            <div class=\"twp-reactions-icons\">\n                \n                <div class=\"twp-reacts-wrap\">\n                    <a react-data=\"be-react-1\" post-id=\"612\" class=\"be-face-icons un-reacted\" href=\"javascript:void(0)\">\n                        <img decoding=\"async\" src=\"https:\/\/radar190.com.br\/wp-content\/plugins\/booster-extension\/\/assets\/icon\/happy.svg\" alt=\"Happy\">\n                    <\/a>\n                    <div class=\"twp-reaction-title\">\n                        Happy                    <\/div>\n                    <div class=\"twp-count-percent\">\n                                                    <span style=\"display: none;\" class=\"twp-react-count\">0<\/span>\n                        \n                                                <span class=\"twp-react-percent\"><span>0<\/span> %<\/span>\n                                            <\/div>\n                <\/div>\n\n                <div class=\"twp-reacts-wrap\">\n                    <a react-data=\"be-react-2\" post-id=\"612\" class=\"be-face-icons un-reacted\" href=\"javascript:void(0)\">\n                        <img decoding=\"async\" src=\"https:\/\/radar190.com.br\/wp-content\/plugins\/booster-extension\/\/assets\/icon\/sad.svg\" alt=\"Sad\">\n                    <\/a>\n                    <div class=\"twp-reaction-title\">\n                        Sad                    <\/div>\n                    <div class=\"twp-count-percent\">\n                                                    <span style=\"display: none;\" class=\"twp-react-count\">0<\/span>\n                                                                        <span class=\"twp-react-percent\"><span>0<\/span> %<\/span>\n                                            <\/div>\n                <\/div>\n\n                <div class=\"twp-reacts-wrap\">\n                    <a react-data=\"be-react-3\" post-id=\"612\" class=\"be-face-icons un-reacted\" href=\"javascript:void(0)\">\n                        <img decoding=\"async\" src=\"https:\/\/radar190.com.br\/wp-content\/plugins\/booster-extension\/\/assets\/icon\/excited.svg\" alt=\"Excited\">\n                    <\/a>\n                    <div class=\"twp-reaction-title\">\n                        Excited                    <\/div>\n                    <div class=\"twp-count-percent\">\n                                                    <span style=\"display: none;\" class=\"twp-react-count\">0<\/span>\n                                                                        <span class=\"twp-react-percent\"><span>0<\/span> %<\/span>\n                                            <\/div>\n                <\/div>\n\n                <div class=\"twp-reacts-wrap\">\n                    <a react-data=\"be-react-6\" post-id=\"612\" class=\"be-face-icons un-reacted\" href=\"javascript:void(0)\">\n                        <img decoding=\"async\" src=\"https:\/\/radar190.com.br\/wp-content\/plugins\/booster-extension\/\/assets\/icon\/sleepy.svg\" alt=\"Sleepy\">\n                    <\/a>\n                    <div class=\"twp-reaction-title\">\n                        Sleepy                    <\/div>\n                    <div class=\"twp-count-percent\">\n                                                    <span style=\"display: none;\" class=\"twp-react-count\">0<\/span>\n                        \n                                                <span class=\"twp-react-percent\"><span>0<\/span> %<\/span>\n                                            <\/div>\n                <\/div>\n\n                <div class=\"twp-reacts-wrap\">\n                    <a react-data=\"be-react-4\" post-id=\"612\" class=\"be-face-icons un-reacted\" href=\"javascript:void(0)\">\n                        <img decoding=\"async\" src=\"https:\/\/radar190.com.br\/wp-content\/plugins\/booster-extension\/\/assets\/icon\/angry.svg\" alt=\"Angry\">\n                    <\/a>\n                    <div class=\"twp-reaction-title\">Angry<\/div>\n                    <div class=\"twp-count-percent\">\n                                                    <span style=\"display: none;\" class=\"twp-react-count\">0<\/span>\n                                                                        <span class=\"twp-react-percent\"><span>0<\/span> %<\/span>\n                        \n                    <\/div>\n                <\/div>\n\n                <div class=\"twp-reacts-wrap\">\n                    <a react-data=\"be-react-5\" post-id=\"612\" class=\"be-face-icons un-reacted\" href=\"javascript:void(0)\">\n                        <img decoding=\"async\" src=\"https:\/\/radar190.com.br\/wp-content\/plugins\/booster-extension\/\/assets\/icon\/surprise.svg\" alt=\"Surprise\">\n                    <\/a>\n                    <div class=\"twp-reaction-title\">Surprise<\/div>\n                    <div class=\"twp-count-percent\">\n                                                    <span style=\"display: none;\" class=\"twp-react-count\">0<\/span>\n                                                                        <span class=\"twp-react-percent\"><span>0<\/span> %<\/span>\n                                            <\/div>\n                <\/div>\n\n            <\/div>\n        <\/div>\n\n    ","protected":false},"excerpt":{"rendered":"<p>Policiais militares do 2\u00b0 Pelot\u00e3o da 5\u00b0 CPTran recuperaram mais uma motocicleta com restri\u00e7\u00e3o de furto, na cidade de Sousa-PB. Desta vez, a abordagem decorreu das informa\u00e7\u00f5es de moradores do S\u00edtio Matumbo, que diziam que havia uma motocicleta CG 150 FAN ESI 2011, Placa NPX 9573, abandonada no referido S\u00edtio, [&hellip;]<\/p>\n","protected":false},"author":1,"featured_media":1113,"comment_status":"open","ping_status":"open","sticky":false,"template":"","format":"standard","meta":{"_mi_skip_tracking":false,"_ti_tpc_template_sync":false,"_ti_tpc_template_id":"","_joinchat":[],"footnotes":""},"categories":[5,14,13,1,9,18,12,8],"tags":[],"class_list":["post-612","post","type-post","status-publish","format-standard","has-post-thumbnail","hentry","category-brasil","category-cidades","category-cultural","category-uncategorized","category-esporte","category-mundo-brasil","category-paraiba","category-policial"],"_links":{"self":[{"href":"https:\/\/radar190.com.br\/index.php\/wp-json\/wp\/v2\/posts\/612","targetHints":{"allow":["GET"]}}],"collection":[{"href":"https:\/\/radar190.com.br\/index.php\/wp-json\/wp\/v2\/posts"}],"about":[{"href":"https:\/\/radar190.com.br\/index.php\/wp-json\/wp\/v2\/types\/post"}],"author":[{"embeddable":true,"href":"https:\/\/radar190.com.br\/index.php\/wp-json\/wp\/v2\/users\/1"}],"replies":[{"embeddable":true,"href":"https:\/\/radar190.com.br\/index.php\/wp-json\/wp\/v2\/comments?post=612"}],"version-history":[{"count":3,"href":"https:\/\/radar190.com.br\/index.php\/wp-json\/wp\/v2\/posts\/612\/revisions"}],"predecessor-version":[{"id":1112,"href":"https:\/\/radar190.com.br\/index.php\/wp-json\/wp\/v2\/posts\/612\/revisions\/1112"}],"wp:featuredmedia":[{"embeddable":true,"href":"https:\/\/radar190.com.br\/index.php\/wp-json\/wp\/v2\/media\/1113"}],"wp:attachment":[{"href":"https:\/\/radar190.com.br\/index.php\/wp-json\/wp\/v2\/media?parent=612"}],"wp:term":[{"taxonomy":"category","embeddable":true,"href":"https:\/\/radar190.com.br\/index.php\/wp-json\/wp\/v2\/categories?post=612"},{"taxonomy":"post_tag","embeddable":true,"href":"https:\/\/radar190.com.br\/index.php\/wp-json\/wp\/v2\/tags?post=612"}],"curies":[{"name":"wp","href":"https:\/\/api.w.org\/{rel}","templated":true}]}}