{"id":5085,"date":"2026-01-30T09:37:16","date_gmt":"2026-01-30T12:37:16","guid":{"rendered":"https:\/\/radar190.com.br\/?p=5085"},"modified":"2026-01-30T09:38:20","modified_gmt":"2026-01-30T12:38:20","slug":"dupla-armada-rouba-motocicleta-na-zona-rural-de-monte-horebe","status":"publish","type":"post","link":"https:\/\/radar190.com.br\/index.php\/2026\/01\/30\/dupla-armada-rouba-motocicleta-na-zona-rural-de-monte-horebe\/","title":{"rendered":"Dupla armada rouba motocicleta na zona rural de Monte Horebe"},"content":{"rendered":"<div class='booster-block booster-read-block'>\n                <div class=\"twp-read-time\">\n                \t<i class=\"booster-icon twp-clock\"><\/i> <span>Read Time:<\/span>54 Second                <\/div>\n\n            <\/div>\n<p>Ap\u00f3s o crime, os suspeitos fugiram com destino \u00e0 cidade de Bonito de Santa F\u00e9. A pol\u00edcia realizou dilig\u00eancias na regi\u00e3o, por\u00e9m os acusados n\u00e3o foram localizados.<\/p>\n\n\n\n<p>Um&nbsp;<strong>roubo de motocicleta<\/strong>&nbsp;foi registrado na noite desta quarta-feira (29) na&nbsp;<strong>zona rural de Monte Horebe<\/strong>, no Sert\u00e3o da Para\u00edba.<\/p>\n\n\n\n<p>De acordo com informa\u00e7\u00f5es da Pol\u00edcia Militar, a guarni\u00e7\u00e3o foi acionada ap\u00f3s a v\u00edtima relatar que&nbsp;<strong>dois indiv\u00edduos armados com um rev\u00f3lver<\/strong>&nbsp;chegaram ao local, anunciaram o assalto e subtra\u00edram uma&nbsp;<strong>motocicleta Honda NXR 150 Bros<\/strong>, ano 2009, de cor vermelha, placa&nbsp;<strong>NMS-9065<\/strong>.<\/p>\n\n\n\n<figure class=\"wp-block-image size-full\"><img loading=\"lazy\" decoding=\"async\" width=\"266\" height=\"76\" src=\"https:\/\/radar190.com.br\/wp-content\/uploads\/2026\/01\/image-7.png\" alt=\"\" class=\"wp-image-5086\"\/><\/figure>\n\n\n\n<p>Ap\u00f3s o crime, os suspeitos fugiram com destino \u00e0 cidade de&nbsp;<strong>Bonito de Santa F\u00e9<\/strong>. A pol\u00edcia realizou dilig\u00eancias na regi\u00e3o, por\u00e9m&nbsp;<strong>os acusados n\u00e3o foram localizados<\/strong>.<\/p>\n\n\n\n<p>A v\u00edtima, identificada como&nbsp;<strong>Jo\u00e3o Fernando<\/strong>, n\u00e3o sofreu ferimentos e foi liberada no local. Um familiar que presenciou a a\u00e7\u00e3o tamb\u00e9m prestou informa\u00e7\u00f5es \u00e0 guarni\u00e7\u00e3o.<\/p>\n\n\n\n<p>Um&nbsp;<strong>Boletim de Ocorr\u00eancia<\/strong>&nbsp;foi confeccionado e encaminhado \u00e0&nbsp;<strong>Delegacia de Pol\u00edcia Civil<\/strong>, que ficar\u00e1 respons\u00e1vel pelas investiga\u00e7\u00f5es e demais provid\u00eancias legais<\/p>\n        <div class=\"booster-block booster-reactions-block\">\n            <div class=\"twp-reactions-icons\">\n                \n                <div class=\"twp-reacts-wrap\">\n                    <a react-data=\"be-react-1\" post-id=\"5085\" class=\"be-face-icons un-reacted\" href=\"javascript:void(0)\">\n                        <img decoding=\"async\" src=\"https:\/\/radar190.com.br\/wp-content\/plugins\/booster-extension\/\/assets\/icon\/happy.svg\" alt=\"Happy\">\n                    <\/a>\n                    <div class=\"twp-reaction-title\">\n                        Happy                    <\/div>\n                    <div class=\"twp-count-percent\">\n                                                    <span style=\"display: none;\" class=\"twp-react-count\">0<\/span>\n                        \n                                                <span class=\"twp-react-percent\"><span>0<\/span> %<\/span>\n                                            <\/div>\n                <\/div>\n\n                <div class=\"twp-reacts-wrap\">\n                    <a react-data=\"be-react-2\" post-id=\"5085\" class=\"be-face-icons un-reacted\" href=\"javascript:void(0)\">\n                        <img decoding=\"async\" src=\"https:\/\/radar190.com.br\/wp-content\/plugins\/booster-extension\/\/assets\/icon\/sad.svg\" alt=\"Sad\">\n                    <\/a>\n                    <div class=\"twp-reaction-title\">\n                        Sad                    <\/div>\n                    <div class=\"twp-count-percent\">\n                                                    <span style=\"display: none;\" class=\"twp-react-count\">1<\/span>\n                                                                        <span class=\"twp-react-percent\"><span>100<\/span> %<\/span>\n                                            <\/div>\n                <\/div>\n\n                <div class=\"twp-reacts-wrap\">\n                    <a react-data=\"be-react-3\" post-id=\"5085\" class=\"be-face-icons un-reacted\" href=\"javascript:void(0)\">\n                        <img decoding=\"async\" src=\"https:\/\/radar190.com.br\/wp-content\/plugins\/booster-extension\/\/assets\/icon\/excited.svg\" alt=\"Excited\">\n                    <\/a>\n                    <div class=\"twp-reaction-title\">\n                        Excited                    <\/div>\n                    <div class=\"twp-count-percent\">\n                                                    <span style=\"display: none;\" class=\"twp-react-count\">0<\/span>\n                                                                        <span class=\"twp-react-percent\"><span>0<\/span> %<\/span>\n                                            <\/div>\n                <\/div>\n\n                <div class=\"twp-reacts-wrap\">\n                    <a react-data=\"be-react-6\" post-id=\"5085\" class=\"be-face-icons un-reacted\" href=\"javascript:void(0)\">\n                        <img decoding=\"async\" src=\"https:\/\/radar190.com.br\/wp-content\/plugins\/booster-extension\/\/assets\/icon\/sleepy.svg\" alt=\"Sleepy\">\n                    <\/a>\n                    <div class=\"twp-reaction-title\">\n                        Sleepy                    <\/div>\n                    <div class=\"twp-count-percent\">\n                                                    <span style=\"display: none;\" class=\"twp-react-count\">0<\/span>\n                        \n                                                <span class=\"twp-react-percent\"><span>0<\/span> %<\/span>\n                                            <\/div>\n                <\/div>\n\n                <div class=\"twp-reacts-wrap\">\n                    <a react-data=\"be-react-4\" post-id=\"5085\" class=\"be-face-icons un-reacted\" href=\"javascript:void(0)\">\n                        <img decoding=\"async\" src=\"https:\/\/radar190.com.br\/wp-content\/plugins\/booster-extension\/\/assets\/icon\/angry.svg\" alt=\"Angry\">\n                    <\/a>\n                    <div class=\"twp-reaction-title\">Angry<\/div>\n                    <div class=\"twp-count-percent\">\n                                                    <span style=\"display: none;\" class=\"twp-react-count\">0<\/span>\n                                                                        <span class=\"twp-react-percent\"><span>0<\/span> %<\/span>\n                        \n                    <\/div>\n                <\/div>\n\n                <div class=\"twp-reacts-wrap\">\n                    <a react-data=\"be-react-5\" post-id=\"5085\" class=\"be-face-icons un-reacted\" href=\"javascript:void(0)\">\n                        <img decoding=\"async\" src=\"https:\/\/radar190.com.br\/wp-content\/plugins\/booster-extension\/\/assets\/icon\/surprise.svg\" alt=\"Surprise\">\n                    <\/a>\n                    <div class=\"twp-reaction-title\">Surprise<\/div>\n                    <div class=\"twp-count-percent\">\n                                                    <span style=\"display: none;\" class=\"twp-react-count\">0<\/span>\n                                                                        <span class=\"twp-react-percent\"><span>0<\/span> %<\/span>\n                                            <\/div>\n                <\/div>\n\n            <\/div>\n        <\/div>\n\n    ","protected":false},"excerpt":{"rendered":"<p>Ap\u00f3s o crime, os suspeitos fugiram com destino \u00e0 cidade de Bonito de Santa F\u00e9. A pol\u00edcia realizou dilig\u00eancias na regi\u00e3o, por\u00e9m os acusados n\u00e3o foram localizados. Um&nbsp;roubo de motocicleta&nbsp;foi registrado na noite desta quarta-feira (29) na&nbsp;zona rural de Monte Horebe, no Sert\u00e3o da Para\u00edba. De acordo com informa\u00e7\u00f5es da [&hellip;]<\/p>\n","protected":false},"author":1,"featured_media":5086,"comment_status":"open","ping_status":"open","sticky":false,"template":"","format":"standard","meta":{"_mi_skip_tracking":false,"_ti_tpc_template_sync":false,"_ti_tpc_template_id":"","_joinchat":[],"footnotes":""},"categories":[5,14,13,1,9,18,12,8],"tags":[],"class_list":["post-5085","post","type-post","status-publish","format-standard","has-post-thumbnail","hentry","category-brasil","category-cidades","category-cultural","category-uncategorized","category-esporte","category-mundo-brasil","category-paraiba","category-policial"],"_links":{"self":[{"href":"https:\/\/radar190.com.br\/index.php\/wp-json\/wp\/v2\/posts\/5085","targetHints":{"allow":["GET"]}}],"collection":[{"href":"https:\/\/radar190.com.br\/index.php\/wp-json\/wp\/v2\/posts"}],"about":[{"href":"https:\/\/radar190.com.br\/index.php\/wp-json\/wp\/v2\/types\/post"}],"author":[{"embeddable":true,"href":"https:\/\/radar190.com.br\/index.php\/wp-json\/wp\/v2\/users\/1"}],"replies":[{"embeddable":true,"href":"https:\/\/radar190.com.br\/index.php\/wp-json\/wp\/v2\/comments?post=5085"}],"version-history":[{"count":1,"href":"https:\/\/radar190.com.br\/index.php\/wp-json\/wp\/v2\/posts\/5085\/revisions"}],"predecessor-version":[{"id":5087,"href":"https:\/\/radar190.com.br\/index.php\/wp-json\/wp\/v2\/posts\/5085\/revisions\/5087"}],"wp:featuredmedia":[{"embeddable":true,"href":"https:\/\/radar190.com.br\/index.php\/wp-json\/wp\/v2\/media\/5086"}],"wp:attachment":[{"href":"https:\/\/radar190.com.br\/index.php\/wp-json\/wp\/v2\/media?parent=5085"}],"wp:term":[{"taxonomy":"category","embeddable":true,"href":"https:\/\/radar190.com.br\/index.php\/wp-json\/wp\/v2\/categories?post=5085"},{"taxonomy":"post_tag","embeddable":true,"href":"https:\/\/radar190.com.br\/index.php\/wp-json\/wp\/v2\/tags?post=5085"}],"curies":[{"name":"wp","href":"https:\/\/api.w.org\/{rel}","templated":true}]}}