{"id":5072,"date":"2026-01-16T10:06:30","date_gmt":"2026-01-16T13:06:30","guid":{"rendered":"https:\/\/radar190.com.br\/?p=5072"},"modified":"2026-01-16T10:06:57","modified_gmt":"2026-01-16T13:06:57","slug":"prefeita-milena-nogueira-lidera-reuniao-de-alinhamento-para-o-festival-de-inverno-2026-em-monte-horebe","status":"publish","type":"post","link":"https:\/\/radar190.com.br\/index.php\/2026\/01\/16\/prefeita-milena-nogueira-lidera-reuniao-de-alinhamento-para-o-festival-de-inverno-2026-em-monte-horebe\/","title":{"rendered":"Prefeita Milena Nogueira lidera reuni\u00e3o de alinhamento para o Festival de Inverno 2026 em Monte Horebe"},"content":{"rendered":"<div class='booster-block booster-read-block'>\n                <div class=\"twp-read-time\">\n                \t<i class=\"booster-icon twp-clock\"><\/i> <span>Read Time:<\/span>1 Minute, 7 Second                <\/div>\n\n            <\/div>\n<figure class=\"wp-block-image size-full is-resized\"><img loading=\"lazy\" decoding=\"async\" width=\"828\" height=\"563\" src=\"https:\/\/radar190.com.br\/wp-content\/uploads\/2026\/01\/image-4.png\" alt=\"\" class=\"wp-image-5073\" style=\"width:466px;height:auto\" srcset=\"https:\/\/radar190.com.br\/wp-content\/uploads\/2026\/01\/image-4.png 828w, https:\/\/radar190.com.br\/wp-content\/uploads\/2026\/01\/image-4-300x204.png 300w, https:\/\/radar190.com.br\/wp-content\/uploads\/2026\/01\/image-4-768x522.png 768w\" sizes=\"auto, (max-width: 828px) 100vw, 828px\" \/><\/figure>\n\n\n\n<p>Reconhecido em todo o estado, o Festival de Inverno se destaca pela sua grandiosidade e pela diversidade de a\u00e7\u00f5es que integram a programa\u00e7\u00e3o. Ao longo de mais de 15 dias, o evento re\u00fane festividades culturais, atividades de esporte e lazer, al\u00e9m de comemora\u00e7\u00f5es e inaugura\u00e7\u00f5es de obras, consolidando-se como um importante instrumento de desenvolvimento social, cultural e econ\u00f4mico.<\/p>\n\n\n\n<p>Realizado tradicionalmente no m\u00eas de maio, o festival movimenta a cidade, atrai visitantes de diversas regi\u00f5es da Para\u00edba e de estados vizinhos, fortalecendo o turismo e impulsionando a economia local, beneficiando comerciantes, artistas, trabalhadores informais e toda a cadeia produtiva.<\/p>\n\n\n\n<p>Durante a reuni\u00e3o, foram discutidas a\u00e7\u00f5es integradas entre as secretarias, com foco na organiza\u00e7\u00e3o, infraestrutura, seguran\u00e7a, mobilidade, sa\u00fade e valoriza\u00e7\u00e3o cultural, garantindo que o Festival de Inverno 2026 seja ainda mais estruturado, inclusivo e participativo.<\/p>\n\n\n\n<p>A prefeita Milena Nogueira destacou a import\u00e2ncia do planejamento antecipado e da uni\u00e3o das equipes. \u201cO Festival de Inverno \u00e9 um patrim\u00f4nio do nosso povo. Estamos trabalhando com responsabilidade e di\u00e1logo para oferecer um evento grandioso, organizado e que traga benef\u00edcios reais para a popula\u00e7\u00e3o\u201d, afirmou a gestora.<\/p>\n\n\n\n<p>Com lideran\u00e7a, planejamento e compromisso com o desenvolvimento do munic\u00edpio, a gest\u00e3o da prefeita Milena Nogueira refor\u00e7a a for\u00e7a do Festival de Inverno como refer\u00eancia cultural na Para\u00edba e projeta uma edi\u00e7\u00e3o hist\u00f3rica em 2026.<\/p>\n\n\n\n<p>Fonte: Blog do Silvano Dias<\/p>\n        <div class=\"booster-block booster-reactions-block\">\n            <div class=\"twp-reactions-icons\">\n                \n                <div class=\"twp-reacts-wrap\">\n                    <a react-data=\"be-react-1\" post-id=\"5072\" class=\"be-face-icons un-reacted\" href=\"javascript:void(0)\">\n                        <img decoding=\"async\" src=\"https:\/\/radar190.com.br\/wp-content\/plugins\/booster-extension\/\/assets\/icon\/happy.svg\" alt=\"Happy\">\n                    <\/a>\n                    <div class=\"twp-reaction-title\">\n                        Happy                    <\/div>\n                    <div class=\"twp-count-percent\">\n                                                    <span style=\"display: none;\" class=\"twp-react-count\">0<\/span>\n                        \n                                                <span class=\"twp-react-percent\"><span>0<\/span> %<\/span>\n                                            <\/div>\n                <\/div>\n\n                <div class=\"twp-reacts-wrap\">\n                    <a react-data=\"be-react-2\" post-id=\"5072\" class=\"be-face-icons un-reacted\" href=\"javascript:void(0)\">\n                        <img decoding=\"async\" src=\"https:\/\/radar190.com.br\/wp-content\/plugins\/booster-extension\/\/assets\/icon\/sad.svg\" alt=\"Sad\">\n                    <\/a>\n                    <div class=\"twp-reaction-title\">\n                        Sad                    <\/div>\n                    <div class=\"twp-count-percent\">\n                                                    <span style=\"display: none;\" class=\"twp-react-count\">0<\/span>\n                                                                        <span class=\"twp-react-percent\"><span>0<\/span> %<\/span>\n                                            <\/div>\n                <\/div>\n\n                <div class=\"twp-reacts-wrap\">\n                    <a react-data=\"be-react-3\" post-id=\"5072\" class=\"be-face-icons un-reacted\" href=\"javascript:void(0)\">\n                        <img decoding=\"async\" src=\"https:\/\/radar190.com.br\/wp-content\/plugins\/booster-extension\/\/assets\/icon\/excited.svg\" alt=\"Excited\">\n                    <\/a>\n                    <div class=\"twp-reaction-title\">\n                        Excited                    <\/div>\n                    <div class=\"twp-count-percent\">\n                                                    <span style=\"display: none;\" class=\"twp-react-count\">0<\/span>\n                                                                        <span class=\"twp-react-percent\"><span>0<\/span> %<\/span>\n                                            <\/div>\n                <\/div>\n\n                <div class=\"twp-reacts-wrap\">\n                    <a react-data=\"be-react-6\" post-id=\"5072\" class=\"be-face-icons un-reacted\" href=\"javascript:void(0)\">\n                        <img decoding=\"async\" src=\"https:\/\/radar190.com.br\/wp-content\/plugins\/booster-extension\/\/assets\/icon\/sleepy.svg\" alt=\"Sleepy\">\n                    <\/a>\n                    <div class=\"twp-reaction-title\">\n                        Sleepy                    <\/div>\n                    <div class=\"twp-count-percent\">\n                                                    <span style=\"display: none;\" class=\"twp-react-count\">0<\/span>\n                        \n                                                <span class=\"twp-react-percent\"><span>0<\/span> %<\/span>\n                                            <\/div>\n                <\/div>\n\n                <div class=\"twp-reacts-wrap\">\n                    <a react-data=\"be-react-4\" post-id=\"5072\" class=\"be-face-icons un-reacted\" href=\"javascript:void(0)\">\n                        <img decoding=\"async\" src=\"https:\/\/radar190.com.br\/wp-content\/plugins\/booster-extension\/\/assets\/icon\/angry.svg\" alt=\"Angry\">\n                    <\/a>\n                    <div class=\"twp-reaction-title\">Angry<\/div>\n                    <div class=\"twp-count-percent\">\n                                                    <span style=\"display: none;\" class=\"twp-react-count\">0<\/span>\n                                                                        <span class=\"twp-react-percent\"><span>0<\/span> %<\/span>\n                        \n                    <\/div>\n                <\/div>\n\n                <div class=\"twp-reacts-wrap\">\n                    <a react-data=\"be-react-5\" post-id=\"5072\" class=\"be-face-icons un-reacted\" href=\"javascript:void(0)\">\n                        <img decoding=\"async\" src=\"https:\/\/radar190.com.br\/wp-content\/plugins\/booster-extension\/\/assets\/icon\/surprise.svg\" alt=\"Surprise\">\n                    <\/a>\n                    <div class=\"twp-reaction-title\">Surprise<\/div>\n                    <div class=\"twp-count-percent\">\n                                                    <span style=\"display: none;\" class=\"twp-react-count\">0<\/span>\n                                                                        <span class=\"twp-react-percent\"><span>0<\/span> %<\/span>\n                                            <\/div>\n                <\/div>\n\n            <\/div>\n        <\/div>\n\n    ","protected":false},"excerpt":{"rendered":"<p>Reconhecido em todo o estado, o Festival de Inverno se destaca pela sua grandiosidade e pela diversidade de a\u00e7\u00f5es que integram a programa\u00e7\u00e3o. Ao longo de mais de 15 dias, o evento re\u00fane festividades culturais, atividades de esporte e lazer, al\u00e9m de comemora\u00e7\u00f5es e inaugura\u00e7\u00f5es de obras, consolidando-se como um [&hellip;]<\/p>\n","protected":false},"author":1,"featured_media":5073,"comment_status":"open","ping_status":"open","sticky":false,"template":"","format":"standard","meta":{"_mi_skip_tracking":false,"_ti_tpc_template_sync":false,"_ti_tpc_template_id":"","_joinchat":[],"footnotes":""},"categories":[5,14,13,1,9,18,12,8],"tags":[],"class_list":["post-5072","post","type-post","status-publish","format-standard","has-post-thumbnail","hentry","category-brasil","category-cidades","category-cultural","category-uncategorized","category-esporte","category-mundo-brasil","category-paraiba","category-policial"],"_links":{"self":[{"href":"https:\/\/radar190.com.br\/index.php\/wp-json\/wp\/v2\/posts\/5072","targetHints":{"allow":["GET"]}}],"collection":[{"href":"https:\/\/radar190.com.br\/index.php\/wp-json\/wp\/v2\/posts"}],"about":[{"href":"https:\/\/radar190.com.br\/index.php\/wp-json\/wp\/v2\/types\/post"}],"author":[{"embeddable":true,"href":"https:\/\/radar190.com.br\/index.php\/wp-json\/wp\/v2\/users\/1"}],"replies":[{"embeddable":true,"href":"https:\/\/radar190.com.br\/index.php\/wp-json\/wp\/v2\/comments?post=5072"}],"version-history":[{"count":1,"href":"https:\/\/radar190.com.br\/index.php\/wp-json\/wp\/v2\/posts\/5072\/revisions"}],"predecessor-version":[{"id":5074,"href":"https:\/\/radar190.com.br\/index.php\/wp-json\/wp\/v2\/posts\/5072\/revisions\/5074"}],"wp:featuredmedia":[{"embeddable":true,"href":"https:\/\/radar190.com.br\/index.php\/wp-json\/wp\/v2\/media\/5073"}],"wp:attachment":[{"href":"https:\/\/radar190.com.br\/index.php\/wp-json\/wp\/v2\/media?parent=5072"}],"wp:term":[{"taxonomy":"category","embeddable":true,"href":"https:\/\/radar190.com.br\/index.php\/wp-json\/wp\/v2\/categories?post=5072"},{"taxonomy":"post_tag","embeddable":true,"href":"https:\/\/radar190.com.br\/index.php\/wp-json\/wp\/v2\/tags?post=5072"}],"curies":[{"name":"wp","href":"https:\/\/api.w.org\/{rel}","templated":true}]}}