{"id":5009,"date":"2025-12-26T08:10:09","date_gmt":"2025-12-26T11:10:09","guid":{"rendered":"https:\/\/radar190.com.br\/?p=5009"},"modified":"2025-12-26T08:11:59","modified_gmt":"2025-12-26T11:11:59","slug":"feliz-2026-prefeitura-de-monte-horebe-inicia-cortes-de-terras-na-zona-rural-para-fortalecer-a-agricultura-familiar","status":"publish","type":"post","link":"https:\/\/radar190.com.br\/index.php\/2025\/12\/26\/feliz-2026-prefeitura-de-monte-horebe-inicia-cortes-de-terras-na-zona-rural-para-fortalecer-a-agricultura-familiar\/","title":{"rendered":"FELIZ 2026-Prefeitura de Monte Horebe inicia cortes de terras na zona rural para fortalecer a agricultura familiar."},"content":{"rendered":"<div class='booster-block booster-read-block'>\n                <div class=\"twp-read-time\">\n                \t<i class=\"booster-icon twp-clock\"><\/i> <span>Read Time:<\/span>46 Second                <\/div>\n\n            <\/div>\n<figure class=\"wp-block-image size-full\"><img loading=\"lazy\" decoding=\"async\" width=\"304\" height=\"421\" src=\"https:\/\/radar190.com.br\/wp-content\/uploads\/2025\/12\/image-12.png\" alt=\"\" class=\"wp-image-5010\" srcset=\"https:\/\/radar190.com.br\/wp-content\/uploads\/2025\/12\/image-12.png 304w, https:\/\/radar190.com.br\/wp-content\/uploads\/2025\/12\/image-12-217x300.png 217w\" sizes=\"auto, (max-width: 304px) 100vw, 304px\" \/><\/figure>\n\n\n\n<p>A Prefeitura de Monte Horebe, por meio da Secretaria de Agricultura, J\u00e1 deu in\u00edcio aos cortes de terras na zona rural nesta ter\u00e7a-feira (24), beneficiando agricultores do S\u00edtio Po\u00e7o Cavalo e Regi\u00e3o.<\/p>\n\n\n\n<p>A iniciativa marca o come\u00e7o de um ano promissor para o homem do campo, refor\u00e7ando o compromisso da gest\u00e3o municipal com o fortalecimento da agricultura familiar.<\/p>\n\n\n\n<p>O programa de cortes de terras tem como objetivo preparar o solo para o plantio, garantindo condi\u00e7\u00f5es ideais para a produ\u00e7\u00e3o agr\u00edcola.<\/p>\n\n\n\n<p>Com o in\u00edcio pelo O Po\u00e7o Cavalo, o cronograma seguir\u00e1 atendendo outras localidades nas pr\u00f3ximas semanas, garantindo que os agricultores de todas as regi\u00f5es do munic\u00edpio tenham acesso ao servi\u00e7o.<\/p>\n\n\n\n<p>A Prefeitura de Monte Horebe segue trabalhando para promover o desenvolvimento sustent\u00e1vel e a valoriza\u00e7\u00e3o do homem do campo, que \u00e9 essencial para a economia e a cultura do munic\u00edpio.<\/p>\n\n\n\n<p>&nbsp;\u201c\u201c A VOZ DO MUNIC\u00cdPIO JUNIOR DE DUD\u00c9 E JOS\u00c9 ALONSO \u201c\u201d<\/p>\n        <div class=\"booster-block booster-reactions-block\">\n            <div class=\"twp-reactions-icons\">\n                \n                <div class=\"twp-reacts-wrap\">\n                    <a react-data=\"be-react-1\" post-id=\"5009\" class=\"be-face-icons un-reacted\" href=\"javascript:void(0)\">\n                        <img decoding=\"async\" src=\"https:\/\/radar190.com.br\/wp-content\/plugins\/booster-extension\/\/assets\/icon\/happy.svg\" alt=\"Happy\">\n                    <\/a>\n                    <div class=\"twp-reaction-title\">\n                        Happy                    <\/div>\n                    <div class=\"twp-count-percent\">\n                                                    <span style=\"display: none;\" class=\"twp-react-count\">0<\/span>\n                        \n                                                <span class=\"twp-react-percent\"><span>0<\/span> %<\/span>\n                                            <\/div>\n                <\/div>\n\n                <div class=\"twp-reacts-wrap\">\n                    <a react-data=\"be-react-2\" post-id=\"5009\" class=\"be-face-icons un-reacted\" href=\"javascript:void(0)\">\n                        <img decoding=\"async\" src=\"https:\/\/radar190.com.br\/wp-content\/plugins\/booster-extension\/\/assets\/icon\/sad.svg\" alt=\"Sad\">\n                    <\/a>\n                    <div class=\"twp-reaction-title\">\n                        Sad                    <\/div>\n                    <div class=\"twp-count-percent\">\n                                                    <span style=\"display: none;\" class=\"twp-react-count\">0<\/span>\n                                                                        <span class=\"twp-react-percent\"><span>0<\/span> %<\/span>\n                                            <\/div>\n                <\/div>\n\n                <div class=\"twp-reacts-wrap\">\n                    <a react-data=\"be-react-3\" post-id=\"5009\" class=\"be-face-icons un-reacted\" href=\"javascript:void(0)\">\n                        <img decoding=\"async\" src=\"https:\/\/radar190.com.br\/wp-content\/plugins\/booster-extension\/\/assets\/icon\/excited.svg\" alt=\"Excited\">\n                    <\/a>\n                    <div class=\"twp-reaction-title\">\n                        Excited                    <\/div>\n                    <div class=\"twp-count-percent\">\n                                                    <span style=\"display: none;\" class=\"twp-react-count\">0<\/span>\n                                                                        <span class=\"twp-react-percent\"><span>0<\/span> %<\/span>\n                                            <\/div>\n                <\/div>\n\n                <div class=\"twp-reacts-wrap\">\n                    <a react-data=\"be-react-6\" post-id=\"5009\" class=\"be-face-icons un-reacted\" href=\"javascript:void(0)\">\n                        <img decoding=\"async\" src=\"https:\/\/radar190.com.br\/wp-content\/plugins\/booster-extension\/\/assets\/icon\/sleepy.svg\" alt=\"Sleepy\">\n                    <\/a>\n                    <div class=\"twp-reaction-title\">\n                        Sleepy                    <\/div>\n                    <div class=\"twp-count-percent\">\n                                                    <span style=\"display: none;\" class=\"twp-react-count\">0<\/span>\n                        \n                                                <span class=\"twp-react-percent\"><span>0<\/span> %<\/span>\n                                            <\/div>\n                <\/div>\n\n                <div class=\"twp-reacts-wrap\">\n                    <a react-data=\"be-react-4\" post-id=\"5009\" class=\"be-face-icons un-reacted\" href=\"javascript:void(0)\">\n                        <img decoding=\"async\" src=\"https:\/\/radar190.com.br\/wp-content\/plugins\/booster-extension\/\/assets\/icon\/angry.svg\" alt=\"Angry\">\n                    <\/a>\n                    <div class=\"twp-reaction-title\">Angry<\/div>\n                    <div class=\"twp-count-percent\">\n                                                    <span style=\"display: none;\" class=\"twp-react-count\">0<\/span>\n                                                                        <span class=\"twp-react-percent\"><span>0<\/span> %<\/span>\n                        \n                    <\/div>\n                <\/div>\n\n                <div class=\"twp-reacts-wrap\">\n                    <a react-data=\"be-react-5\" post-id=\"5009\" class=\"be-face-icons un-reacted\" href=\"javascript:void(0)\">\n                        <img decoding=\"async\" src=\"https:\/\/radar190.com.br\/wp-content\/plugins\/booster-extension\/\/assets\/icon\/surprise.svg\" alt=\"Surprise\">\n                    <\/a>\n                    <div class=\"twp-reaction-title\">Surprise<\/div>\n                    <div class=\"twp-count-percent\">\n                                                    <span style=\"display: none;\" class=\"twp-react-count\">0<\/span>\n                                                                        <span class=\"twp-react-percent\"><span>0<\/span> %<\/span>\n                                            <\/div>\n                <\/div>\n\n            <\/div>\n        <\/div>\n\n    ","protected":false},"excerpt":{"rendered":"<p>A Prefeitura de Monte Horebe, por meio da Secretaria de Agricultura, J\u00e1 deu in\u00edcio aos cortes de terras na zona rural nesta ter\u00e7a-feira (24), beneficiando agricultores do S\u00edtio Po\u00e7o Cavalo e Regi\u00e3o. A iniciativa marca o come\u00e7o de um ano promissor para o homem do campo, refor\u00e7ando o compromisso da [&hellip;]<\/p>\n","protected":false},"author":1,"featured_media":5010,"comment_status":"open","ping_status":"open","sticky":false,"template":"","format":"standard","meta":{"_mi_skip_tracking":false,"_ti_tpc_template_sync":false,"_ti_tpc_template_id":"","_joinchat":[],"footnotes":""},"categories":[5,14,13,1,9,18,12,8],"tags":[],"class_list":["post-5009","post","type-post","status-publish","format-standard","has-post-thumbnail","hentry","category-brasil","category-cidades","category-cultural","category-uncategorized","category-esporte","category-mundo-brasil","category-paraiba","category-policial"],"_links":{"self":[{"href":"https:\/\/radar190.com.br\/index.php\/wp-json\/wp\/v2\/posts\/5009","targetHints":{"allow":["GET"]}}],"collection":[{"href":"https:\/\/radar190.com.br\/index.php\/wp-json\/wp\/v2\/posts"}],"about":[{"href":"https:\/\/radar190.com.br\/index.php\/wp-json\/wp\/v2\/types\/post"}],"author":[{"embeddable":true,"href":"https:\/\/radar190.com.br\/index.php\/wp-json\/wp\/v2\/users\/1"}],"replies":[{"embeddable":true,"href":"https:\/\/radar190.com.br\/index.php\/wp-json\/wp\/v2\/comments?post=5009"}],"version-history":[{"count":1,"href":"https:\/\/radar190.com.br\/index.php\/wp-json\/wp\/v2\/posts\/5009\/revisions"}],"predecessor-version":[{"id":5011,"href":"https:\/\/radar190.com.br\/index.php\/wp-json\/wp\/v2\/posts\/5009\/revisions\/5011"}],"wp:featuredmedia":[{"embeddable":true,"href":"https:\/\/radar190.com.br\/index.php\/wp-json\/wp\/v2\/media\/5010"}],"wp:attachment":[{"href":"https:\/\/radar190.com.br\/index.php\/wp-json\/wp\/v2\/media?parent=5009"}],"wp:term":[{"taxonomy":"category","embeddable":true,"href":"https:\/\/radar190.com.br\/index.php\/wp-json\/wp\/v2\/categories?post=5009"},{"taxonomy":"post_tag","embeddable":true,"href":"https:\/\/radar190.com.br\/index.php\/wp-json\/wp\/v2\/tags?post=5009"}],"curies":[{"name":"wp","href":"https:\/\/api.w.org\/{rel}","templated":true}]}}