{"id":4955,"date":"2025-12-12T10:22:43","date_gmt":"2025-12-12T13:22:43","guid":{"rendered":"https:\/\/radar190.com.br\/?p=4955"},"modified":"2025-12-12T10:24:32","modified_gmt":"2025-12-12T13:24:32","slug":"hospital-de-patos-confirma-alta-medica-de-todos-os-custodiados-apos-principio-de-rebeliao-no-presidio-romero-nobrega","status":"publish","type":"post","link":"https:\/\/radar190.com.br\/index.php\/2025\/12\/12\/hospital-de-patos-confirma-alta-medica-de-todos-os-custodiados-apos-principio-de-rebeliao-no-presidio-romero-nobrega\/","title":{"rendered":"Hospital de Patos confirma alta m\u00e9dica de todos os custodiados ap\u00f3s princ\u00edpio de rebeli\u00e3o no Pres\u00eddio Romero N\u00f3brega"},"content":{"rendered":"<div class='booster-block booster-read-block'>\n                <div class=\"twp-read-time\">\n                \t<i class=\"booster-icon twp-clock\"><\/i> <span>Read Time:<\/span>1 Minute, 39 Second                <\/div>\n\n            <\/div>\n<figure class=\"wp-block-image size-full is-resized\"><img loading=\"lazy\" decoding=\"async\" width=\"1000\" height=\"747\" src=\"https:\/\/radar190.com.br\/wp-content\/uploads\/2025\/12\/image-1.png\" alt=\"\" class=\"wp-image-4956\" style=\"aspect-ratio:1.3387120872553413;width:473px;height:auto\" srcset=\"https:\/\/radar190.com.br\/wp-content\/uploads\/2025\/12\/image-1.png 1000w, https:\/\/radar190.com.br\/wp-content\/uploads\/2025\/12\/image-1-300x224.png 300w, https:\/\/radar190.com.br\/wp-content\/uploads\/2025\/12\/image-1-768x574.png 768w\" sizes=\"auto, (max-width: 1000px) 100vw, 1000px\" \/><\/figure>\n\n\n\n<p>odos os feridos j\u00e1 receberam alta e retornaram \u00e0 unidade prisional; nenhum caso grave foi registrado<\/p>\n\n\n\n<p>O Complexo Hospitalar Regional Deputado Janduhy Carneiro, em Patos, divulgou na tarde desta quarta-feira (10) um novo boletim m\u00e9dico atualizando o atendimento aos custodiados feridos durante o princ\u00edpio de rebeli\u00e3o registrado pela manh\u00e3 no Pres\u00eddio Regional Romero N\u00f3brega.<br><br>Segundo a unidade hospitalar, ao todo 11 detentos foram atendidos. Inicialmente, seis custodiados deram entrada no hospital, sendo posteriormente encaminhados outros cinco para avalia\u00e7\u00e3o m\u00e9dica. Ap\u00f3s exames, procedimentos e observa\u00e7\u00e3o cl\u00ednica, todos receberam alta m\u00e9dica e j\u00e1 retornaram ao pres\u00eddio.Mais cedo, o hospital havia informado que, entre os seis primeiros atendidos, quatro permaneceram em observa\u00e7\u00e3o, incluindo um paciente com ferimento por muni\u00e7\u00e3o n\u00e3o letal na face com fratura, outro com ferimento perfurocortante em diversas regi\u00f5es do corpo, um com trauma craniano leve e outro com les\u00e3o na face. Dois tiveram alta imediata.<\/p>\n\n\n\n<p>De acordo com o coordenador da cirurgia do Hospital Regional, Dr. Rog\u00e9rio Per\u00f4nico, nenhuma das v\u00edtimas apresentou les\u00f5es graves ou risco de morte. A maioria das ocorr\u00eancias envolveu escoria\u00e7\u00f5es, ferimentos por objetos cortantes, pedradas e inala\u00e7\u00e3o de fuma\u00e7a. Dois custodiados precisaram passar por procedimentos cir\u00fargicos de baixa complexidade com a equipe de bucomaxilofacial<br>Relembre o caso<br>O princ\u00edpio de rebeli\u00e3o foi registrado na manh\u00e3 desta quarta-feira (10), durante o banho de sol na Penitenci\u00e1ria Romero N\u00f3brega, envolvendo detentos de dois pavilh\u00f5es. Segundo informa\u00e7\u00f5es da Secretaria de Estado da Administra\u00e7\u00e3o Penitenci\u00e1ria da Para\u00edba (Seap-PB) e do comandante do 3\u00ba BPM, tenente-coronel Esa\u00fa, houve confronto entre integrantes de fac\u00e7\u00f5es rivais, al\u00e9m de um princ\u00edpio de inc\u00eandio provocado por colch\u00f5es incendiados, rapidamente controlado pelo Corpo de Bombeiros.<br>Equipes da Pol\u00edcia Penal, Pol\u00edcia Militar, BOPE, Corpo de Bombeiros, SAMU, GPOE, For\u00e7a T\u00e1tica Penitenci\u00e1ria e GESIPE foram mobilizadas para conter a situa\u00e7\u00e3o. A presen\u00e7a da OAB, por meio da Comiss\u00e3o de Direitos Humanos, tamb\u00e9m foi registrada durante a opera\u00e7\u00e3o. Ao todo, dezenas de internos foram atendidos por escoria\u00e7\u00f5es e inala\u00e7\u00e3o de fuma\u00e7a, sem registro de \u00f3bitos.<\/p>\n        <div class=\"booster-block booster-reactions-block\">\n            <div class=\"twp-reactions-icons\">\n                \n                <div class=\"twp-reacts-wrap\">\n                    <a react-data=\"be-react-1\" post-id=\"4955\" class=\"be-face-icons un-reacted\" href=\"javascript:void(0)\">\n                        <img decoding=\"async\" src=\"https:\/\/radar190.com.br\/wp-content\/plugins\/booster-extension\/\/assets\/icon\/happy.svg\" alt=\"Happy\">\n                    <\/a>\n                    <div class=\"twp-reaction-title\">\n                        Happy                    <\/div>\n                    <div class=\"twp-count-percent\">\n                                                    <span style=\"display: none;\" class=\"twp-react-count\">0<\/span>\n                        \n                                                <span class=\"twp-react-percent\"><span>0<\/span> %<\/span>\n                                            <\/div>\n                <\/div>\n\n                <div class=\"twp-reacts-wrap\">\n                    <a react-data=\"be-react-2\" post-id=\"4955\" class=\"be-face-icons un-reacted\" href=\"javascript:void(0)\">\n                        <img decoding=\"async\" src=\"https:\/\/radar190.com.br\/wp-content\/plugins\/booster-extension\/\/assets\/icon\/sad.svg\" alt=\"Sad\">\n                    <\/a>\n                    <div class=\"twp-reaction-title\">\n                        Sad                    <\/div>\n                    <div class=\"twp-count-percent\">\n                                                    <span style=\"display: none;\" class=\"twp-react-count\">0<\/span>\n                                                                        <span class=\"twp-react-percent\"><span>0<\/span> %<\/span>\n                                            <\/div>\n                <\/div>\n\n                <div class=\"twp-reacts-wrap\">\n                    <a react-data=\"be-react-3\" post-id=\"4955\" class=\"be-face-icons un-reacted\" href=\"javascript:void(0)\">\n                        <img decoding=\"async\" src=\"https:\/\/radar190.com.br\/wp-content\/plugins\/booster-extension\/\/assets\/icon\/excited.svg\" alt=\"Excited\">\n                    <\/a>\n                    <div class=\"twp-reaction-title\">\n                        Excited                    <\/div>\n                    <div class=\"twp-count-percent\">\n                                                    <span style=\"display: none;\" class=\"twp-react-count\">0<\/span>\n                                                                        <span class=\"twp-react-percent\"><span>0<\/span> %<\/span>\n                                            <\/div>\n                <\/div>\n\n                <div class=\"twp-reacts-wrap\">\n                    <a react-data=\"be-react-6\" post-id=\"4955\" class=\"be-face-icons un-reacted\" href=\"javascript:void(0)\">\n                        <img decoding=\"async\" src=\"https:\/\/radar190.com.br\/wp-content\/plugins\/booster-extension\/\/assets\/icon\/sleepy.svg\" alt=\"Sleepy\">\n                    <\/a>\n                    <div class=\"twp-reaction-title\">\n                        Sleepy                    <\/div>\n                    <div class=\"twp-count-percent\">\n                                                    <span style=\"display: none;\" class=\"twp-react-count\">0<\/span>\n                        \n                                                <span class=\"twp-react-percent\"><span>0<\/span> %<\/span>\n                                            <\/div>\n                <\/div>\n\n                <div class=\"twp-reacts-wrap\">\n                    <a react-data=\"be-react-4\" post-id=\"4955\" class=\"be-face-icons un-reacted\" href=\"javascript:void(0)\">\n                        <img decoding=\"async\" src=\"https:\/\/radar190.com.br\/wp-content\/plugins\/booster-extension\/\/assets\/icon\/angry.svg\" alt=\"Angry\">\n                    <\/a>\n                    <div class=\"twp-reaction-title\">Angry<\/div>\n                    <div class=\"twp-count-percent\">\n                                                    <span style=\"display: none;\" class=\"twp-react-count\">0<\/span>\n                                                                        <span class=\"twp-react-percent\"><span>0<\/span> %<\/span>\n                        \n                    <\/div>\n                <\/div>\n\n                <div class=\"twp-reacts-wrap\">\n                    <a react-data=\"be-react-5\" post-id=\"4955\" class=\"be-face-icons un-reacted\" href=\"javascript:void(0)\">\n                        <img decoding=\"async\" src=\"https:\/\/radar190.com.br\/wp-content\/plugins\/booster-extension\/\/assets\/icon\/surprise.svg\" alt=\"Surprise\">\n                    <\/a>\n                    <div class=\"twp-reaction-title\">Surprise<\/div>\n                    <div class=\"twp-count-percent\">\n                                                    <span style=\"display: none;\" class=\"twp-react-count\">0<\/span>\n                                                                        <span class=\"twp-react-percent\"><span>0<\/span> %<\/span>\n                                            <\/div>\n                <\/div>\n\n            <\/div>\n        <\/div>\n\n    ","protected":false},"excerpt":{"rendered":"<p>odos os feridos j\u00e1 receberam alta e retornaram \u00e0 unidade prisional; nenhum caso grave foi registrado O Complexo Hospitalar Regional Deputado Janduhy Carneiro, em Patos, divulgou na tarde desta quarta-feira (10) um novo boletim m\u00e9dico atualizando o atendimento aos custodiados feridos durante o princ\u00edpio de rebeli\u00e3o registrado pela manh\u00e3 no [&hellip;]<\/p>\n","protected":false},"author":1,"featured_media":4956,"comment_status":"open","ping_status":"open","sticky":false,"template":"","format":"standard","meta":{"_mi_skip_tracking":false,"_ti_tpc_template_sync":false,"_ti_tpc_template_id":"","_joinchat":[],"footnotes":""},"categories":[5,14,13,1,9,18,12,8],"tags":[],"class_list":["post-4955","post","type-post","status-publish","format-standard","has-post-thumbnail","hentry","category-brasil","category-cidades","category-cultural","category-uncategorized","category-esporte","category-mundo-brasil","category-paraiba","category-policial"],"_links":{"self":[{"href":"https:\/\/radar190.com.br\/index.php\/wp-json\/wp\/v2\/posts\/4955","targetHints":{"allow":["GET"]}}],"collection":[{"href":"https:\/\/radar190.com.br\/index.php\/wp-json\/wp\/v2\/posts"}],"about":[{"href":"https:\/\/radar190.com.br\/index.php\/wp-json\/wp\/v2\/types\/post"}],"author":[{"embeddable":true,"href":"https:\/\/radar190.com.br\/index.php\/wp-json\/wp\/v2\/users\/1"}],"replies":[{"embeddable":true,"href":"https:\/\/radar190.com.br\/index.php\/wp-json\/wp\/v2\/comments?post=4955"}],"version-history":[{"count":1,"href":"https:\/\/radar190.com.br\/index.php\/wp-json\/wp\/v2\/posts\/4955\/revisions"}],"predecessor-version":[{"id":4957,"href":"https:\/\/radar190.com.br\/index.php\/wp-json\/wp\/v2\/posts\/4955\/revisions\/4957"}],"wp:featuredmedia":[{"embeddable":true,"href":"https:\/\/radar190.com.br\/index.php\/wp-json\/wp\/v2\/media\/4956"}],"wp:attachment":[{"href":"https:\/\/radar190.com.br\/index.php\/wp-json\/wp\/v2\/media?parent=4955"}],"wp:term":[{"taxonomy":"category","embeddable":true,"href":"https:\/\/radar190.com.br\/index.php\/wp-json\/wp\/v2\/categories?post=4955"},{"taxonomy":"post_tag","embeddable":true,"href":"https:\/\/radar190.com.br\/index.php\/wp-json\/wp\/v2\/tags?post=4955"}],"curies":[{"name":"wp","href":"https:\/\/api.w.org\/{rel}","templated":true}]}}