{"id":4941,"date":"2025-12-03T11:30:35","date_gmt":"2025-12-03T14:30:35","guid":{"rendered":"https:\/\/radar190.com.br\/?p=4941"},"modified":"2025-12-03T11:58:10","modified_gmt":"2025-12-03T14:58:10","slug":"gestao-milena-nogueira-investe-r-308-mil-na-modernizacao-da-frota-e-melhoria-dos-servicos-publicos","status":"publish","type":"post","link":"https:\/\/radar190.com.br\/index.php\/2025\/12\/03\/gestao-milena-nogueira-investe-r-308-mil-na-modernizacao-da-frota-e-melhoria-dos-servicos-publicos\/","title":{"rendered":"Gest\u00e3o Milena Nogueira investe R$ 308 mil na moderniza\u00e7\u00e3o da frota e melhoria dos servi\u00e7os p\u00fablicos"},"content":{"rendered":"<div class='booster-block booster-read-block'>\n                <div class=\"twp-read-time\">\n                \t<i class=\"booster-icon twp-clock\"><\/i> <span>Read Time:<\/span>1 Minute, 35 Second                <\/div>\n\n            <\/div>\n<figure class=\"wp-block-image size-full is-resized\"><img loading=\"lazy\" decoding=\"async\" width=\"850\" height=\"560\" src=\"https:\/\/radar190.com.br\/wp-content\/uploads\/2025\/12\/image.png\" alt=\"\" class=\"wp-image-4942\" style=\"aspect-ratio:1.5178722683381332;width:543px;height:auto\" srcset=\"https:\/\/radar190.com.br\/wp-content\/uploads\/2025\/12\/image.png 850w, https:\/\/radar190.com.br\/wp-content\/uploads\/2025\/12\/image-300x198.png 300w, https:\/\/radar190.com.br\/wp-content\/uploads\/2025\/12\/image-768x506.png 768w\" sizes=\"auto, (max-width: 850px) 100vw, 850px\" \/><\/figure>\n\n\n\n<p>A administra\u00e7\u00e3o municipal de Monte Horebe segue imprimindo um ritmo de trabalho din\u00e2mico e comprometido com a melhoria da vida cotidiana da popula\u00e7\u00e3o. A Prefeitura anunciou a publica\u00e7\u00e3o do Edital do Preg\u00e3o Eletr\u00f4nico n\u00ba 00032\/2025, que ser\u00e1 realizado no dia 12 de dezembro de 2025, \u00e0s 9h, por meio do Portal de Compras P\u00fablicas, visando \u00e0 aquisi\u00e7\u00e3o de dois ve\u00edculos zero quil\u00f4metro: uma minivan e um SUV autom\u00e1tico, ambos ano 2026 e com capacidade m\u00ednima para cinco lugares.<\/p>\n\n\n\n<p>Mais do que uma simples compra, a iniciativa representa um marco na moderniza\u00e7\u00e3o da frota municipal e evidencia o compromisso da prefeita Milena Nogueira em fortalecer a estrutura administrativa, garantindo melhores condi\u00e7\u00f5es de trabalho \u00e0s equipes que atuam diariamente nas zonas urbana e rural.<\/p>\n\n\n\n<p>Com investimento previsto de R$ 308.850,00, a a\u00e7\u00e3o reafirma a pol\u00edtica de valoriza\u00e7\u00e3o dos servi\u00e7os p\u00fablicos que a atual gest\u00e3o vem consolidando desde o in\u00edcio do mandato. Para a popula\u00e7\u00e3o, isso se traduz em mais efici\u00eancia nas visitas t\u00e9cnicas, maior seguran\u00e7a no transporte institucional, presen\u00e7a ampliada das equipes nas comunidades e uma resposta ainda mais \u00e1gil do poder p\u00fablico diante das demandas da sociedade.<\/p>\n\n\n\n<p>Nos \u00faltimos anos, Monte Horebe tem se destacado pela implementa\u00e7\u00e3o cont\u00ednua de iniciativas voltadas ao aprimoramento da m\u00e1quina p\u00fablica. A chegada dos novos ve\u00edculos se soma a um conjunto de avan\u00e7os que refor\u00e7am a imagem de uma gest\u00e3o que planeja, executa e pensa o futuro com responsabilidade e sensibilidade social.<\/p>\n\n\n\n<p>A Prefeitura destaca ainda que a transpar\u00eancia permanece como um dos alicerces da gest\u00e3o Milena Nogueira. Todas as etapas do processo licitat\u00f3rio estar\u00e3o dispon\u00edveis para consulta p\u00fablica, assegurando que cada passo seja acompanhado pela popula\u00e7\u00e3o.<\/p>\n\n\n\n<p>O Espi\u00e3o do Sert\u00e3o seguir\u00e1 monitorando cada desdobramento da licita\u00e7\u00e3o e trar\u00e1 novas informa\u00e7\u00f5es \u00e0 medida que o processo avance, mantendo o compromisso de informar com precis\u00e3o, responsabilidade e proximidade com a realidade do povo horebense.<\/p>\n\n\n\n<p>Finte: Blog do Silvano Dias<\/p>\n\n\n\n<p><\/p>\n        <div class=\"booster-block booster-reactions-block\">\n            <div class=\"twp-reactions-icons\">\n                \n                <div class=\"twp-reacts-wrap\">\n                    <a react-data=\"be-react-1\" post-id=\"4941\" class=\"be-face-icons un-reacted\" href=\"javascript:void(0)\">\n                        <img decoding=\"async\" src=\"https:\/\/radar190.com.br\/wp-content\/plugins\/booster-extension\/\/assets\/icon\/happy.svg\" alt=\"Happy\">\n                    <\/a>\n                    <div class=\"twp-reaction-title\">\n                        Happy                    <\/div>\n                    <div class=\"twp-count-percent\">\n                                                    <span style=\"display: none;\" class=\"twp-react-count\">0<\/span>\n                        \n                                                <span class=\"twp-react-percent\"><span>0<\/span> %<\/span>\n                                            <\/div>\n                <\/div>\n\n                <div class=\"twp-reacts-wrap\">\n                    <a react-data=\"be-react-2\" post-id=\"4941\" class=\"be-face-icons un-reacted\" href=\"javascript:void(0)\">\n                        <img decoding=\"async\" src=\"https:\/\/radar190.com.br\/wp-content\/plugins\/booster-extension\/\/assets\/icon\/sad.svg\" alt=\"Sad\">\n                    <\/a>\n                    <div class=\"twp-reaction-title\">\n                        Sad                    <\/div>\n                    <div class=\"twp-count-percent\">\n                                                    <span style=\"display: none;\" class=\"twp-react-count\">0<\/span>\n                                                                        <span class=\"twp-react-percent\"><span>0<\/span> %<\/span>\n                                            <\/div>\n                <\/div>\n\n                <div class=\"twp-reacts-wrap\">\n                    <a react-data=\"be-react-3\" post-id=\"4941\" class=\"be-face-icons un-reacted\" href=\"javascript:void(0)\">\n                        <img decoding=\"async\" src=\"https:\/\/radar190.com.br\/wp-content\/plugins\/booster-extension\/\/assets\/icon\/excited.svg\" alt=\"Excited\">\n                    <\/a>\n                    <div class=\"twp-reaction-title\">\n                        Excited                    <\/div>\n                    <div class=\"twp-count-percent\">\n                                                    <span style=\"display: none;\" class=\"twp-react-count\">0<\/span>\n                                                                        <span class=\"twp-react-percent\"><span>0<\/span> %<\/span>\n                                            <\/div>\n                <\/div>\n\n                <div class=\"twp-reacts-wrap\">\n                    <a react-data=\"be-react-6\" post-id=\"4941\" class=\"be-face-icons un-reacted\" href=\"javascript:void(0)\">\n                        <img decoding=\"async\" src=\"https:\/\/radar190.com.br\/wp-content\/plugins\/booster-extension\/\/assets\/icon\/sleepy.svg\" alt=\"Sleepy\">\n                    <\/a>\n                    <div class=\"twp-reaction-title\">\n                        Sleepy                    <\/div>\n                    <div class=\"twp-count-percent\">\n                                                    <span style=\"display: none;\" class=\"twp-react-count\">0<\/span>\n                        \n                                                <span class=\"twp-react-percent\"><span>0<\/span> %<\/span>\n                                            <\/div>\n                <\/div>\n\n                <div class=\"twp-reacts-wrap\">\n                    <a react-data=\"be-react-4\" post-id=\"4941\" class=\"be-face-icons un-reacted\" href=\"javascript:void(0)\">\n                        <img decoding=\"async\" src=\"https:\/\/radar190.com.br\/wp-content\/plugins\/booster-extension\/\/assets\/icon\/angry.svg\" alt=\"Angry\">\n                    <\/a>\n                    <div class=\"twp-reaction-title\">Angry<\/div>\n                    <div class=\"twp-count-percent\">\n                                                    <span style=\"display: none;\" class=\"twp-react-count\">0<\/span>\n                                                                        <span class=\"twp-react-percent\"><span>0<\/span> %<\/span>\n                        \n                    <\/div>\n                <\/div>\n\n                <div class=\"twp-reacts-wrap\">\n                    <a react-data=\"be-react-5\" post-id=\"4941\" class=\"be-face-icons un-reacted\" href=\"javascript:void(0)\">\n                        <img decoding=\"async\" src=\"https:\/\/radar190.com.br\/wp-content\/plugins\/booster-extension\/\/assets\/icon\/surprise.svg\" alt=\"Surprise\">\n                    <\/a>\n                    <div class=\"twp-reaction-title\">Surprise<\/div>\n                    <div class=\"twp-count-percent\">\n                                                    <span style=\"display: none;\" class=\"twp-react-count\">0<\/span>\n                                                                        <span class=\"twp-react-percent\"><span>0<\/span> %<\/span>\n                                            <\/div>\n                <\/div>\n\n            <\/div>\n        <\/div>\n\n    ","protected":false},"excerpt":{"rendered":"<p>A administra\u00e7\u00e3o municipal de Monte Horebe segue imprimindo um ritmo de trabalho din\u00e2mico e comprometido com a melhoria da vida cotidiana da popula\u00e7\u00e3o. A Prefeitura anunciou a publica\u00e7\u00e3o do Edital do Preg\u00e3o Eletr\u00f4nico n\u00ba 00032\/2025, que ser\u00e1 realizado no dia 12 de dezembro de 2025, \u00e0s 9h, por meio do [&hellip;]<\/p>\n","protected":false},"author":1,"featured_media":4942,"comment_status":"open","ping_status":"open","sticky":false,"template":"","format":"standard","meta":{"_mi_skip_tracking":false,"_ti_tpc_template_sync":false,"_ti_tpc_template_id":"","_joinchat":[],"footnotes":""},"categories":[5,14,13,1,9,18,12,8],"tags":[],"class_list":["post-4941","post","type-post","status-publish","format-standard","has-post-thumbnail","hentry","category-brasil","category-cidades","category-cultural","category-uncategorized","category-esporte","category-mundo-brasil","category-paraiba","category-policial"],"_links":{"self":[{"href":"https:\/\/radar190.com.br\/index.php\/wp-json\/wp\/v2\/posts\/4941","targetHints":{"allow":["GET"]}}],"collection":[{"href":"https:\/\/radar190.com.br\/index.php\/wp-json\/wp\/v2\/posts"}],"about":[{"href":"https:\/\/radar190.com.br\/index.php\/wp-json\/wp\/v2\/types\/post"}],"author":[{"embeddable":true,"href":"https:\/\/radar190.com.br\/index.php\/wp-json\/wp\/v2\/users\/1"}],"replies":[{"embeddable":true,"href":"https:\/\/radar190.com.br\/index.php\/wp-json\/wp\/v2\/comments?post=4941"}],"version-history":[{"count":1,"href":"https:\/\/radar190.com.br\/index.php\/wp-json\/wp\/v2\/posts\/4941\/revisions"}],"predecessor-version":[{"id":4943,"href":"https:\/\/radar190.com.br\/index.php\/wp-json\/wp\/v2\/posts\/4941\/revisions\/4943"}],"wp:featuredmedia":[{"embeddable":true,"href":"https:\/\/radar190.com.br\/index.php\/wp-json\/wp\/v2\/media\/4942"}],"wp:attachment":[{"href":"https:\/\/radar190.com.br\/index.php\/wp-json\/wp\/v2\/media?parent=4941"}],"wp:term":[{"taxonomy":"category","embeddable":true,"href":"https:\/\/radar190.com.br\/index.php\/wp-json\/wp\/v2\/categories?post=4941"},{"taxonomy":"post_tag","embeddable":true,"href":"https:\/\/radar190.com.br\/index.php\/wp-json\/wp\/v2\/tags?post=4941"}],"curies":[{"name":"wp","href":"https:\/\/api.w.org\/{rel}","templated":true}]}}