{"id":4938,"date":"2025-11-28T10:44:16","date_gmt":"2025-11-28T13:44:16","guid":{"rendered":"https:\/\/radar190.com.br\/?p=4938"},"modified":"2025-11-28T10:47:08","modified_gmt":"2025-11-28T13:47:08","slug":"o-ceu-e-o-limite-marcos-eron-o-gestor-que-transformou-monte-horebe-e-se-prepara-para-disputar-uma-vaga-na-assembleia-legislativa","status":"publish","type":"post","link":"https:\/\/radar190.com.br\/index.php\/2025\/11\/28\/o-ceu-e-o-limite-marcos-eron-o-gestor-que-transformou-monte-horebe-e-se-prepara-para-disputar-uma-vaga-na-assembleia-legislativa\/","title":{"rendered":"\u201cO c\u00e9u \u00e9 o limite\u201d. Marcos Eron: o gestor que transformou Monte Horebe e se prepara para disputar uma vaga na Assembleia Legislativa"},"content":{"rendered":"<div class='booster-block booster-read-block'>\n                <div class=\"twp-read-time\">\n                \t<i class=\"booster-icon twp-clock\"><\/i> <span>Read Time:<\/span>2 Minute, 50 Second                <\/div>\n\n            <\/div>\n<figure class=\"wp-block-image size-full is-resized\"><img loading=\"lazy\" decoding=\"async\" width=\"726\" height=\"470\" src=\"https:\/\/radar190.com.br\/wp-content\/uploads\/2025\/11\/image-21.png\" alt=\"\" class=\"wp-image-4939\" style=\"width:389px;height:auto\" srcset=\"https:\/\/radar190.com.br\/wp-content\/uploads\/2025\/11\/image-21.png 726w, https:\/\/radar190.com.br\/wp-content\/uploads\/2025\/11\/image-21-300x194.png 300w\" sizes=\"auto, (max-width: 726px) 100vw, 726px\" \/><\/figure>\n\n\n\n<h2 class=\"wp-block-heading\">O legado de Marcos Eron n\u00e3o se limita ao campo administrativo: ele conquistou reconhecimento regional e estadual pela capacidade de gerir recursos p\u00fablicos com responsabilidade.<\/h2>\n\n\n\n<p>O nome de&nbsp;<strong>Marcos Eron<\/strong>&nbsp;volta a ganhar destaque na cena pol\u00edtica paraibana \u00e0 medida que o ex-prefeito de Monte Horebe consolida sua pr\u00e9-candidatura a deputado estadual. Reconhecido por sua capacidade administrativa, vis\u00e3o estrat\u00e9gica e gest\u00e3o moderna, Marcos construiu um legado que segue repercutindo no munic\u00edpio e em toda a regi\u00e3o do Alto Sert\u00e3o.<\/p>\n\n\n\n<p>Durante seus mandatos \u00e0 frente da Prefeitura de Monte Horebe,&nbsp;<strong>Marcos Eron<\/strong>&nbsp;conduziu um processo de reestrutura\u00e7\u00e3o sem precedentes. Antes marcado por limita\u00e7\u00f5es estruturais e pela falta de investimentos cont\u00ednuos, o munic\u00edpio passou a vivenciar um ciclo de desenvolvimento transformador gra\u00e7as \u00e0 condu\u00e7\u00e3o firme, organizada e tecnicamente qualificada do gestor.<\/p>\n\n\n\n<p>Entre os principais pilares de sua atua\u00e7\u00e3o, destacam-se investimentos robustos em infraestrutura urbana, requalifica\u00e7\u00e3o de espa\u00e7os p\u00fablicos, pavimenta\u00e7\u00e3o de ruas e constru\u00e7\u00e3o de equipamentos essenciais ao bem-estar da popula\u00e7\u00e3o. A cidade ganhou novos padr\u00f5es de organiza\u00e7\u00e3o administrativa, planejamento fiscal e transpar\u00eancia, marcas que posicionaram Monte Horebe entre os munic\u00edpios mais bem avaliados da regi\u00e3o.<\/p>\n\n\n\n<p>A educa\u00e7\u00e3o tamb\u00e9m se tornou refer\u00eancia.&nbsp;<strong>Marcos Eron<\/strong>&nbsp;priorizou a valoriza\u00e7\u00e3o dos profissionais, ampliou o acesso a materiais pedag\u00f3gicos, reformou escolas e estruturou um calend\u00e1rio cont\u00ednuo de capacita\u00e7\u00f5es. Na \u00e1rea da sa\u00fade, sua gest\u00e3o entregou obras e servi\u00e7os que garantiram mais efici\u00eancia e humaniza\u00e7\u00e3o no atendimento, aproximando o munic\u00edpio dos padr\u00f5es exigidos pelos \u00f3rg\u00e3os de controle e pelos programas federais.<\/p>\n\n\n\n<p>O legado de&nbsp;<strong>Marcos Eron<\/strong>&nbsp;n\u00e3o se limita ao campo administrativo: ele conquistou reconhecimento regional e estadual pela capacidade de gerir recursos p\u00fablicos com responsabilidade. Sua administra\u00e7\u00e3o se destacou por \u00edndices positivos diante de \u00f3rg\u00e3os fiscalizadores, pontualidade nos pagamentos, equil\u00edbrio financeiro e execu\u00e7\u00e3o de obras estrat\u00e9gicas sem comprometer as contas p\u00fablicas.<\/p>\n\n\n\n<p>Esse conjunto de a\u00e7\u00f5es lhe garantiu notoriedade, consolidando sua imagem como um dos gestores mais eficientes do Alto Sert\u00e3o paraibano.<\/p>\n\n\n\n<p>Al\u00e9m das obras e do impacto direto na vida da popula\u00e7\u00e3o, Marcos deixou um modelo de governan\u00e7a que segue sendo seguido pela atual gest\u00e3o. Sua lideran\u00e7a pol\u00edtica contribuiu para formar quadros t\u00e9cnicos e fortalecer o grupo que hoje administra Monte Horebe, garantindo continuidade ao ciclo de crescimento iniciado em seus mandatos.<\/p>\n\n\n\n<p>A prefeita&nbsp;<strong>Milena Nogueira<\/strong>, sua sucessora, tem dado sequ\u00eancia a esse planejamento, o que refor\u00e7a a import\u00e2ncia do projeto constru\u00eddo por&nbsp;<strong>Marcos Eron<\/strong>&nbsp;e demonstra que sua administra\u00e7\u00e3o deixou bases s\u00f3lidas para o desenvolvimento sustent\u00e1vel da cidade.<\/p>\n\n\n\n<p>Como pr\u00e9-candidato a deputado estadual,&nbsp;<strong>Marcos Eron<\/strong>&nbsp;se apresenta com a credibilidade de quem tem resultados concretos para mostrar. Seu discurso se sustenta na experi\u00eancia comprovada, na efici\u00eancia administrativa e na capacidade de conduzir projetos estruturantes \u2014 compet\u00eancias que, segundo aliados, o qualificam para representar n\u00e3o apenas Monte Horebe, mas toda a regi\u00e3o sertaneja na Assembleia Legislativa.<\/p>\n\n\n\n<p>A expectativa \u00e9 de que sua candidatura provoque uma reorganiza\u00e7\u00e3o no cen\u00e1rio pol\u00edtico regional, atraindo apoios de lideran\u00e7as que reconhecem em Marcos um perfil t\u00e9cnico, comprometido e capaz de construir pontes entre os munic\u00edpios e o Governo do Estado.<\/p>\n\n\n\n<p>Com uma trajet\u00f3ria marcada por responsabilidade, planejamento e entrega de obras relevantes,&nbsp;<strong>Marcos Eron<\/strong>&nbsp;entra no debate pol\u00edtico de 2026 com autoridade e respaldo popular, levando consigo o legado de um gestor que mudou a realidade de Monte Horebe e que agora busca ampliar seu impacto na pol\u00edtica paraibana.<\/p>\n        <div class=\"booster-block booster-reactions-block\">\n            <div class=\"twp-reactions-icons\">\n                \n                <div class=\"twp-reacts-wrap\">\n                    <a react-data=\"be-react-1\" post-id=\"4938\" class=\"be-face-icons un-reacted\" href=\"javascript:void(0)\">\n                        <img decoding=\"async\" src=\"https:\/\/radar190.com.br\/wp-content\/plugins\/booster-extension\/\/assets\/icon\/happy.svg\" alt=\"Happy\">\n                    <\/a>\n                    <div class=\"twp-reaction-title\">\n                        Happy                    <\/div>\n                    <div class=\"twp-count-percent\">\n                                                    <span style=\"display: none;\" class=\"twp-react-count\">0<\/span>\n                        \n                                                <span class=\"twp-react-percent\"><span>0<\/span> %<\/span>\n                                            <\/div>\n                <\/div>\n\n                <div class=\"twp-reacts-wrap\">\n                    <a react-data=\"be-react-2\" post-id=\"4938\" class=\"be-face-icons un-reacted\" href=\"javascript:void(0)\">\n                        <img decoding=\"async\" src=\"https:\/\/radar190.com.br\/wp-content\/plugins\/booster-extension\/\/assets\/icon\/sad.svg\" alt=\"Sad\">\n                    <\/a>\n                    <div class=\"twp-reaction-title\">\n                        Sad                    <\/div>\n                    <div class=\"twp-count-percent\">\n                                                    <span style=\"display: none;\" class=\"twp-react-count\">0<\/span>\n                                                                        <span class=\"twp-react-percent\"><span>0<\/span> %<\/span>\n                                            <\/div>\n                <\/div>\n\n                <div class=\"twp-reacts-wrap\">\n                    <a react-data=\"be-react-3\" post-id=\"4938\" class=\"be-face-icons un-reacted\" href=\"javascript:void(0)\">\n                        <img decoding=\"async\" src=\"https:\/\/radar190.com.br\/wp-content\/plugins\/booster-extension\/\/assets\/icon\/excited.svg\" alt=\"Excited\">\n                    <\/a>\n                    <div class=\"twp-reaction-title\">\n                        Excited                    <\/div>\n                    <div class=\"twp-count-percent\">\n                                                    <span style=\"display: none;\" class=\"twp-react-count\">0<\/span>\n                                                                        <span class=\"twp-react-percent\"><span>0<\/span> %<\/span>\n                                            <\/div>\n                <\/div>\n\n                <div class=\"twp-reacts-wrap\">\n                    <a react-data=\"be-react-6\" post-id=\"4938\" class=\"be-face-icons un-reacted\" href=\"javascript:void(0)\">\n                        <img decoding=\"async\" src=\"https:\/\/radar190.com.br\/wp-content\/plugins\/booster-extension\/\/assets\/icon\/sleepy.svg\" alt=\"Sleepy\">\n                    <\/a>\n                    <div class=\"twp-reaction-title\">\n                        Sleepy                    <\/div>\n                    <div class=\"twp-count-percent\">\n                                                    <span style=\"display: none;\" class=\"twp-react-count\">0<\/span>\n                        \n                                                <span class=\"twp-react-percent\"><span>0<\/span> %<\/span>\n                                            <\/div>\n                <\/div>\n\n                <div class=\"twp-reacts-wrap\">\n                    <a react-data=\"be-react-4\" post-id=\"4938\" class=\"be-face-icons un-reacted\" href=\"javascript:void(0)\">\n                        <img decoding=\"async\" src=\"https:\/\/radar190.com.br\/wp-content\/plugins\/booster-extension\/\/assets\/icon\/angry.svg\" alt=\"Angry\">\n                    <\/a>\n                    <div class=\"twp-reaction-title\">Angry<\/div>\n                    <div class=\"twp-count-percent\">\n                                                    <span style=\"display: none;\" class=\"twp-react-count\">0<\/span>\n                                                                        <span class=\"twp-react-percent\"><span>0<\/span> %<\/span>\n                        \n                    <\/div>\n                <\/div>\n\n                <div class=\"twp-reacts-wrap\">\n                    <a react-data=\"be-react-5\" post-id=\"4938\" class=\"be-face-icons un-reacted\" href=\"javascript:void(0)\">\n                        <img decoding=\"async\" src=\"https:\/\/radar190.com.br\/wp-content\/plugins\/booster-extension\/\/assets\/icon\/surprise.svg\" alt=\"Surprise\">\n                    <\/a>\n                    <div class=\"twp-reaction-title\">Surprise<\/div>\n                    <div class=\"twp-count-percent\">\n                                                    <span style=\"display: none;\" class=\"twp-react-count\">0<\/span>\n                                                                        <span class=\"twp-react-percent\"><span>0<\/span> %<\/span>\n                                            <\/div>\n                <\/div>\n\n            <\/div>\n        <\/div>\n\n    ","protected":false},"excerpt":{"rendered":"<p>O legado de Marcos Eron n\u00e3o se limita ao campo administrativo: ele conquistou reconhecimento regional e estadual pela capacidade de gerir recursos p\u00fablicos com responsabilidade. O nome de&nbsp;Marcos Eron&nbsp;volta a ganhar destaque na cena pol\u00edtica paraibana \u00e0 medida que o ex-prefeito de Monte Horebe consolida sua pr\u00e9-candidatura a deputado estadual. [&hellip;]<\/p>\n","protected":false},"author":1,"featured_media":4939,"comment_status":"open","ping_status":"open","sticky":false,"template":"","format":"standard","meta":{"_mi_skip_tracking":false,"_ti_tpc_template_sync":false,"_ti_tpc_template_id":"","_joinchat":[],"footnotes":""},"categories":[5,14,13,1,116,9,18,12,8],"tags":[],"class_list":["post-4938","post","type-post","status-publish","format-standard","has-post-thumbnail","hentry","category-brasil","category-cidades","category-cultural","category-uncategorized","category-editor-picks","category-esporte","category-mundo-brasil","category-paraiba","category-policial"],"_links":{"self":[{"href":"https:\/\/radar190.com.br\/index.php\/wp-json\/wp\/v2\/posts\/4938","targetHints":{"allow":["GET"]}}],"collection":[{"href":"https:\/\/radar190.com.br\/index.php\/wp-json\/wp\/v2\/posts"}],"about":[{"href":"https:\/\/radar190.com.br\/index.php\/wp-json\/wp\/v2\/types\/post"}],"author":[{"embeddable":true,"href":"https:\/\/radar190.com.br\/index.php\/wp-json\/wp\/v2\/users\/1"}],"replies":[{"embeddable":true,"href":"https:\/\/radar190.com.br\/index.php\/wp-json\/wp\/v2\/comments?post=4938"}],"version-history":[{"count":1,"href":"https:\/\/radar190.com.br\/index.php\/wp-json\/wp\/v2\/posts\/4938\/revisions"}],"predecessor-version":[{"id":4940,"href":"https:\/\/radar190.com.br\/index.php\/wp-json\/wp\/v2\/posts\/4938\/revisions\/4940"}],"wp:featuredmedia":[{"embeddable":true,"href":"https:\/\/radar190.com.br\/index.php\/wp-json\/wp\/v2\/media\/4939"}],"wp:attachment":[{"href":"https:\/\/radar190.com.br\/index.php\/wp-json\/wp\/v2\/media?parent=4938"}],"wp:term":[{"taxonomy":"category","embeddable":true,"href":"https:\/\/radar190.com.br\/index.php\/wp-json\/wp\/v2\/categories?post=4938"},{"taxonomy":"post_tag","embeddable":true,"href":"https:\/\/radar190.com.br\/index.php\/wp-json\/wp\/v2\/tags?post=4938"}],"curies":[{"name":"wp","href":"https:\/\/api.w.org\/{rel}","templated":true}]}}