{"id":4905,"date":"2025-11-14T10:05:41","date_gmt":"2025-11-14T13:05:41","guid":{"rendered":"https:\/\/radar190.com.br\/?p=4905"},"modified":"2025-11-14T10:11:18","modified_gmt":"2025-11-14T13:11:18","slug":"marcos-eron-declara-apoio-a-cicero-lucena-e-confirma-presenca-em-evento-de-filiacao-do-prefeito-da-capital","status":"publish","type":"post","link":"https:\/\/radar190.com.br\/index.php\/2025\/11\/14\/marcos-eron-declara-apoio-a-cicero-lucena-e-confirma-presenca-em-evento-de-filiacao-do-prefeito-da-capital\/","title":{"rendered":"Marcos Eron declara apoio a C\u00edcero Lucena e confirma presen\u00e7a em evento de filia\u00e7\u00e3o do prefeito da capital"},"content":{"rendered":"<div class='booster-block booster-read-block'>\n                <div class=\"twp-read-time\">\n                \t<i class=\"booster-icon twp-clock\"><\/i> <span>Read Time:<\/span>51 Second                <\/div>\n\n            <\/div>\n<figure class=\"wp-block-image size-full is-resized\"><img loading=\"lazy\" decoding=\"async\" width=\"737\" height=\"416\" src=\"https:\/\/radar190.com.br\/wp-content\/uploads\/2025\/11\/image-9.png\" alt=\"\" class=\"wp-image-4906\" style=\"width:409px;height:auto\" srcset=\"https:\/\/radar190.com.br\/wp-content\/uploads\/2025\/11\/image-9.png 737w, https:\/\/radar190.com.br\/wp-content\/uploads\/2025\/11\/image-9-300x169.png 300w\" sizes=\"auto, (max-width: 737px) 100vw, 737px\" \/><\/figure>\n\n\n\n<p>O ex-prefeito de Monte Horebe e pr\u00e9-candidato a deputado estadual, Marcos Eron (MDB), confirmou seu apoio pol\u00edtico ao prefeito de Jo\u00e3o Pessoa, C\u00edcero Lucena, e tamb\u00e9m sua presen\u00e7a no evento de filia\u00e7\u00e3o de C\u00edcero, que acontecer\u00e1 na pr\u00f3xima segunda-feira, dia 17, em Jo\u00e3o Pessoa.<\/p>\n\n\n\n<p>Durante entrevista concedida na noite da \u00faltima quarta-feira (12) ao programa Parab\u00f3lica Pol\u00edtica, apresentado pelo radialista Amaury Furtado, Marcos Eron destacou a lideran\u00e7a e a experi\u00eancia administrativa de C\u00edcero Lucena, afirmando que o prefeito da capital re\u00fane as melhores condi\u00e7\u00f5es para governar a Para\u00edba.<\/p>\n\n\n\n<p>\u201cC\u00edcero \u00e9 um gestor preparado, tem experi\u00eancia e conhece de perto as necessidades do povo paraibano. Acredito que ele representa o caminho certo para o futuro do nosso Estado\u201d, declarou Marcos Eron.<\/p>\n\n\n\n<p>Com a confirma\u00e7\u00e3o de apoio, Marcos Eron se posiciona como um dos importantes nomes do MDB no Sert\u00e3o que passam a integrar o grupo pol\u00edtico de C\u00edcero Lucena, fortalecendo o projeto pol\u00edtico que vem ganhando for\u00e7a em todas as regi\u00f5es da Para\u00edba.<\/p>\n\n\n\n<p>Fonte: Blog do Silvano Dias<\/p>\n        <div class=\"booster-block booster-reactions-block\">\n            <div class=\"twp-reactions-icons\">\n                \n                <div class=\"twp-reacts-wrap\">\n                    <a react-data=\"be-react-1\" post-id=\"4905\" class=\"be-face-icons un-reacted\" href=\"javascript:void(0)\">\n                        <img decoding=\"async\" src=\"https:\/\/radar190.com.br\/wp-content\/plugins\/booster-extension\/\/assets\/icon\/happy.svg\" alt=\"Happy\">\n                    <\/a>\n                    <div class=\"twp-reaction-title\">\n                        Happy                    <\/div>\n                    <div class=\"twp-count-percent\">\n                                                    <span style=\"display: none;\" class=\"twp-react-count\">0<\/span>\n                        \n                                                <span class=\"twp-react-percent\"><span>0<\/span> %<\/span>\n                                            <\/div>\n                <\/div>\n\n                <div class=\"twp-reacts-wrap\">\n                    <a react-data=\"be-react-2\" post-id=\"4905\" class=\"be-face-icons un-reacted\" href=\"javascript:void(0)\">\n                        <img decoding=\"async\" src=\"https:\/\/radar190.com.br\/wp-content\/plugins\/booster-extension\/\/assets\/icon\/sad.svg\" alt=\"Sad\">\n                    <\/a>\n                    <div class=\"twp-reaction-title\">\n                        Sad                    <\/div>\n                    <div class=\"twp-count-percent\">\n                                                    <span style=\"display: none;\" class=\"twp-react-count\">0<\/span>\n                                                                        <span class=\"twp-react-percent\"><span>0<\/span> %<\/span>\n                                            <\/div>\n                <\/div>\n\n                <div class=\"twp-reacts-wrap\">\n                    <a react-data=\"be-react-3\" post-id=\"4905\" class=\"be-face-icons un-reacted\" href=\"javascript:void(0)\">\n                        <img decoding=\"async\" src=\"https:\/\/radar190.com.br\/wp-content\/plugins\/booster-extension\/\/assets\/icon\/excited.svg\" alt=\"Excited\">\n                    <\/a>\n                    <div class=\"twp-reaction-title\">\n                        Excited                    <\/div>\n                    <div class=\"twp-count-percent\">\n                                                    <span style=\"display: none;\" class=\"twp-react-count\">0<\/span>\n                                                                        <span class=\"twp-react-percent\"><span>0<\/span> %<\/span>\n                                            <\/div>\n                <\/div>\n\n                <div class=\"twp-reacts-wrap\">\n                    <a react-data=\"be-react-6\" post-id=\"4905\" class=\"be-face-icons un-reacted\" href=\"javascript:void(0)\">\n                        <img decoding=\"async\" src=\"https:\/\/radar190.com.br\/wp-content\/plugins\/booster-extension\/\/assets\/icon\/sleepy.svg\" alt=\"Sleepy\">\n                    <\/a>\n                    <div class=\"twp-reaction-title\">\n                        Sleepy                    <\/div>\n                    <div class=\"twp-count-percent\">\n                                                    <span style=\"display: none;\" class=\"twp-react-count\">0<\/span>\n                        \n                                                <span class=\"twp-react-percent\"><span>0<\/span> %<\/span>\n                                            <\/div>\n                <\/div>\n\n                <div class=\"twp-reacts-wrap\">\n                    <a react-data=\"be-react-4\" post-id=\"4905\" class=\"be-face-icons un-reacted\" href=\"javascript:void(0)\">\n                        <img decoding=\"async\" src=\"https:\/\/radar190.com.br\/wp-content\/plugins\/booster-extension\/\/assets\/icon\/angry.svg\" alt=\"Angry\">\n                    <\/a>\n                    <div class=\"twp-reaction-title\">Angry<\/div>\n                    <div class=\"twp-count-percent\">\n                                                    <span style=\"display: none;\" class=\"twp-react-count\">0<\/span>\n                                                                        <span class=\"twp-react-percent\"><span>0<\/span> %<\/span>\n                        \n                    <\/div>\n                <\/div>\n\n                <div class=\"twp-reacts-wrap\">\n                    <a react-data=\"be-react-5\" post-id=\"4905\" class=\"be-face-icons un-reacted\" href=\"javascript:void(0)\">\n                        <img decoding=\"async\" src=\"https:\/\/radar190.com.br\/wp-content\/plugins\/booster-extension\/\/assets\/icon\/surprise.svg\" alt=\"Surprise\">\n                    <\/a>\n                    <div class=\"twp-reaction-title\">Surprise<\/div>\n                    <div class=\"twp-count-percent\">\n                                                    <span style=\"display: none;\" class=\"twp-react-count\">0<\/span>\n                                                                        <span class=\"twp-react-percent\"><span>0<\/span> %<\/span>\n                                            <\/div>\n                <\/div>\n\n            <\/div>\n        <\/div>\n\n    ","protected":false},"excerpt":{"rendered":"<p>O ex-prefeito de Monte Horebe e pr\u00e9-candidato a deputado estadual, Marcos Eron (MDB), confirmou seu apoio pol\u00edtico ao prefeito de Jo\u00e3o Pessoa, C\u00edcero Lucena, e tamb\u00e9m sua presen\u00e7a no evento de filia\u00e7\u00e3o de C\u00edcero, que acontecer\u00e1 na pr\u00f3xima segunda-feira, dia 17, em Jo\u00e3o Pessoa. Durante entrevista concedida na noite da [&hellip;]<\/p>\n","protected":false},"author":1,"featured_media":4906,"comment_status":"open","ping_status":"open","sticky":false,"template":"","format":"standard","meta":{"_mi_skip_tracking":false,"_ti_tpc_template_sync":false,"_ti_tpc_template_id":"","_joinchat":[],"footnotes":""},"categories":[5,14,13,1,9,18,12,8],"tags":[],"class_list":["post-4905","post","type-post","status-publish","format-standard","has-post-thumbnail","hentry","category-brasil","category-cidades","category-cultural","category-uncategorized","category-esporte","category-mundo-brasil","category-paraiba","category-policial"],"_links":{"self":[{"href":"https:\/\/radar190.com.br\/index.php\/wp-json\/wp\/v2\/posts\/4905","targetHints":{"allow":["GET"]}}],"collection":[{"href":"https:\/\/radar190.com.br\/index.php\/wp-json\/wp\/v2\/posts"}],"about":[{"href":"https:\/\/radar190.com.br\/index.php\/wp-json\/wp\/v2\/types\/post"}],"author":[{"embeddable":true,"href":"https:\/\/radar190.com.br\/index.php\/wp-json\/wp\/v2\/users\/1"}],"replies":[{"embeddable":true,"href":"https:\/\/radar190.com.br\/index.php\/wp-json\/wp\/v2\/comments?post=4905"}],"version-history":[{"count":1,"href":"https:\/\/radar190.com.br\/index.php\/wp-json\/wp\/v2\/posts\/4905\/revisions"}],"predecessor-version":[{"id":4907,"href":"https:\/\/radar190.com.br\/index.php\/wp-json\/wp\/v2\/posts\/4905\/revisions\/4907"}],"wp:featuredmedia":[{"embeddable":true,"href":"https:\/\/radar190.com.br\/index.php\/wp-json\/wp\/v2\/media\/4906"}],"wp:attachment":[{"href":"https:\/\/radar190.com.br\/index.php\/wp-json\/wp\/v2\/media?parent=4905"}],"wp:term":[{"taxonomy":"category","embeddable":true,"href":"https:\/\/radar190.com.br\/index.php\/wp-json\/wp\/v2\/categories?post=4905"},{"taxonomy":"post_tag","embeddable":true,"href":"https:\/\/radar190.com.br\/index.php\/wp-json\/wp\/v2\/tags?post=4905"}],"curies":[{"name":"wp","href":"https:\/\/api.w.org\/{rel}","templated":true}]}}