{"id":4838,"date":"2025-10-28T09:57:03","date_gmt":"2025-10-28T12:57:03","guid":{"rendered":"https:\/\/radar190.com.br\/?p=4838"},"modified":"2025-10-28T09:58:16","modified_gmt":"2025-10-28T12:58:16","slug":"professor-de-cajazeiras-nega-envolvimento-em-investigacao-e-afirma-ser-vitima-de-calunia","status":"publish","type":"post","link":"https:\/\/radar190.com.br\/index.php\/2025\/10\/28\/professor-de-cajazeiras-nega-envolvimento-em-investigacao-e-afirma-ser-vitima-de-calunia\/","title":{"rendered":"Professor de Cajazeiras nega envolvimento em investiga\u00e7\u00e3o e afirma ser v\u00edtima de cal\u00fania"},"content":{"rendered":"<div class='booster-block booster-read-block'>\n                <div class=\"twp-read-time\">\n                \t<i class=\"booster-icon twp-clock\"><\/i> <span>Read Time:<\/span>1 Minute, 57 Second                <\/div>\n\n            <\/div>\n<p>Segundo ele, sua imagem e honra est\u00e3o sendo atingidas por uma\u00a0fake news, compartilhada de forma\u00a0irrespons\u00e1vel\u00a0por alguns meios de comunica\u00e7\u00e3o e grupos locais.Ap\u00f3s ter sua foto divulgada em grupos de WhatsApp de Cajazeiras e regi\u00e3o, o professor\u00a0<strong>Everaldo<\/strong>, bastante conhecido na cidade, procurou nossa reda\u00e7\u00e3o para manifestar sua indigna\u00e7\u00e3o.Segundo ele, sua imagem e honra est\u00e3o sendo atingidas por uma&nbsp;<strong>fake news<\/strong>, compartilhada de forma&nbsp;<strong>irrespons\u00e1vel<\/strong>&nbsp;por alguns meios de comunica\u00e7\u00e3o e grupos locais.<\/p>\n\n\n\n<p>O professor encaminhou uma&nbsp;<strong>nota de rep\u00fadio<\/strong>, na qual esclarece os fatos e refor\u00e7a que a associa\u00e7\u00e3o de seu nome a qualquer investiga\u00e7\u00e3o criminosa \u00e9&nbsp;<strong>mentirosa e caluniosa<\/strong>.<\/p>\n\n\n\n<p>Confira a nota na \u00edntegra abaixo.<\/p>\n\n\n\n<p>Eu, Everaldo, venho a p\u00fablico repudiar veementemente a absurda e criminosa associa\u00e7\u00e3o do meu nome a uma reportagem relacionada a investiga\u00e7\u00e3o de pedofilia. Trata-se de uma mentira deslavada, sem qualquer fundamento, que atenta contra a minha honra, minha dignidade e toda a minha hist\u00f3ria de vida.Tenho 51 anos de idade, sou pai de duas crian\u00e7as maravilhosas, que representam o maior orgulho da minha exist\u00eancia. Sou professor do curso de Educa\u00e7\u00e3o F\u00edsica da Faculdade Cat\u00f3lica de Cajazeiras, onde exer\u00e7o meu of\u00edcio com dedica\u00e7\u00e3o e zelo, e atuo h\u00e1 25 anos na Educa\u00e7\u00e3o, formando cidad\u00e3os e incentivando valores \u00e9ticos por meio do esporte e da conviv\u00eancia.<\/p>\n\n\n\n<p><br>Al\u00e9m disso, sou t\u00e9cnico de equipes de futsal e voleibol escolar, contribuindo para o desenvolvimento humano e esportivo dos jovens da nossa regi\u00e3o.<\/p>\n\n\n\n<p>Sou tamb\u00e9m professor concursado no munic\u00edpio de Bonito de Santa F\u00e9, trajet\u00f3ria que constru\u00ed com esfor\u00e7o, estudo e compromisso p\u00fablico.Quem conhece minha vida e meu trabalho sabe que tamanha propaga\u00e7\u00e3o de cal\u00fanias \u00e9 reflexo de uma sociedade adoecida pelo achismo e pela irresponsabilidade de quem replica mentiras sem medir o tamanho dos estragos que isso causa.<\/p>\n\n\n\n<p>Esse tipo de difama\u00e7\u00e3o destr\u00f3i reputa\u00e7\u00f5es, corr\u00f3i rela\u00e7\u00f5es de confian\u00e7a e traz consequ\u00eancias irrepar\u00e1veis \u00e0 vida pessoal e profissional de qualquer ser humano.<\/p>\n\n\n\n<figure class=\"wp-block-image size-full\"><img loading=\"lazy\" decoding=\"async\" width=\"288\" height=\"433\" src=\"https:\/\/radar190.com.br\/wp-content\/uploads\/2025\/10\/image-21.png\" alt=\"\" class=\"wp-image-4839\" srcset=\"https:\/\/radar190.com.br\/wp-content\/uploads\/2025\/10\/image-21.png 288w, https:\/\/radar190.com.br\/wp-content\/uploads\/2025\/10\/image-21-200x300.png 200w\" sizes=\"auto, (max-width: 288px) 100vw, 288px\" \/><\/figure>\n\n\n\n<p><br>Mas n\u00e3o ficarei inerte diante dessa injusti\u00e7a: medidas judiciais j\u00e1 est\u00e3o sendo adotadas para identificar a origem dessa cal\u00fania e responsabilizar todos os envolvidos, conforme determina a lei.Minha hist\u00f3ria fala por mim: uma vida inteira dedicada \u00e0 fam\u00edlia, \u00e0 educa\u00e7\u00e3o e \u00e0 comunidade.<br>N\u00e3o permitirei que boatos e covardias manchem aquilo que constru\u00ed com dignidade, \u00e9tica e trabalho honesto.<\/p>\n\n\n\n<p>Everaldo<br>Professor \u2013 Educador \u2013 Pai<\/p>\n        <div class=\"booster-block booster-reactions-block\">\n            <div class=\"twp-reactions-icons\">\n                \n                <div class=\"twp-reacts-wrap\">\n                    <a react-data=\"be-react-1\" post-id=\"4838\" class=\"be-face-icons un-reacted\" href=\"javascript:void(0)\">\n                        <img decoding=\"async\" src=\"https:\/\/radar190.com.br\/wp-content\/plugins\/booster-extension\/\/assets\/icon\/happy.svg\" alt=\"Happy\">\n                    <\/a>\n                    <div class=\"twp-reaction-title\">\n                        Happy                    <\/div>\n                    <div class=\"twp-count-percent\">\n                                                    <span style=\"display: none;\" class=\"twp-react-count\">0<\/span>\n                        \n                                                <span class=\"twp-react-percent\"><span>0<\/span> %<\/span>\n                                            <\/div>\n                <\/div>\n\n                <div class=\"twp-reacts-wrap\">\n                    <a react-data=\"be-react-2\" post-id=\"4838\" class=\"be-face-icons un-reacted\" href=\"javascript:void(0)\">\n                        <img decoding=\"async\" src=\"https:\/\/radar190.com.br\/wp-content\/plugins\/booster-extension\/\/assets\/icon\/sad.svg\" alt=\"Sad\">\n                    <\/a>\n                    <div class=\"twp-reaction-title\">\n                        Sad                    <\/div>\n                    <div class=\"twp-count-percent\">\n                                                    <span style=\"display: none;\" class=\"twp-react-count\">0<\/span>\n                                                                        <span class=\"twp-react-percent\"><span>0<\/span> %<\/span>\n                                            <\/div>\n                <\/div>\n\n                <div class=\"twp-reacts-wrap\">\n                    <a react-data=\"be-react-3\" post-id=\"4838\" class=\"be-face-icons un-reacted\" href=\"javascript:void(0)\">\n                        <img decoding=\"async\" src=\"https:\/\/radar190.com.br\/wp-content\/plugins\/booster-extension\/\/assets\/icon\/excited.svg\" alt=\"Excited\">\n                    <\/a>\n                    <div class=\"twp-reaction-title\">\n                        Excited                    <\/div>\n                    <div class=\"twp-count-percent\">\n                                                    <span style=\"display: none;\" class=\"twp-react-count\">0<\/span>\n                                                                        <span class=\"twp-react-percent\"><span>0<\/span> %<\/span>\n                                            <\/div>\n                <\/div>\n\n                <div class=\"twp-reacts-wrap\">\n                    <a react-data=\"be-react-6\" post-id=\"4838\" class=\"be-face-icons un-reacted\" href=\"javascript:void(0)\">\n                        <img decoding=\"async\" src=\"https:\/\/radar190.com.br\/wp-content\/plugins\/booster-extension\/\/assets\/icon\/sleepy.svg\" alt=\"Sleepy\">\n                    <\/a>\n                    <div class=\"twp-reaction-title\">\n                        Sleepy                    <\/div>\n                    <div class=\"twp-count-percent\">\n                                                    <span style=\"display: none;\" class=\"twp-react-count\">0<\/span>\n                        \n                                                <span class=\"twp-react-percent\"><span>0<\/span> %<\/span>\n                                            <\/div>\n                <\/div>\n\n                <div class=\"twp-reacts-wrap\">\n                    <a react-data=\"be-react-4\" post-id=\"4838\" class=\"be-face-icons un-reacted\" href=\"javascript:void(0)\">\n                        <img decoding=\"async\" src=\"https:\/\/radar190.com.br\/wp-content\/plugins\/booster-extension\/\/assets\/icon\/angry.svg\" alt=\"Angry\">\n                    <\/a>\n                    <div class=\"twp-reaction-title\">Angry<\/div>\n                    <div class=\"twp-count-percent\">\n                                                    <span style=\"display: none;\" class=\"twp-react-count\">0<\/span>\n                                                                        <span class=\"twp-react-percent\"><span>0<\/span> %<\/span>\n                        \n                    <\/div>\n                <\/div>\n\n                <div class=\"twp-reacts-wrap\">\n                    <a react-data=\"be-react-5\" post-id=\"4838\" class=\"be-face-icons un-reacted\" href=\"javascript:void(0)\">\n                        <img decoding=\"async\" src=\"https:\/\/radar190.com.br\/wp-content\/plugins\/booster-extension\/\/assets\/icon\/surprise.svg\" alt=\"Surprise\">\n                    <\/a>\n                    <div class=\"twp-reaction-title\">Surprise<\/div>\n                    <div class=\"twp-count-percent\">\n                                                    <span style=\"display: none;\" class=\"twp-react-count\">0<\/span>\n                                                                        <span class=\"twp-react-percent\"><span>0<\/span> %<\/span>\n                                            <\/div>\n                <\/div>\n\n            <\/div>\n        <\/div>\n\n    ","protected":false},"excerpt":{"rendered":"<p>Segundo ele, sua imagem e honra est\u00e3o sendo atingidas por uma\u00a0fake news, compartilhada de forma\u00a0irrespons\u00e1vel\u00a0por alguns meios de comunica\u00e7\u00e3o e grupos locais.Ap\u00f3s ter sua foto divulgada em grupos de WhatsApp de Cajazeiras e regi\u00e3o, o professor\u00a0Everaldo, bastante conhecido na cidade, procurou nossa reda\u00e7\u00e3o para manifestar sua indigna\u00e7\u00e3o.Segundo ele, sua imagem [&hellip;]<\/p>\n","protected":false},"author":1,"featured_media":4839,"comment_status":"open","ping_status":"open","sticky":false,"template":"","format":"standard","meta":{"_mi_skip_tracking":false,"_ti_tpc_template_sync":false,"_ti_tpc_template_id":"","_joinchat":[],"footnotes":""},"categories":[5,14,13,1,9,18,12,8],"tags":[],"class_list":["post-4838","post","type-post","status-publish","format-standard","has-post-thumbnail","hentry","category-brasil","category-cidades","category-cultural","category-uncategorized","category-esporte","category-mundo-brasil","category-paraiba","category-policial"],"_links":{"self":[{"href":"https:\/\/radar190.com.br\/index.php\/wp-json\/wp\/v2\/posts\/4838","targetHints":{"allow":["GET"]}}],"collection":[{"href":"https:\/\/radar190.com.br\/index.php\/wp-json\/wp\/v2\/posts"}],"about":[{"href":"https:\/\/radar190.com.br\/index.php\/wp-json\/wp\/v2\/types\/post"}],"author":[{"embeddable":true,"href":"https:\/\/radar190.com.br\/index.php\/wp-json\/wp\/v2\/users\/1"}],"replies":[{"embeddable":true,"href":"https:\/\/radar190.com.br\/index.php\/wp-json\/wp\/v2\/comments?post=4838"}],"version-history":[{"count":1,"href":"https:\/\/radar190.com.br\/index.php\/wp-json\/wp\/v2\/posts\/4838\/revisions"}],"predecessor-version":[{"id":4840,"href":"https:\/\/radar190.com.br\/index.php\/wp-json\/wp\/v2\/posts\/4838\/revisions\/4840"}],"wp:featuredmedia":[{"embeddable":true,"href":"https:\/\/radar190.com.br\/index.php\/wp-json\/wp\/v2\/media\/4839"}],"wp:attachment":[{"href":"https:\/\/radar190.com.br\/index.php\/wp-json\/wp\/v2\/media?parent=4838"}],"wp:term":[{"taxonomy":"category","embeddable":true,"href":"https:\/\/radar190.com.br\/index.php\/wp-json\/wp\/v2\/categories?post=4838"},{"taxonomy":"post_tag","embeddable":true,"href":"https:\/\/radar190.com.br\/index.php\/wp-json\/wp\/v2\/tags?post=4838"}],"curies":[{"name":"wp","href":"https:\/\/api.w.org\/{rel}","templated":true}]}}