{"id":4813,"date":"2025-10-21T09:48:00","date_gmt":"2025-10-21T12:48:00","guid":{"rendered":"https:\/\/radar190.com.br\/?p=4813"},"modified":"2025-10-21T09:48:29","modified_gmt":"2025-10-21T12:48:29","slug":"pmce-prende-homem-com-submetralhadora-artesanal-municoes-e-drogas-em-itapipoca","status":"publish","type":"post","link":"https:\/\/radar190.com.br\/index.php\/2025\/10\/21\/pmce-prende-homem-com-submetralhadora-artesanal-municoes-e-drogas-em-itapipoca\/","title":{"rendered":"PMCE prende homem com submetralhadora artesanal, muni\u00e7\u00f5es e drogas em Itapipoca"},"content":{"rendered":"<div class='booster-block booster-read-block'>\n                <div class=\"twp-read-time\">\n                \t<i class=\"booster-icon twp-clock\"><\/i> <span>Read Time:<\/span>1 Minute, 57 Second                <\/div>\n\n            <\/div>\n<p>Um suspeito de tr\u00e1fico de drogas e porte irregular de arma de fogo foi preso em flagrante, nesse s\u00e1bado (18), em Itapipoca, \u00c1rea Integrada de Segur.<\/p>\n\n\n\n<figure class=\"wp-block-image size-full\"><img loading=\"lazy\" decoding=\"async\" width=\"600\" height=\"310\" src=\"https:\/\/radar190.com.br\/wp-content\/uploads\/2025\/10\/image-16.png\" alt=\"\" class=\"wp-image-4814\" srcset=\"https:\/\/radar190.com.br\/wp-content\/uploads\/2025\/10\/image-16.png 600w, https:\/\/radar190.com.br\/wp-content\/uploads\/2025\/10\/image-16-300x155.png 300w\" sizes=\"auto, (max-width: 600px) 100vw, 600px\" \/><\/figure>\n\n\n\n<p>Um suspeito de tr\u00e1fico de drogas e porte irregular de arma de fogo foi preso em flagrante, nesse s\u00e1bado (18), em Itapipoca, \u00c1rea Integrada de Seguran\u00e7a 17 (AIS 17) do estado. A a\u00e7\u00e3o foi deflagrada por policiais militares do Comando de Policiamento de Rondas de A\u00e7\u00f5es Intensivas e Ostensivas (CPRaio), que ainda apreenderam uma submetralhadora artesanal, muni\u00e7\u00f5es e entorpecentes. O homem, de 18 anos, foi colocado \u00e0 disposi\u00e7\u00e3o da Justi\u00e7a.<\/p>\n\n\n\n<p>O in\u00edcio da ofensiva se deu por volta das 17h20. Durante patrulhamento na \u00e1rea, os raianos receberam informa\u00e7\u00f5es privilegiadas sobre uma ocorr\u00eancia de tr\u00e1fico de drogas e de um indiv\u00edduo armado no bairro Madalenas. O cerco policial foi imediatamente montado em torno da resid\u00eancia indicada e, ainda assim, o indiv\u00edduo tentou fugir. Sem sucesso.<\/p>\n\n\n\n<p>No local, as equipes encontraram uma submetralhadora artesanal calibre 9mm com numera\u00e7\u00e3o suprimida, 29 muni\u00e7\u00f5es de calibres 9 mm e .38, al\u00e9m de uma mochila contendo 35 gramas de coca\u00edna, um grama de maconha, dois comprimidos de ecstasy, seis unidades de LSD, uma balan\u00e7a de precis\u00e3o, duas cadernetas de anota\u00e7\u00f5es, chaves tipo \u201cmicha\u201d, pap\u00e9is para embalar drogas e R$ 180 em esp\u00e9cie. Tamb\u00e9m foram apreendidos cinco aparelhos celulares e uma ferramenta tipo \u201cp\u00e9 de cabra\u201d.<\/p>\n\n\n\n<p>Diante dos fatos, o suspeito e o material apreendido foram conduzidos at\u00e9 a Delegacia de Pol\u00edcia Civil de Itapipoca. Ele foi autuado por porte ilegal de arma de fogo e tr\u00e1fico de drogas na unidade local da Pol\u00edcia Civil do Estado do Cear\u00e1 (PCCE). O indiv\u00edduo segue \u00e0 disposi\u00e7\u00e3o da Justi\u00e7a e o material apreendido subsidia a investiga\u00e7\u00e3o policial.<\/p>\n\n\n\n<h3 class=\"wp-block-heading\"><strong>Den\u00fancias<\/strong><\/h3>\n\n\n\n<p>A popula\u00e7\u00e3o pode contribuir com as investiga\u00e7\u00f5es repassando informa\u00e7\u00f5es que auxiliem os trabalhos policiais. As informa\u00e7\u00f5es podem ser direcionadas para o n\u00famero 181, o Disque-Den\u00fancia da Secretaria da Seguran\u00e7a P\u00fablica e Defesa Social (SSPDS), ou para o (85)3101-0181, que \u00e9 o n\u00famero de WhatsApp, pelo qual podem ser feitas den\u00fancias via mensagem, \u00e1udio, v\u00eddeo e fotografia ou ainda via \u201ce-den\u00fancia\u201d, o site do servi\u00e7o 181, por meio do endere\u00e7o eletr\u00f4nico: https:\/\/disquedenuncia181.sspds.ce.gov.br\/.<\/p>\n\n\n\n<p>As den\u00fancias tamb\u00e9m podem ser encaminhadas para o telefone (88) 3673-7042, da Delegacia de Itapipoca. O sigilo e o anonimato s\u00e3o garantidos.<\/p>\n        <div class=\"booster-block booster-reactions-block\">\n            <div class=\"twp-reactions-icons\">\n                \n                <div class=\"twp-reacts-wrap\">\n                    <a react-data=\"be-react-1\" post-id=\"4813\" class=\"be-face-icons un-reacted\" href=\"javascript:void(0)\">\n                        <img decoding=\"async\" src=\"https:\/\/radar190.com.br\/wp-content\/plugins\/booster-extension\/\/assets\/icon\/happy.svg\" alt=\"Happy\">\n                    <\/a>\n                    <div class=\"twp-reaction-title\">\n                        Happy                    <\/div>\n                    <div class=\"twp-count-percent\">\n                                                    <span style=\"display: none;\" class=\"twp-react-count\">0<\/span>\n                        \n                                                <span class=\"twp-react-percent\"><span>0<\/span> %<\/span>\n                                            <\/div>\n                <\/div>\n\n                <div class=\"twp-reacts-wrap\">\n                    <a react-data=\"be-react-2\" post-id=\"4813\" class=\"be-face-icons un-reacted\" href=\"javascript:void(0)\">\n                        <img decoding=\"async\" src=\"https:\/\/radar190.com.br\/wp-content\/plugins\/booster-extension\/\/assets\/icon\/sad.svg\" alt=\"Sad\">\n                    <\/a>\n                    <div class=\"twp-reaction-title\">\n                        Sad                    <\/div>\n                    <div class=\"twp-count-percent\">\n                                                    <span style=\"display: none;\" class=\"twp-react-count\">0<\/span>\n                                                                        <span class=\"twp-react-percent\"><span>0<\/span> %<\/span>\n                                            <\/div>\n                <\/div>\n\n                <div class=\"twp-reacts-wrap\">\n                    <a react-data=\"be-react-3\" post-id=\"4813\" class=\"be-face-icons un-reacted\" href=\"javascript:void(0)\">\n                        <img decoding=\"async\" src=\"https:\/\/radar190.com.br\/wp-content\/plugins\/booster-extension\/\/assets\/icon\/excited.svg\" alt=\"Excited\">\n                    <\/a>\n                    <div class=\"twp-reaction-title\">\n                        Excited                    <\/div>\n                    <div class=\"twp-count-percent\">\n                                                    <span style=\"display: none;\" class=\"twp-react-count\">0<\/span>\n                                                                        <span class=\"twp-react-percent\"><span>0<\/span> %<\/span>\n                                            <\/div>\n                <\/div>\n\n                <div class=\"twp-reacts-wrap\">\n                    <a react-data=\"be-react-6\" post-id=\"4813\" class=\"be-face-icons un-reacted\" href=\"javascript:void(0)\">\n                        <img decoding=\"async\" src=\"https:\/\/radar190.com.br\/wp-content\/plugins\/booster-extension\/\/assets\/icon\/sleepy.svg\" alt=\"Sleepy\">\n                    <\/a>\n                    <div class=\"twp-reaction-title\">\n                        Sleepy                    <\/div>\n                    <div class=\"twp-count-percent\">\n                                                    <span style=\"display: none;\" class=\"twp-react-count\">0<\/span>\n                        \n                                                <span class=\"twp-react-percent\"><span>0<\/span> %<\/span>\n                                            <\/div>\n                <\/div>\n\n                <div class=\"twp-reacts-wrap\">\n                    <a react-data=\"be-react-4\" post-id=\"4813\" class=\"be-face-icons un-reacted\" href=\"javascript:void(0)\">\n                        <img decoding=\"async\" src=\"https:\/\/radar190.com.br\/wp-content\/plugins\/booster-extension\/\/assets\/icon\/angry.svg\" alt=\"Angry\">\n                    <\/a>\n                    <div class=\"twp-reaction-title\">Angry<\/div>\n                    <div class=\"twp-count-percent\">\n                                                    <span style=\"display: none;\" class=\"twp-react-count\">0<\/span>\n                                                                        <span class=\"twp-react-percent\"><span>0<\/span> %<\/span>\n                        \n                    <\/div>\n                <\/div>\n\n                <div class=\"twp-reacts-wrap\">\n                    <a react-data=\"be-react-5\" post-id=\"4813\" class=\"be-face-icons un-reacted\" href=\"javascript:void(0)\">\n                        <img decoding=\"async\" src=\"https:\/\/radar190.com.br\/wp-content\/plugins\/booster-extension\/\/assets\/icon\/surprise.svg\" alt=\"Surprise\">\n                    <\/a>\n                    <div class=\"twp-reaction-title\">Surprise<\/div>\n                    <div class=\"twp-count-percent\">\n                                                    <span style=\"display: none;\" class=\"twp-react-count\">0<\/span>\n                                                                        <span class=\"twp-react-percent\"><span>0<\/span> %<\/span>\n                                            <\/div>\n                <\/div>\n\n            <\/div>\n        <\/div>\n\n    ","protected":false},"excerpt":{"rendered":"<p>Um suspeito de tr\u00e1fico de drogas e porte irregular de arma de fogo foi preso em flagrante, nesse s\u00e1bado (18), em Itapipoca, \u00c1rea Integrada de Segur. Um suspeito de tr\u00e1fico de drogas e porte irregular de arma de fogo foi preso em flagrante, nesse s\u00e1bado (18), em Itapipoca, \u00c1rea Integrada [&hellip;]<\/p>\n","protected":false},"author":1,"featured_media":4814,"comment_status":"open","ping_status":"open","sticky":false,"template":"","format":"standard","meta":{"_mi_skip_tracking":false,"_ti_tpc_template_sync":false,"_ti_tpc_template_id":"","_joinchat":[],"footnotes":""},"categories":[5,14,13,1,9,18,12,8],"tags":[],"class_list":["post-4813","post","type-post","status-publish","format-standard","has-post-thumbnail","hentry","category-brasil","category-cidades","category-cultural","category-uncategorized","category-esporte","category-mundo-brasil","category-paraiba","category-policial"],"_links":{"self":[{"href":"https:\/\/radar190.com.br\/index.php\/wp-json\/wp\/v2\/posts\/4813","targetHints":{"allow":["GET"]}}],"collection":[{"href":"https:\/\/radar190.com.br\/index.php\/wp-json\/wp\/v2\/posts"}],"about":[{"href":"https:\/\/radar190.com.br\/index.php\/wp-json\/wp\/v2\/types\/post"}],"author":[{"embeddable":true,"href":"https:\/\/radar190.com.br\/index.php\/wp-json\/wp\/v2\/users\/1"}],"replies":[{"embeddable":true,"href":"https:\/\/radar190.com.br\/index.php\/wp-json\/wp\/v2\/comments?post=4813"}],"version-history":[{"count":1,"href":"https:\/\/radar190.com.br\/index.php\/wp-json\/wp\/v2\/posts\/4813\/revisions"}],"predecessor-version":[{"id":4815,"href":"https:\/\/radar190.com.br\/index.php\/wp-json\/wp\/v2\/posts\/4813\/revisions\/4815"}],"wp:featuredmedia":[{"embeddable":true,"href":"https:\/\/radar190.com.br\/index.php\/wp-json\/wp\/v2\/media\/4814"}],"wp:attachment":[{"href":"https:\/\/radar190.com.br\/index.php\/wp-json\/wp\/v2\/media?parent=4813"}],"wp:term":[{"taxonomy":"category","embeddable":true,"href":"https:\/\/radar190.com.br\/index.php\/wp-json\/wp\/v2\/categories?post=4813"},{"taxonomy":"post_tag","embeddable":true,"href":"https:\/\/radar190.com.br\/index.php\/wp-json\/wp\/v2\/tags?post=4813"}],"curies":[{"name":"wp","href":"https:\/\/api.w.org\/{rel}","templated":true}]}}