{"id":4750,"date":"2025-10-02T15:47:45","date_gmt":"2025-10-02T18:47:45","guid":{"rendered":"https:\/\/radar190.com.br\/?p=4750"},"modified":"2025-10-02T15:49:33","modified_gmt":"2025-10-02T18:49:33","slug":"video-equipe-de-karate-do-scfv-de-monte-horebe-conquista-15-medalhas-e-fica-em-3o-em-campeonato-no-ceara","status":"publish","type":"post","link":"https:\/\/radar190.com.br\/index.php\/2025\/10\/02\/video-equipe-de-karate-do-scfv-de-monte-horebe-conquista-15-medalhas-e-fica-em-3o-em-campeonato-no-ceara\/","title":{"rendered":"V\u00cdDEO: Equipe de karat\u00ea do SCFV de Monte Horebe conquista 15 medalhas e fica em 3\u00ba em campeonato no Cear\u00e1"},"content":{"rendered":"<div class='booster-block booster-read-block'>\n                <div class=\"twp-read-time\">\n                \t<i class=\"booster-icon twp-clock\"><\/i> <span>Read Time:<\/span>1 Minute, 36 Second                <\/div>\n\n            <\/div>\n<figure class=\"wp-block-image size-full is-resized\"><img loading=\"lazy\" decoding=\"async\" width=\"803\" height=\"502\" src=\"https:\/\/radar190.com.br\/wp-content\/uploads\/2025\/10\/image-2.png\" alt=\"\" class=\"wp-image-4753\" style=\"width:505px;height:auto\" srcset=\"https:\/\/radar190.com.br\/wp-content\/uploads\/2025\/10\/image-2.png 803w, https:\/\/radar190.com.br\/wp-content\/uploads\/2025\/10\/image-2-300x188.png 300w, https:\/\/radar190.com.br\/wp-content\/uploads\/2025\/10\/image-2-768x480.png 768w\" sizes=\"auto, (max-width: 803px) 100vw, 803px\" \/><\/figure>\n\n\n\n<p>Os pr\u00f3ximos desafios ser\u00e3o entre os dias 19 e 22 de novembro, em Parauapebas, na fase nacional classificat\u00f3rio para o mundial que vai acontecer no Par\u00e1<\/p>\n\n\n\n<p>A equipe de karat\u00ea do Servi\u00e7o de Conviv\u00eancia e Fortalecimento de V\u00ednculos (SCFV) da Prefeitura de Monte Horebe, no Sert\u00e3o paraibano, encerrou sua participa\u00e7\u00e3o na 2\u00aa fase do Campeonato Cearense de Karat\u00ea Full Contact, realizada em Brejo Santo, com resultados hist\u00f3ricos.Os alunos garantiram 15 medalhas e confirmaram o 3\u00ba lugar geral da competi\u00e7\u00e3o para o munic\u00edpio. A conquista marcante foi celebrada pelo professor Rog\u00e9rio\u00a0<a href=\"https:\/\/www.diariodosertao.com.br\/cidade\/sousa\">Sousa<\/a>\u00a0no programa Olho Vivo, da Rede\u00a0<a href=\"https:\/\/www.diariodosertao.com.br\/\">Di\u00e1rio do Sert\u00e3o<\/a>.<\/p>\n\n\n\n<figure class=\"wp-block-image size-full is-resized\"><img loading=\"lazy\" decoding=\"async\" width=\"778\" height=\"509\" src=\"https:\/\/radar190.com.br\/wp-content\/uploads\/2025\/10\/image-1.png\" alt=\"\" class=\"wp-image-4752\" style=\"width:538px;height:auto\" srcset=\"https:\/\/radar190.com.br\/wp-content\/uploads\/2025\/10\/image-1.png 778w, https:\/\/radar190.com.br\/wp-content\/uploads\/2025\/10\/image-1-300x196.png 300w, https:\/\/radar190.com.br\/wp-content\/uploads\/2025\/10\/image-1-768x502.png 768w\" sizes=\"auto, (max-width: 778px) 100vw, 778px\" \/><\/figure>\n\n\n\n<p>\u201cO sucesso no p\u00f3dio e o avan\u00e7o no cen\u00e1rio estadual confirmam o potencial da oficina de karat\u00ea do SCFV, que vem recebendo apoio do munic\u00edpio desde a gest\u00e3o do ex-prefeito Marcos Eron, e agora dando continuidade com a prefeita Milena Nogueira\u201d.O apoio da Prefeitura de Monte Horebe vem atrav\u00e9s da Secretaria de A\u00e7\u00e3o Social e da Secretaria de Transportes, que garantiram toda a log\u00edstica necess\u00e1ria, permitindo que os jovens pudessem focar apenas em seu desempenho e dedica\u00e7\u00e3o nos tatames.<\/p>\n\n\n\n<p>\u201cEste resultado mostra que investir no esporte \u00e9 investir na transforma\u00e7\u00e3o e no futuro da juventude de Monte Horebe. O karat\u00ea n\u00e3o s\u00f3 prepara para serem campe\u00f5es nas competi\u00e7\u00f5es, mas tamb\u00e9m forma bons cidad\u00e3os. Os exerc\u00edcios e as tarefas ocupam a mente para eles estarem com uma mente produtiva e s\u00e1bia\u201d, ressaltou professor Rog\u00e9rio.N\u00e3o \u00e9 a primeira vez que os alunos de karat\u00ea do Servi\u00e7o de Conviv\u00eancia e Fortalecimento de V\u00ednculos da Prefeitura de Monte Horebe se destacam em competi\u00e7\u00f5es fora da Para\u00edba. No ano passado, quatro atletas estiveram no campeonato mundial da It\u00e1lia. A equipe brasileira trouxe seis medalhas para o pa\u00eds.<\/p>\n\n\n\n<p>Os pr\u00f3ximos desafios ser\u00e3o entre os dias 19 e 22 de novembro, em Parauapebas, na fase nacional classificat\u00f3rio para o mundial que vai acontecer no Par\u00e1.<\/p>\n\n\n\n<figure class=\"wp-block-embed is-type-video is-provider-youtube wp-block-embed-youtube wp-embed-aspect-16-9 wp-has-aspect-ratio\"><div class=\"wp-block-embed__wrapper\">\n<iframe loading=\"lazy\" title=\"Equipe de karat\u00ea do SCFV de Monte Horebe conquista 15 medalhas e fica em 3\u00ba em campeonato no Cear\u00e1\" width=\"640\" height=\"360\" src=\"https:\/\/www.youtube.com\/embed\/Ih8Lew2HNRY?feature=oembed\" frameborder=\"0\" allow=\"accelerometer; autoplay; clipboard-write; encrypted-media; gyroscope; picture-in-picture; web-share\" referrerpolicy=\"strict-origin-when-cross-origin\" allowfullscreen><\/iframe>\n<\/div><\/figure>\n\n\n\n<figure class=\"wp-block-image size-full is-resized\"><img loading=\"lazy\" decoding=\"async\" width=\"736\" height=\"507\" src=\"https:\/\/radar190.com.br\/wp-content\/uploads\/2025\/10\/image.png\" alt=\"\" class=\"wp-image-4751\" style=\"width:485px;height:auto\" srcset=\"https:\/\/radar190.com.br\/wp-content\/uploads\/2025\/10\/image.png 736w, https:\/\/radar190.com.br\/wp-content\/uploads\/2025\/10\/image-300x207.png 300w\" sizes=\"auto, (max-width: 736px) 100vw, 736px\" \/><\/figure>\n        <div class=\"booster-block booster-reactions-block\">\n            <div class=\"twp-reactions-icons\">\n                \n                <div class=\"twp-reacts-wrap\">\n                    <a react-data=\"be-react-1\" post-id=\"4750\" class=\"be-face-icons un-reacted\" href=\"javascript:void(0)\">\n                        <img decoding=\"async\" src=\"https:\/\/radar190.com.br\/wp-content\/plugins\/booster-extension\/\/assets\/icon\/happy.svg\" alt=\"Happy\">\n                    <\/a>\n                    <div class=\"twp-reaction-title\">\n                        Happy                    <\/div>\n                    <div class=\"twp-count-percent\">\n                                                    <span style=\"display: none;\" class=\"twp-react-count\">0<\/span>\n                        \n                                                <span class=\"twp-react-percent\"><span>0<\/span> %<\/span>\n                                            <\/div>\n                <\/div>\n\n                <div class=\"twp-reacts-wrap\">\n                    <a react-data=\"be-react-2\" post-id=\"4750\" class=\"be-face-icons un-reacted\" href=\"javascript:void(0)\">\n                        <img decoding=\"async\" src=\"https:\/\/radar190.com.br\/wp-content\/plugins\/booster-extension\/\/assets\/icon\/sad.svg\" alt=\"Sad\">\n                    <\/a>\n                    <div class=\"twp-reaction-title\">\n                        Sad                    <\/div>\n                    <div class=\"twp-count-percent\">\n                                                    <span style=\"display: none;\" class=\"twp-react-count\">0<\/span>\n                                                                        <span class=\"twp-react-percent\"><span>0<\/span> %<\/span>\n                                            <\/div>\n                <\/div>\n\n                <div class=\"twp-reacts-wrap\">\n                    <a react-data=\"be-react-3\" post-id=\"4750\" class=\"be-face-icons un-reacted\" href=\"javascript:void(0)\">\n                        <img decoding=\"async\" src=\"https:\/\/radar190.com.br\/wp-content\/plugins\/booster-extension\/\/assets\/icon\/excited.svg\" alt=\"Excited\">\n                    <\/a>\n                    <div class=\"twp-reaction-title\">\n                        Excited                    <\/div>\n                    <div class=\"twp-count-percent\">\n                                                    <span style=\"display: none;\" class=\"twp-react-count\">0<\/span>\n                                                                        <span class=\"twp-react-percent\"><span>0<\/span> %<\/span>\n                                            <\/div>\n                <\/div>\n\n                <div class=\"twp-reacts-wrap\">\n                    <a react-data=\"be-react-6\" post-id=\"4750\" class=\"be-face-icons un-reacted\" href=\"javascript:void(0)\">\n                        <img decoding=\"async\" src=\"https:\/\/radar190.com.br\/wp-content\/plugins\/booster-extension\/\/assets\/icon\/sleepy.svg\" alt=\"Sleepy\">\n                    <\/a>\n                    <div class=\"twp-reaction-title\">\n                        Sleepy                    <\/div>\n                    <div class=\"twp-count-percent\">\n                                                    <span style=\"display: none;\" class=\"twp-react-count\">0<\/span>\n                        \n                                                <span class=\"twp-react-percent\"><span>0<\/span> %<\/span>\n                                            <\/div>\n                <\/div>\n\n                <div class=\"twp-reacts-wrap\">\n                    <a react-data=\"be-react-4\" post-id=\"4750\" class=\"be-face-icons un-reacted\" href=\"javascript:void(0)\">\n                        <img decoding=\"async\" src=\"https:\/\/radar190.com.br\/wp-content\/plugins\/booster-extension\/\/assets\/icon\/angry.svg\" alt=\"Angry\">\n                    <\/a>\n                    <div class=\"twp-reaction-title\">Angry<\/div>\n                    <div class=\"twp-count-percent\">\n                                                    <span style=\"display: none;\" class=\"twp-react-count\">0<\/span>\n                                                                        <span class=\"twp-react-percent\"><span>0<\/span> %<\/span>\n                        \n                    <\/div>\n                <\/div>\n\n                <div class=\"twp-reacts-wrap\">\n                    <a react-data=\"be-react-5\" post-id=\"4750\" class=\"be-face-icons un-reacted\" href=\"javascript:void(0)\">\n                        <img decoding=\"async\" src=\"https:\/\/radar190.com.br\/wp-content\/plugins\/booster-extension\/\/assets\/icon\/surprise.svg\" alt=\"Surprise\">\n                    <\/a>\n                    <div class=\"twp-reaction-title\">Surprise<\/div>\n                    <div class=\"twp-count-percent\">\n                                                    <span style=\"display: none;\" class=\"twp-react-count\">0<\/span>\n                                                                        <span class=\"twp-react-percent\"><span>0<\/span> %<\/span>\n                                            <\/div>\n                <\/div>\n\n            <\/div>\n        <\/div>\n\n    ","protected":false},"excerpt":{"rendered":"<p>Os pr\u00f3ximos desafios ser\u00e3o entre os dias 19 e 22 de novembro, em Parauapebas, na fase nacional classificat\u00f3rio para o mundial que vai acontecer no Par\u00e1 A equipe de karat\u00ea do Servi\u00e7o de Conviv\u00eancia e Fortalecimento de V\u00ednculos (SCFV) da Prefeitura de Monte Horebe, no Sert\u00e3o paraibano, encerrou sua participa\u00e7\u00e3o [&hellip;]<\/p>\n","protected":false},"author":1,"featured_media":4753,"comment_status":"open","ping_status":"open","sticky":false,"template":"","format":"standard","meta":{"_mi_skip_tracking":false,"_ti_tpc_template_sync":false,"_ti_tpc_template_id":"","_joinchat":[],"footnotes":""},"categories":[5,14,13,1,9,18,12,8],"tags":[],"class_list":["post-4750","post","type-post","status-publish","format-standard","has-post-thumbnail","hentry","category-brasil","category-cidades","category-cultural","category-uncategorized","category-esporte","category-mundo-brasil","category-paraiba","category-policial"],"_links":{"self":[{"href":"https:\/\/radar190.com.br\/index.php\/wp-json\/wp\/v2\/posts\/4750","targetHints":{"allow":["GET"]}}],"collection":[{"href":"https:\/\/radar190.com.br\/index.php\/wp-json\/wp\/v2\/posts"}],"about":[{"href":"https:\/\/radar190.com.br\/index.php\/wp-json\/wp\/v2\/types\/post"}],"author":[{"embeddable":true,"href":"https:\/\/radar190.com.br\/index.php\/wp-json\/wp\/v2\/users\/1"}],"replies":[{"embeddable":true,"href":"https:\/\/radar190.com.br\/index.php\/wp-json\/wp\/v2\/comments?post=4750"}],"version-history":[{"count":2,"href":"https:\/\/radar190.com.br\/index.php\/wp-json\/wp\/v2\/posts\/4750\/revisions"}],"predecessor-version":[{"id":4756,"href":"https:\/\/radar190.com.br\/index.php\/wp-json\/wp\/v2\/posts\/4750\/revisions\/4756"}],"wp:featuredmedia":[{"embeddable":true,"href":"https:\/\/radar190.com.br\/index.php\/wp-json\/wp\/v2\/media\/4753"}],"wp:attachment":[{"href":"https:\/\/radar190.com.br\/index.php\/wp-json\/wp\/v2\/media?parent=4750"}],"wp:term":[{"taxonomy":"category","embeddable":true,"href":"https:\/\/radar190.com.br\/index.php\/wp-json\/wp\/v2\/categories?post=4750"},{"taxonomy":"post_tag","embeddable":true,"href":"https:\/\/radar190.com.br\/index.php\/wp-json\/wp\/v2\/tags?post=4750"}],"curies":[{"name":"wp","href":"https:\/\/api.w.org\/{rel}","templated":true}]}}