{"id":4746,"date":"2025-09-30T09:24:58","date_gmt":"2025-09-30T12:24:58","guid":{"rendered":"https:\/\/radar190.com.br\/?p=4746"},"modified":"2025-09-30T09:35:08","modified_gmt":"2025-09-30T12:35:08","slug":"urgente-jovem-com-problemas-na-visao-pede-ajuda-para-fazer-tratamento-em-belo-horizonte-mg-veja","status":"publish","type":"post","link":"https:\/\/radar190.com.br\/index.php\/2025\/09\/30\/urgente-jovem-com-problemas-na-visao-pede-ajuda-para-fazer-tratamento-em-belo-horizonte-mg-veja\/","title":{"rendered":"URGENTE-Jovem com problemas na vis\u00e3o pede ajuda para fazer tratamento em Belo Horizonte MG-VEJA!"},"content":{"rendered":"<div class='booster-block booster-read-block'>\n                <div class=\"twp-read-time\">\n                \t<i class=\"booster-icon twp-clock\"><\/i> <span>Read Time:<\/span>3 Minute, 3 Second                <\/div>\n\n            <\/div>\n<figure class=\"wp-block-image size-full\"><img loading=\"lazy\" decoding=\"async\" width=\"750\" height=\"375\" src=\"https:\/\/radar190.com.br\/wp-content\/uploads\/2025\/09\/image-16.png\" alt=\"\" class=\"wp-image-4748\" srcset=\"https:\/\/radar190.com.br\/wp-content\/uploads\/2025\/09\/image-16.png 750w, https:\/\/radar190.com.br\/wp-content\/uploads\/2025\/09\/image-16-300x150.png 300w\" sizes=\"auto, (max-width: 750px) 100vw, 750px\" \/><\/figure>\n\n\n\n<p>Moradora da zona rural de Campo Grande (RN), Maria Aparecida necessita de assist\u00eancia especializada em Belo Horizonte (MG)<\/p>\n\n\n\n<p>Nesta semana, Maria Aparecida, de 19 anos, moradora da zona rural de Campo Grande, interior do RN, chamou aten\u00e7\u00e3o nas redes sociais ao realizar uma campanha solid\u00e1ria em prol de um tratamento ocular que s\u00f3 pode ser feito em Belo Horizonte.\u00a0A jovem possui apenas 10% da capacidade de enxergar.Maria Aparecida \u00e9 g\u00eamea e nasceu de parto prematuro, quando a m\u00e3e estava com sete meses de gesta\u00e7\u00e3o. Quando tinha um ano de vida, a m\u00e3e da menina percebeu que ela batia com frequ\u00eancia nas coisas que estavam \u00e0 sua frente, o que a levou a procurar ajuda m\u00e9dica. Na consulta, foi constatado que Maria tinha 10 graus de miopia.\u00a0Maria seguiu com os tratamentos necess\u00e1rios e, aos 11 anos de idade, ela come\u00e7ou a notar diferen\u00e7as na vis\u00e3o, foi quando procurou um retin\u00f3logo. Ao realizar exames m\u00e9dicos, foi descoberto que ela estava com um descolamento na retina. Para isso, a jovem precisou passar por 12 sess\u00f5es de laser, terminando o procedimento por volta dos 17 anos. No entanto, ainda h\u00e1 chances de revers\u00e3o e a retina pode voltar a descolar.&nbsp;<\/p>\n\n\n\n<p>Em junho deste ano, Maria Aparecida retornou ao m\u00e9dico e, ao fazer exames de rotina, constatou a perda da capacidade de enxergar. Atualmente, ela tem apenas 10% da vis\u00e3o.&nbsp;<\/p>\n\n\n\n<p>Al\u00e9m da miopia, do astigmatismo e do descolamento da retina nos dois olhos, Maria tamb\u00e9m possui retinopatia da prematuridade, que \u00e9 uma condi\u00e7\u00e3o em que os pequenos vasos sangu\u00edneos localizados na retina do beb\u00ea prematuro crescem de forma anormal.&nbsp;<\/p>\n\n\n\n<p>A retina capta a luz que entra no olho e a envia ao c\u00e9rebro por meio do nervo \u00f3ptico, possibilitando a forma\u00e7\u00e3o da vis\u00e3o. Por isso, o \u00f3rg\u00e3o precisa dos vasos sangu\u00edneos para funcionar. Em casos de beb\u00eas prematuros, esse processo \u00e9 interrompido e os vasos continuam crescendo de forma desorganizada produzindo subst\u00e2ncias que estimulam o surgimento de novos vasos.<\/p>\n\n\n\n<p>Outro problema enfrentado por Maria Aparecida \u00e9 o nistagmo, que s\u00e3o movimentos involunt\u00e1rios e repetitivos nos olhos, o que pode causar a redu\u00e7\u00e3o da capacidade de vis\u00e3o. Al\u00e9m dos movimentos, que podem ser na horizontal ou na vertical, existem outros sintomas como: sensibilidade \u00e0 luz, dificuldade de ver no escuro, tonturas, tremor no olho, como \u00e9 o caso de Maria, entre outros.&nbsp;<\/p>\n\n\n\n<p>Al\u00e9m disso, ela tamb\u00e9m sofre com cegueira binocular, que \u00e9 a dificuldade de enxergar com os dois olhos em conjunto e com miopia degenerativa, que \u00e9 uma doen\u00e7a causada pelo alongamento excessivo do globo ocular, o que provoca o afinamento e estiramento da retina.\u00a0Com esses problemas que comprometem a sua vis\u00e3o, fazer atividades simples do dia a dia tem sido uma tarefa dif\u00edcil. \u201cEu costumo dizer que todo dia eu tenho que me reinventar, todo dia eu tenho que aprender a me adaptar com as coisas que eu enfrento\u201d, relata.<\/p>\n\n\n\n<p>Maria Aparecida conta ainda que, em casa, tem o suporte dos pais, mas na escola os desafios s\u00e3o maiores. \u201cEu gosto de estudar, eu gosto de aprender e eu tenho muita dificuldade. Hoje em dia eu tenho um auxiliar na sala comigo, tamb\u00e9m tenho minha colega que me ajuda bastante no que eu preciso e a gente vai prosseguindo, n\u00e9? Mas eu j\u00e1 pensei em parar de estudar porque \u00e9 muito complicado.\u201d<\/p>\n\n\n\n<p>Para conseguir arcar com os gastos da viagem e do tratamento, Maria Aparecida iniciou uma campanha solid\u00e1ria online. Em um v\u00eddeo publicado no&nbsp;<a href=\"https:\/\/www.instagram.com\/p\/DOe4YzXkbLi\/\">seu perfil<\/a>&nbsp;em uma rede social, Maria conta a sua hist\u00f3ria e pede a ajuda das pessoas.<\/p>\n\n\n\n<p>As doa\u00e7\u00f5es est\u00e3o sendo feitas via pix: 84999244613 \u2013 Banco Inter. \u00a0<\/p>\n\n\n\n<figure class=\"wp-block-image size-full is-resized\"><img loading=\"lazy\" decoding=\"async\" width=\"1024\" height=\"740\" src=\"https:\/\/radar190.com.br\/wp-content\/uploads\/2025\/09\/image-15.png\" alt=\"\" class=\"wp-image-4747\" style=\"width:661px;height:auto\" srcset=\"https:\/\/radar190.com.br\/wp-content\/uploads\/2025\/09\/image-15.png 1024w, https:\/\/radar190.com.br\/wp-content\/uploads\/2025\/09\/image-15-300x217.png 300w, https:\/\/radar190.com.br\/wp-content\/uploads\/2025\/09\/image-15-768x555.png 768w\" sizes=\"auto, (max-width: 1024px) 100vw, 1024px\" \/><\/figure>\n        <div class=\"booster-block booster-reactions-block\">\n            <div class=\"twp-reactions-icons\">\n                \n                <div class=\"twp-reacts-wrap\">\n                    <a react-data=\"be-react-1\" post-id=\"4746\" class=\"be-face-icons un-reacted\" href=\"javascript:void(0)\">\n                        <img decoding=\"async\" src=\"https:\/\/radar190.com.br\/wp-content\/plugins\/booster-extension\/\/assets\/icon\/happy.svg\" alt=\"Happy\">\n                    <\/a>\n                    <div class=\"twp-reaction-title\">\n                        Happy                    <\/div>\n                    <div class=\"twp-count-percent\">\n                                                    <span style=\"display: none;\" class=\"twp-react-count\">0<\/span>\n                        \n                                                <span class=\"twp-react-percent\"><span>0<\/span> %<\/span>\n                                            <\/div>\n                <\/div>\n\n                <div class=\"twp-reacts-wrap\">\n                    <a react-data=\"be-react-2\" post-id=\"4746\" class=\"be-face-icons un-reacted\" href=\"javascript:void(0)\">\n                        <img decoding=\"async\" src=\"https:\/\/radar190.com.br\/wp-content\/plugins\/booster-extension\/\/assets\/icon\/sad.svg\" alt=\"Sad\">\n                    <\/a>\n                    <div class=\"twp-reaction-title\">\n                        Sad                    <\/div>\n                    <div class=\"twp-count-percent\">\n                                                    <span style=\"display: none;\" class=\"twp-react-count\">0<\/span>\n                                                                        <span class=\"twp-react-percent\"><span>0<\/span> %<\/span>\n                                            <\/div>\n                <\/div>\n\n                <div class=\"twp-reacts-wrap\">\n                    <a react-data=\"be-react-3\" post-id=\"4746\" class=\"be-face-icons un-reacted\" href=\"javascript:void(0)\">\n                        <img decoding=\"async\" src=\"https:\/\/radar190.com.br\/wp-content\/plugins\/booster-extension\/\/assets\/icon\/excited.svg\" alt=\"Excited\">\n                    <\/a>\n                    <div class=\"twp-reaction-title\">\n                        Excited                    <\/div>\n                    <div class=\"twp-count-percent\">\n                                                    <span style=\"display: none;\" class=\"twp-react-count\">0<\/span>\n                                                                        <span class=\"twp-react-percent\"><span>0<\/span> %<\/span>\n                                            <\/div>\n                <\/div>\n\n                <div class=\"twp-reacts-wrap\">\n                    <a react-data=\"be-react-6\" post-id=\"4746\" class=\"be-face-icons un-reacted\" href=\"javascript:void(0)\">\n                        <img decoding=\"async\" src=\"https:\/\/radar190.com.br\/wp-content\/plugins\/booster-extension\/\/assets\/icon\/sleepy.svg\" alt=\"Sleepy\">\n                    <\/a>\n                    <div class=\"twp-reaction-title\">\n                        Sleepy                    <\/div>\n                    <div class=\"twp-count-percent\">\n                                                    <span style=\"display: none;\" class=\"twp-react-count\">0<\/span>\n                        \n                                                <span class=\"twp-react-percent\"><span>0<\/span> %<\/span>\n                                            <\/div>\n                <\/div>\n\n                <div class=\"twp-reacts-wrap\">\n                    <a react-data=\"be-react-4\" post-id=\"4746\" class=\"be-face-icons un-reacted\" href=\"javascript:void(0)\">\n                        <img decoding=\"async\" src=\"https:\/\/radar190.com.br\/wp-content\/plugins\/booster-extension\/\/assets\/icon\/angry.svg\" alt=\"Angry\">\n                    <\/a>\n                    <div class=\"twp-reaction-title\">Angry<\/div>\n                    <div class=\"twp-count-percent\">\n                                                    <span style=\"display: none;\" class=\"twp-react-count\">0<\/span>\n                                                                        <span class=\"twp-react-percent\"><span>0<\/span> %<\/span>\n                        \n                    <\/div>\n                <\/div>\n\n                <div class=\"twp-reacts-wrap\">\n                    <a react-data=\"be-react-5\" post-id=\"4746\" class=\"be-face-icons un-reacted\" href=\"javascript:void(0)\">\n                        <img decoding=\"async\" src=\"https:\/\/radar190.com.br\/wp-content\/plugins\/booster-extension\/\/assets\/icon\/surprise.svg\" alt=\"Surprise\">\n                    <\/a>\n                    <div class=\"twp-reaction-title\">Surprise<\/div>\n                    <div class=\"twp-count-percent\">\n                                                    <span style=\"display: none;\" class=\"twp-react-count\">0<\/span>\n                                                                        <span class=\"twp-react-percent\"><span>0<\/span> %<\/span>\n                                            <\/div>\n                <\/div>\n\n            <\/div>\n        <\/div>\n\n    ","protected":false},"excerpt":{"rendered":"<p>Moradora da zona rural de Campo Grande (RN), Maria Aparecida necessita de assist\u00eancia especializada em Belo Horizonte (MG) Nesta semana, Maria Aparecida, de 19 anos, moradora da zona rural de Campo Grande, interior do RN, chamou aten\u00e7\u00e3o nas redes sociais ao realizar uma campanha solid\u00e1ria em prol de um tratamento [&hellip;]<\/p>\n","protected":false},"author":1,"featured_media":4748,"comment_status":"open","ping_status":"open","sticky":false,"template":"","format":"standard","meta":{"_mi_skip_tracking":false,"_ti_tpc_template_sync":false,"_ti_tpc_template_id":"","_joinchat":[],"footnotes":""},"categories":[5,14,13,1,9,18,12,8],"tags":[],"class_list":["post-4746","post","type-post","status-publish","format-standard","has-post-thumbnail","hentry","category-brasil","category-cidades","category-cultural","category-uncategorized","category-esporte","category-mundo-brasil","category-paraiba","category-policial"],"_links":{"self":[{"href":"https:\/\/radar190.com.br\/index.php\/wp-json\/wp\/v2\/posts\/4746","targetHints":{"allow":["GET"]}}],"collection":[{"href":"https:\/\/radar190.com.br\/index.php\/wp-json\/wp\/v2\/posts"}],"about":[{"href":"https:\/\/radar190.com.br\/index.php\/wp-json\/wp\/v2\/types\/post"}],"author":[{"embeddable":true,"href":"https:\/\/radar190.com.br\/index.php\/wp-json\/wp\/v2\/users\/1"}],"replies":[{"embeddable":true,"href":"https:\/\/radar190.com.br\/index.php\/wp-json\/wp\/v2\/comments?post=4746"}],"version-history":[{"count":1,"href":"https:\/\/radar190.com.br\/index.php\/wp-json\/wp\/v2\/posts\/4746\/revisions"}],"predecessor-version":[{"id":4749,"href":"https:\/\/radar190.com.br\/index.php\/wp-json\/wp\/v2\/posts\/4746\/revisions\/4749"}],"wp:featuredmedia":[{"embeddable":true,"href":"https:\/\/radar190.com.br\/index.php\/wp-json\/wp\/v2\/media\/4748"}],"wp:attachment":[{"href":"https:\/\/radar190.com.br\/index.php\/wp-json\/wp\/v2\/media?parent=4746"}],"wp:term":[{"taxonomy":"category","embeddable":true,"href":"https:\/\/radar190.com.br\/index.php\/wp-json\/wp\/v2\/categories?post=4746"},{"taxonomy":"post_tag","embeddable":true,"href":"https:\/\/radar190.com.br\/index.php\/wp-json\/wp\/v2\/tags?post=4746"}],"curies":[{"name":"wp","href":"https:\/\/api.w.org\/{rel}","templated":true}]}}