{"id":4742,"date":"2025-09-26T10:54:04","date_gmt":"2025-09-26T13:54:04","guid":{"rendered":"https:\/\/radar190.com.br\/?p=4742"},"modified":"2025-09-26T10:54:34","modified_gmt":"2025-09-26T13:54:34","slug":"educacao-de-monte-horebe-mostra-forca-e-leva-alunos-ao-podio-da-oczm-2025","status":"publish","type":"post","link":"https:\/\/radar190.com.br\/index.php\/2025\/09\/26\/educacao-de-monte-horebe-mostra-forca-e-leva-alunos-ao-podio-da-oczm-2025\/","title":{"rendered":"Educa\u00e7\u00e3o de Monte Horebe mostra for\u00e7a e leva alunos ao p\u00f3dio da OCZM 2025"},"content":{"rendered":"<div class='booster-block booster-read-block'>\n                <div class=\"twp-read-time\">\n                \t<i class=\"booster-icon twp-clock\"><\/i> <span>Read Time:<\/span>1 Minute, 41 Second                <\/div>\n\n            <\/div>\n<figure class=\"wp-block-image size-full is-resized\"><img loading=\"lazy\" decoding=\"async\" width=\"819\" height=\"1024\" src=\"https:\/\/radar190.com.br\/wp-content\/uploads\/2025\/09\/image-14.png\" alt=\"\" class=\"wp-image-4744\" style=\"width:461px;height:auto\" srcset=\"https:\/\/radar190.com.br\/wp-content\/uploads\/2025\/09\/image-14.png 819w, https:\/\/radar190.com.br\/wp-content\/uploads\/2025\/09\/image-14-240x300.png 240w, https:\/\/radar190.com.br\/wp-content\/uploads\/2025\/09\/image-14-768x960.png 768w\" sizes=\"auto, (max-width: 819px) 100vw, 819px\" \/><\/figure>\n\n\n\n<p><strong>\u00danica escola p\u00fablica municipal a conquistar medalhas entre os dez melhores na OCZM 2025<\/strong><\/p>\n\n\n\n<p>A Educa\u00e7\u00e3o de Monte Horebe, conhecida como Cidade Educadora, segue sendo motivo de orgulho e refer\u00eancia para toda a regi\u00e3o!<\/p>\n\n\n\n<p>Alunos da EMEIF Jos\u00e9 Dias Guarita conquistaram medalhas na X Olimp\u00edada Cajazeirense de Matem\u00e1tica 2025 \u2013 OCZM, uma das competi\u00e7\u00f5es mais prestigiadas, que re\u00fane escolas p\u00fablicas e privadas.<\/p>\n\n\n\n<p>Os estudantes Hiarley Henrique Dias (8\u00ba Ano A) e Ariele Lorena Tavares de Souza (9\u00ba Ano A) garantiram o 2\u00ba e o 9\u00ba lugar, respectivamente, no N\u00edvel I da competi\u00e7\u00e3o, que abrange alunos do 8\u00ba e 9\u00ba ano do Ensino Fundamental.Monte Horebe brilhou como a \u00fanica escola municipal com alunos medalhistas, colocando dois nomes entre os dez melhores da Olimp\u00edada. Um feito que reflete o compromisso da gest\u00e3o educacional, o empenho dos professores e o apoio fundamental das fam\u00edlias, que incentivam a dedica\u00e7\u00e3o e o amor pela Matem\u00e1tica.<\/p>\n\n\n\n<p>A solenidade de premia\u00e7\u00e3o ser\u00e1 realizada neste s\u00e1bado, 20 de setembro de 2025, \u00e0s 8h, no Instituto Federal da Para\u00edba (IFPB) \u2013 Campus Cajazeiras, reunindo estudantes, familiares, professores e autoridades da regi\u00e3o.<\/p>\n\n\n\n<p>Esse resultado \u00e9 fruto de um trabalho de continuidade e responsabilidade. A atual prefeita Milena Nogueira vem dando sequ\u00eancia a uma pol\u00edtica educacional s\u00e9ria e comprometida, que valoriza os estudantes e garante investimentos que transformam vidas. Ao mesmo tempo, reconhece-se o legado deixado pelo ex-prefeito Marcos Eron, que consolidou a marca de Monte Horebe como Cidade Educadora, um projeto que hoje rende frutos e coloca o munic\u00edpio em posi\u00e7\u00e3o de destaque.<\/p>\n\n\n\n<p>Monte Horebe mostra, mais uma vez, que a educa\u00e7\u00e3o p\u00fablica de qualidade \u00e9 poss\u00edvel quando h\u00e1 planejamento, dedica\u00e7\u00e3o e vontade pol\u00edtica de transformar o futuro das novas gera\u00e7\u00f5es.<\/p>\n\n\n\n<p>Como dizia Albert Einstein:<\/p>\n\n\n\n<p>\u201cA matem\u00e1tica pura \u00e9, \u00e0 sua maneira, a poesia das ideias l\u00f3gicas.\u201d<\/p>\n\n\n\n<p>Parab\u00e9ns aos nossos campe\u00f5es! Que esta seja apenas a primeira de muitas outras vit\u00f3rias para os estudantes de Monte Horebe, que seguem levando o nome da cidade ao mais alto patamar da educa\u00e7\u00e3o regional.<\/p>\n\n\n\n<figure class=\"wp-block-image size-full\"><img loading=\"lazy\" decoding=\"async\" width=\"1003\" height=\"711\" src=\"https:\/\/radar190.com.br\/wp-content\/uploads\/2025\/09\/image-13.png\" alt=\"\" class=\"wp-image-4743\" srcset=\"https:\/\/radar190.com.br\/wp-content\/uploads\/2025\/09\/image-13.png 1003w, https:\/\/radar190.com.br\/wp-content\/uploads\/2025\/09\/image-13-300x213.png 300w, https:\/\/radar190.com.br\/wp-content\/uploads\/2025\/09\/image-13-768x544.png 768w\" sizes=\"auto, (max-width: 1003px) 100vw, 1003px\" \/><\/figure>\n\n\n\n<p>Blog do Silvano Dias<\/p>\n        <div class=\"booster-block booster-reactions-block\">\n            <div class=\"twp-reactions-icons\">\n                \n                <div class=\"twp-reacts-wrap\">\n                    <a react-data=\"be-react-1\" post-id=\"4742\" class=\"be-face-icons un-reacted\" href=\"javascript:void(0)\">\n                        <img decoding=\"async\" src=\"https:\/\/radar190.com.br\/wp-content\/plugins\/booster-extension\/\/assets\/icon\/happy.svg\" alt=\"Happy\">\n                    <\/a>\n                    <div class=\"twp-reaction-title\">\n                        Happy                    <\/div>\n                    <div class=\"twp-count-percent\">\n                                                    <span style=\"display: none;\" class=\"twp-react-count\">0<\/span>\n                        \n                                                <span class=\"twp-react-percent\"><span>0<\/span> %<\/span>\n                                            <\/div>\n                <\/div>\n\n                <div class=\"twp-reacts-wrap\">\n                    <a react-data=\"be-react-2\" post-id=\"4742\" class=\"be-face-icons un-reacted\" href=\"javascript:void(0)\">\n                        <img decoding=\"async\" src=\"https:\/\/radar190.com.br\/wp-content\/plugins\/booster-extension\/\/assets\/icon\/sad.svg\" alt=\"Sad\">\n                    <\/a>\n                    <div class=\"twp-reaction-title\">\n                        Sad                    <\/div>\n                    <div class=\"twp-count-percent\">\n                                                    <span style=\"display: none;\" class=\"twp-react-count\">0<\/span>\n                                                                        <span class=\"twp-react-percent\"><span>0<\/span> %<\/span>\n                                            <\/div>\n                <\/div>\n\n                <div class=\"twp-reacts-wrap\">\n                    <a react-data=\"be-react-3\" post-id=\"4742\" class=\"be-face-icons un-reacted\" href=\"javascript:void(0)\">\n                        <img decoding=\"async\" src=\"https:\/\/radar190.com.br\/wp-content\/plugins\/booster-extension\/\/assets\/icon\/excited.svg\" alt=\"Excited\">\n                    <\/a>\n                    <div class=\"twp-reaction-title\">\n                        Excited                    <\/div>\n                    <div class=\"twp-count-percent\">\n                                                    <span style=\"display: none;\" class=\"twp-react-count\">0<\/span>\n                                                                        <span class=\"twp-react-percent\"><span>0<\/span> %<\/span>\n                                            <\/div>\n                <\/div>\n\n                <div class=\"twp-reacts-wrap\">\n                    <a react-data=\"be-react-6\" post-id=\"4742\" class=\"be-face-icons un-reacted\" href=\"javascript:void(0)\">\n                        <img decoding=\"async\" src=\"https:\/\/radar190.com.br\/wp-content\/plugins\/booster-extension\/\/assets\/icon\/sleepy.svg\" alt=\"Sleepy\">\n                    <\/a>\n                    <div class=\"twp-reaction-title\">\n                        Sleepy                    <\/div>\n                    <div class=\"twp-count-percent\">\n                                                    <span style=\"display: none;\" class=\"twp-react-count\">0<\/span>\n                        \n                                                <span class=\"twp-react-percent\"><span>0<\/span> %<\/span>\n                                            <\/div>\n                <\/div>\n\n                <div class=\"twp-reacts-wrap\">\n                    <a react-data=\"be-react-4\" post-id=\"4742\" class=\"be-face-icons un-reacted\" href=\"javascript:void(0)\">\n                        <img decoding=\"async\" src=\"https:\/\/radar190.com.br\/wp-content\/plugins\/booster-extension\/\/assets\/icon\/angry.svg\" alt=\"Angry\">\n                    <\/a>\n                    <div class=\"twp-reaction-title\">Angry<\/div>\n                    <div class=\"twp-count-percent\">\n                                                    <span style=\"display: none;\" class=\"twp-react-count\">0<\/span>\n                                                                        <span class=\"twp-react-percent\"><span>0<\/span> %<\/span>\n                        \n                    <\/div>\n                <\/div>\n\n                <div class=\"twp-reacts-wrap\">\n                    <a react-data=\"be-react-5\" post-id=\"4742\" class=\"be-face-icons un-reacted\" href=\"javascript:void(0)\">\n                        <img decoding=\"async\" src=\"https:\/\/radar190.com.br\/wp-content\/plugins\/booster-extension\/\/assets\/icon\/surprise.svg\" alt=\"Surprise\">\n                    <\/a>\n                    <div class=\"twp-reaction-title\">Surprise<\/div>\n                    <div class=\"twp-count-percent\">\n                                                    <span style=\"display: none;\" class=\"twp-react-count\">0<\/span>\n                                                                        <span class=\"twp-react-percent\"><span>0<\/span> %<\/span>\n                                            <\/div>\n                <\/div>\n\n            <\/div>\n        <\/div>\n\n    ","protected":false},"excerpt":{"rendered":"<p>\u00danica escola p\u00fablica municipal a conquistar medalhas entre os dez melhores na OCZM 2025 A Educa\u00e7\u00e3o de Monte Horebe, conhecida como Cidade Educadora, segue sendo motivo de orgulho e refer\u00eancia para toda a regi\u00e3o! Alunos da EMEIF Jos\u00e9 Dias Guarita conquistaram medalhas na X Olimp\u00edada Cajazeirense de Matem\u00e1tica 2025 \u2013 [&hellip;]<\/p>\n","protected":false},"author":1,"featured_media":4744,"comment_status":"open","ping_status":"open","sticky":false,"template":"","format":"standard","meta":{"_mi_skip_tracking":false,"_ti_tpc_template_sync":false,"_ti_tpc_template_id":"","_joinchat":[],"footnotes":""},"categories":[5,14,13,1,9,18,12,8],"tags":[],"class_list":["post-4742","post","type-post","status-publish","format-standard","has-post-thumbnail","hentry","category-brasil","category-cidades","category-cultural","category-uncategorized","category-esporte","category-mundo-brasil","category-paraiba","category-policial"],"_links":{"self":[{"href":"https:\/\/radar190.com.br\/index.php\/wp-json\/wp\/v2\/posts\/4742","targetHints":{"allow":["GET"]}}],"collection":[{"href":"https:\/\/radar190.com.br\/index.php\/wp-json\/wp\/v2\/posts"}],"about":[{"href":"https:\/\/radar190.com.br\/index.php\/wp-json\/wp\/v2\/types\/post"}],"author":[{"embeddable":true,"href":"https:\/\/radar190.com.br\/index.php\/wp-json\/wp\/v2\/users\/1"}],"replies":[{"embeddable":true,"href":"https:\/\/radar190.com.br\/index.php\/wp-json\/wp\/v2\/comments?post=4742"}],"version-history":[{"count":1,"href":"https:\/\/radar190.com.br\/index.php\/wp-json\/wp\/v2\/posts\/4742\/revisions"}],"predecessor-version":[{"id":4745,"href":"https:\/\/radar190.com.br\/index.php\/wp-json\/wp\/v2\/posts\/4742\/revisions\/4745"}],"wp:featuredmedia":[{"embeddable":true,"href":"https:\/\/radar190.com.br\/index.php\/wp-json\/wp\/v2\/media\/4744"}],"wp:attachment":[{"href":"https:\/\/radar190.com.br\/index.php\/wp-json\/wp\/v2\/media?parent=4742"}],"wp:term":[{"taxonomy":"category","embeddable":true,"href":"https:\/\/radar190.com.br\/index.php\/wp-json\/wp\/v2\/categories?post=4742"},{"taxonomy":"post_tag","embeddable":true,"href":"https:\/\/radar190.com.br\/index.php\/wp-json\/wp\/v2\/tags?post=4742"}],"curies":[{"name":"wp","href":"https:\/\/api.w.org\/{rel}","templated":true}]}}