{"id":4687,"date":"2025-08-26T20:09:10","date_gmt":"2025-08-26T23:09:10","guid":{"rendered":"https:\/\/radar190.com.br\/?p=4687"},"modified":"2025-08-26T20:16:39","modified_gmt":"2025-08-26T23:16:39","slug":"acusado-de-feminicidio-em-juru-e-preso-apos-dois-dias-foragido","status":"publish","type":"post","link":"https:\/\/radar190.com.br\/index.php\/2025\/08\/26\/acusado-de-feminicidio-em-juru-e-preso-apos-dois-dias-foragido\/","title":{"rendered":"Acusado de feminic\u00eddio em Juru \u00e9 preso ap\u00f3s dois dias foragido"},"content":{"rendered":"<div class='booster-block booster-read-block'>\n                <div class=\"twp-read-time\">\n                \t<i class=\"booster-icon twp-clock\"><\/i> <span>Read Time:<\/span>2 Minute, 31 Second                <\/div>\n\n            <\/div>\n<p>Geraldo Batista Dias, de 57 anos, estava foragido desde o dia do crime e havia sido alvo de um mandado de pris\u00e3o preventiva expedido pela Vara \u00danica da Comarca de \u00c1gua Branca.O homem acusado de assassinar a companheira, Ant\u00f4nia Ferreira Pereira, conhecida como Dona Neide, de 56 anos, se entregou \u00e0 Pol\u00edcia Civil na manh\u00e3 desta ter\u00e7a-feira (26), na cidade de Juru, no Sert\u00e3o da Para\u00edba. O crime, ocorrido no \u00faltimo domingo (24), chocou a popula\u00e7\u00e3o local pela brutalidade.<\/p>\n\n\n\n<figure class=\"wp-block-image size-full is-resized\"><img loading=\"lazy\" decoding=\"async\" width=\"1000\" height=\"666\" src=\"https:\/\/radar190.com.br\/wp-content\/uploads\/2025\/08\/image-17.png\" alt=\"\" class=\"wp-image-4688\" style=\"width:470px;height:auto\" srcset=\"https:\/\/radar190.com.br\/wp-content\/uploads\/2025\/08\/image-17.png 1000w, https:\/\/radar190.com.br\/wp-content\/uploads\/2025\/08\/image-17-300x200.png 300w, https:\/\/radar190.com.br\/wp-content\/uploads\/2025\/08\/image-17-768x511.png 768w\" sizes=\"auto, (max-width: 1000px) 100vw, 1000px\" \/><\/figure>\n\n\n\n<p><br>Segundo informa\u00e7\u00f5es da Pol\u00edcia Civil, o acusado, identificado como Geraldo Batista Dias, de 57 anos, estava foragido desde o dia do crime e havia sido alvo de um mandado de pris\u00e3o preventiva expedido pela Vara \u00danica da Comarca de \u00c1gua Branca. Por volta das 7h desta ter\u00e7a, ele se apresentou, sendo imediatamente detido.De acordo com as investiga\u00e7\u00f5es, Geraldo teria desferido m\u00faltiplos golpes de instrumento cortocontundente \u2014 possivelmente uma faca peixeira ou fac\u00e3o \u2014 contra a v\u00edtima, atingindo principalmente a regi\u00e3o posterior da cabe\u00e7a e o pesco\u00e7o, o que impossibilitou qualquer chance de defesa. O crime aconteceu dentro da resid\u00eancia do casal, na Rua Maria da Ro\u00e7a Grande, em Juru.<\/p>\n\n\n\n<p>O delegado Adriano Pinto, da Delegacia de \u00c1gua Branca, confirmou o cumprimento do mandado de pris\u00e3o e destacou a atua\u00e7\u00e3o conjunta da Pol\u00edcia Civil e da Pol\u00edcia Militar.<\/p>\n\n\n\n<p><br>\u201cDesde o cometimento do crime, o acusado estava escondido nas imedia\u00e7\u00f5es do munic\u00edpio de Juru. As for\u00e7as de seguran\u00e7a realizaram incurs\u00f5es na regi\u00e3o at\u00e9 que, hoje, conseguimos efetivar a pris\u00e3o. O acusado encontra-se detido na Delegacia de Pol\u00edcia de Princesa Isabel, aguardando audi\u00eancia de cust\u00f3dia\u201d, explicou.Decis\u00e3o judicial<br>Na decis\u00e3o que determinou a pris\u00e3o preventiva, o juiz plantonista destacou a gravidade do crime, a fuga do acusado logo ap\u00f3s o assassinato e o risco que sua liberdade representava \u00e0 ordem p\u00fablica. O magistrado ressaltou ainda que a brutalidade do feminic\u00eddio, cometido no contexto de viol\u00eancia dom\u00e9stica, exigia uma resposta firme do Judici\u00e1rio.<\/p>\n\n\n\n<p><br>Conforme o relato do irm\u00e3o, em depoimento na delegacia, Geraldo havia confidenciado, horas ap\u00f3s o crime, que estava escondido no S\u00edtio Serrinha, por\u00e9m, n\u00e3o se entregaria no mesmo dia.\u00a0&#8220;Em um contato telef\u00f4nico posterior, o investigado GERALDO BATISTA DIAS revelou estar no &#8220;SITIO SERRINHA&#8221;, mas afirmou expressamente que &#8220;n\u00e3o ia se entregar no dia de hoje&#8221;. Essa declara\u00e7\u00e3o, aliada \u00e0 sua fuga do distrito da culpa, evidencia um prop\u00f3sito deliberado de frustrar a persecu\u00e7\u00e3o penal, tornando a decreta\u00e7\u00e3o da pris\u00e3o preventiva medida indispens\u00e1vel para assegurar a eventual aplica\u00e7\u00e3o da lei penal&#8221;, diz um trecho da decis\u00e3o.&nbsp;<\/p>\n\n\n\n<p>\u201cH\u00e1 ind\u00edcios suficientes da autoria do investigado como o agente do delito. (&#8230;) A segrega\u00e7\u00e3o cautelar \u00e9 necess\u00e1ria para assegurar a aplica\u00e7\u00e3o da lei penal e a garantia da ordem p\u00fablica\u201d, completou.\u00a0Ap\u00f3s a audi\u00eancia de cust\u00f3dia, Geraldo Batista Dias dever\u00e1 ser encaminhado para a cadeia p\u00fablica de Princesa Isabel, onde ficar\u00e1 \u00e0 disposi\u00e7\u00e3o da Justi\u00e7a enquanto o processo segue em tramita\u00e7\u00e3o.<\/p>\n\n\n\n<p>O caso segue em investiga\u00e7\u00e3o pela Delegacia da Comarca de \u00c1gua Branca, em conjunto com o Minist\u00e9rio P\u00fablico, que acompanha os desdobramentos.<\/p>\n\n\n\n<p>Por Patos Online<\/p>\n        <div class=\"booster-block booster-reactions-block\">\n            <div class=\"twp-reactions-icons\">\n                \n                <div class=\"twp-reacts-wrap\">\n                    <a react-data=\"be-react-1\" post-id=\"4687\" class=\"be-face-icons un-reacted\" href=\"javascript:void(0)\">\n                        <img decoding=\"async\" src=\"https:\/\/radar190.com.br\/wp-content\/plugins\/booster-extension\/\/assets\/icon\/happy.svg\" alt=\"Happy\">\n                    <\/a>\n                    <div class=\"twp-reaction-title\">\n                        Happy                    <\/div>\n                    <div class=\"twp-count-percent\">\n                                                    <span style=\"display: none;\" class=\"twp-react-count\">0<\/span>\n                        \n                                                <span class=\"twp-react-percent\"><span>0<\/span> %<\/span>\n                                            <\/div>\n                <\/div>\n\n                <div class=\"twp-reacts-wrap\">\n                    <a react-data=\"be-react-2\" post-id=\"4687\" class=\"be-face-icons un-reacted\" href=\"javascript:void(0)\">\n                        <img decoding=\"async\" src=\"https:\/\/radar190.com.br\/wp-content\/plugins\/booster-extension\/\/assets\/icon\/sad.svg\" alt=\"Sad\">\n                    <\/a>\n                    <div class=\"twp-reaction-title\">\n                        Sad                    <\/div>\n                    <div class=\"twp-count-percent\">\n                                                    <span style=\"display: none;\" class=\"twp-react-count\">0<\/span>\n                                                                        <span class=\"twp-react-percent\"><span>0<\/span> %<\/span>\n                                            <\/div>\n                <\/div>\n\n                <div class=\"twp-reacts-wrap\">\n                    <a react-data=\"be-react-3\" post-id=\"4687\" class=\"be-face-icons un-reacted\" href=\"javascript:void(0)\">\n                        <img decoding=\"async\" src=\"https:\/\/radar190.com.br\/wp-content\/plugins\/booster-extension\/\/assets\/icon\/excited.svg\" alt=\"Excited\">\n                    <\/a>\n                    <div class=\"twp-reaction-title\">\n                        Excited                    <\/div>\n                    <div class=\"twp-count-percent\">\n                                                    <span style=\"display: none;\" class=\"twp-react-count\">0<\/span>\n                                                                        <span class=\"twp-react-percent\"><span>0<\/span> %<\/span>\n                                            <\/div>\n                <\/div>\n\n                <div class=\"twp-reacts-wrap\">\n                    <a react-data=\"be-react-6\" post-id=\"4687\" class=\"be-face-icons un-reacted\" href=\"javascript:void(0)\">\n                        <img decoding=\"async\" src=\"https:\/\/radar190.com.br\/wp-content\/plugins\/booster-extension\/\/assets\/icon\/sleepy.svg\" alt=\"Sleepy\">\n                    <\/a>\n                    <div class=\"twp-reaction-title\">\n                        Sleepy                    <\/div>\n                    <div class=\"twp-count-percent\">\n                                                    <span style=\"display: none;\" class=\"twp-react-count\">0<\/span>\n                        \n                                                <span class=\"twp-react-percent\"><span>0<\/span> %<\/span>\n                                            <\/div>\n                <\/div>\n\n                <div class=\"twp-reacts-wrap\">\n                    <a react-data=\"be-react-4\" post-id=\"4687\" class=\"be-face-icons un-reacted\" href=\"javascript:void(0)\">\n                        <img decoding=\"async\" src=\"https:\/\/radar190.com.br\/wp-content\/plugins\/booster-extension\/\/assets\/icon\/angry.svg\" alt=\"Angry\">\n                    <\/a>\n                    <div class=\"twp-reaction-title\">Angry<\/div>\n                    <div class=\"twp-count-percent\">\n                                                    <span style=\"display: none;\" class=\"twp-react-count\">0<\/span>\n                                                                        <span class=\"twp-react-percent\"><span>0<\/span> %<\/span>\n                        \n                    <\/div>\n                <\/div>\n\n                <div class=\"twp-reacts-wrap\">\n                    <a react-data=\"be-react-5\" post-id=\"4687\" class=\"be-face-icons un-reacted\" href=\"javascript:void(0)\">\n                        <img decoding=\"async\" src=\"https:\/\/radar190.com.br\/wp-content\/plugins\/booster-extension\/\/assets\/icon\/surprise.svg\" alt=\"Surprise\">\n                    <\/a>\n                    <div class=\"twp-reaction-title\">Surprise<\/div>\n                    <div class=\"twp-count-percent\">\n                                                    <span style=\"display: none;\" class=\"twp-react-count\">0<\/span>\n                                                                        <span class=\"twp-react-percent\"><span>0<\/span> %<\/span>\n                                            <\/div>\n                <\/div>\n\n            <\/div>\n        <\/div>\n\n    ","protected":false},"excerpt":{"rendered":"<p>Geraldo Batista Dias, de 57 anos, estava foragido desde o dia do crime e havia sido alvo de um mandado de pris\u00e3o preventiva expedido pela Vara \u00danica da Comarca de \u00c1gua Branca.O homem acusado de assassinar a companheira, Ant\u00f4nia Ferreira Pereira, conhecida como Dona Neide, de 56 anos, se entregou [&hellip;]<\/p>\n","protected":false},"author":1,"featured_media":4688,"comment_status":"open","ping_status":"open","sticky":false,"template":"","format":"standard","meta":{"_mi_skip_tracking":false,"_ti_tpc_template_sync":false,"_ti_tpc_template_id":"","_joinchat":[],"footnotes":""},"categories":[5,14,13,1,9,18,12,8],"tags":[],"class_list":["post-4687","post","type-post","status-publish","format-standard","has-post-thumbnail","hentry","category-brasil","category-cidades","category-cultural","category-uncategorized","category-esporte","category-mundo-brasil","category-paraiba","category-policial"],"_links":{"self":[{"href":"https:\/\/radar190.com.br\/index.php\/wp-json\/wp\/v2\/posts\/4687","targetHints":{"allow":["GET"]}}],"collection":[{"href":"https:\/\/radar190.com.br\/index.php\/wp-json\/wp\/v2\/posts"}],"about":[{"href":"https:\/\/radar190.com.br\/index.php\/wp-json\/wp\/v2\/types\/post"}],"author":[{"embeddable":true,"href":"https:\/\/radar190.com.br\/index.php\/wp-json\/wp\/v2\/users\/1"}],"replies":[{"embeddable":true,"href":"https:\/\/radar190.com.br\/index.php\/wp-json\/wp\/v2\/comments?post=4687"}],"version-history":[{"count":1,"href":"https:\/\/radar190.com.br\/index.php\/wp-json\/wp\/v2\/posts\/4687\/revisions"}],"predecessor-version":[{"id":4689,"href":"https:\/\/radar190.com.br\/index.php\/wp-json\/wp\/v2\/posts\/4687\/revisions\/4689"}],"wp:featuredmedia":[{"embeddable":true,"href":"https:\/\/radar190.com.br\/index.php\/wp-json\/wp\/v2\/media\/4688"}],"wp:attachment":[{"href":"https:\/\/radar190.com.br\/index.php\/wp-json\/wp\/v2\/media?parent=4687"}],"wp:term":[{"taxonomy":"category","embeddable":true,"href":"https:\/\/radar190.com.br\/index.php\/wp-json\/wp\/v2\/categories?post=4687"},{"taxonomy":"post_tag","embeddable":true,"href":"https:\/\/radar190.com.br\/index.php\/wp-json\/wp\/v2\/tags?post=4687"}],"curies":[{"name":"wp","href":"https:\/\/api.w.org\/{rel}","templated":true}]}}