{"id":4684,"date":"2025-08-26T20:06:47","date_gmt":"2025-08-26T23:06:47","guid":{"rendered":"https:\/\/radar190.com.br\/?p=4684"},"modified":"2025-08-26T20:07:36","modified_gmt":"2025-08-26T23:07:36","slug":"adolescente-de-16-anos-e-apreendido-apos-ameacar-familiares-com-pedaco-de-madeira-em-bom-jesus","status":"publish","type":"post","link":"https:\/\/radar190.com.br\/index.php\/2025\/08\/26\/adolescente-de-16-anos-e-apreendido-apos-ameacar-familiares-com-pedaco-de-madeira-em-bom-jesus\/","title":{"rendered":"Adolescente de 16 anos \u00e9 apreendido ap\u00f3s amea\u00e7ar familiares com peda\u00e7o de madeira em Bom Jesus."},"content":{"rendered":"<div class='booster-block booster-read-block'>\n                <div class=\"twp-read-time\">\n                \t<i class=\"booster-icon twp-clock\"><\/i> <span>Read Time:<\/span>1 Minute, 5 Second                <\/div>\n\n            <\/div>\n<figure class=\"wp-block-image size-full\"><img loading=\"lazy\" decoding=\"async\" width=\"285\" height=\"177\" src=\"https:\/\/radar190.com.br\/wp-content\/uploads\/2025\/08\/POLICIAL-4.jpg\" alt=\"\" class=\"wp-image-4685\"\/><\/figure>\n\n\n\n<p>As v\u00edtimas informaram que j\u00e1 haviam prestado queixa anteriormente e solicitado medida protetiva, que aguarda despacho judicial. A idosa de 92 anos precisou ser retirada da resid\u00eancia para garantir sua seguran\u00e7a.Na manh\u00e3 deste domingo (24), a Pol\u00edcia Militar foi acionada para atender uma ocorr\u00eancia de amea\u00e7a na Rua Firmino Brito, Centro de Bom Jesus (PB), ao lado da base do SAMU.De acordo com relatos das v\u00edtimas, o adolescente de 16 anos vinha causando transtornos desde a \u00faltima sexta-feira (22), amea\u00e7ando a pr\u00f3pria m\u00e3e, Andreia da Silva, que est\u00e1 gr\u00e1vida de quatro meses, al\u00e9m de sua av\u00f3, de 92 anos, e do companheiro da m\u00e3e, de 38 anos.<\/p>\n\n\n\n<p>Ainda segundo os depoimentos, dois dias antes o menor j\u00e1 havia agredido fisicamente a av\u00f3 e o padrasto. No momento da chegada da guarni\u00e7\u00e3o, ele estava de posse de um peda\u00e7o de madeira (caibro), tentando agredir novamente o padrasto, sendo necess\u00e1rio o uso de algemas para cont\u00ea-lo.<\/p>\n\n\n\n<p>As v\u00edtimas informaram que j\u00e1 haviam prestado queixa anteriormente e solicitado medida protetiva, que aguarda despacho judicial. A idosa de 92 anos precisou ser retirada da resid\u00eancia para garantir sua seguran\u00e7a.Diante da gravidade da situa\u00e7\u00e3o, o adolescente foi apreendido e conduzido \u00e0 Delegacia de Pol\u00edcia Civil de Cajazeiras, juntamente com os familiares envolvidos, para os procedimentos cab\u00edveis.<\/p>\n        <div class=\"booster-block booster-reactions-block\">\n            <div class=\"twp-reactions-icons\">\n                \n                <div class=\"twp-reacts-wrap\">\n                    <a react-data=\"be-react-1\" post-id=\"4684\" class=\"be-face-icons un-reacted\" href=\"javascript:void(0)\">\n                        <img decoding=\"async\" src=\"https:\/\/radar190.com.br\/wp-content\/plugins\/booster-extension\/\/assets\/icon\/happy.svg\" alt=\"Happy\">\n                    <\/a>\n                    <div class=\"twp-reaction-title\">\n                        Happy                    <\/div>\n                    <div class=\"twp-count-percent\">\n                                                    <span style=\"display: none;\" class=\"twp-react-count\">0<\/span>\n                        \n                                                <span class=\"twp-react-percent\"><span>0<\/span> %<\/span>\n                                            <\/div>\n                <\/div>\n\n                <div class=\"twp-reacts-wrap\">\n                    <a react-data=\"be-react-2\" post-id=\"4684\" class=\"be-face-icons un-reacted\" href=\"javascript:void(0)\">\n                        <img decoding=\"async\" src=\"https:\/\/radar190.com.br\/wp-content\/plugins\/booster-extension\/\/assets\/icon\/sad.svg\" alt=\"Sad\">\n                    <\/a>\n                    <div class=\"twp-reaction-title\">\n                        Sad                    <\/div>\n                    <div class=\"twp-count-percent\">\n                                                    <span style=\"display: none;\" class=\"twp-react-count\">0<\/span>\n                                                                        <span class=\"twp-react-percent\"><span>0<\/span> %<\/span>\n                                            <\/div>\n                <\/div>\n\n                <div class=\"twp-reacts-wrap\">\n                    <a react-data=\"be-react-3\" post-id=\"4684\" class=\"be-face-icons un-reacted\" href=\"javascript:void(0)\">\n                        <img decoding=\"async\" src=\"https:\/\/radar190.com.br\/wp-content\/plugins\/booster-extension\/\/assets\/icon\/excited.svg\" alt=\"Excited\">\n                    <\/a>\n                    <div class=\"twp-reaction-title\">\n                        Excited                    <\/div>\n                    <div class=\"twp-count-percent\">\n                                                    <span style=\"display: none;\" class=\"twp-react-count\">0<\/span>\n                                                                        <span class=\"twp-react-percent\"><span>0<\/span> %<\/span>\n                                            <\/div>\n                <\/div>\n\n                <div class=\"twp-reacts-wrap\">\n                    <a react-data=\"be-react-6\" post-id=\"4684\" class=\"be-face-icons un-reacted\" href=\"javascript:void(0)\">\n                        <img decoding=\"async\" src=\"https:\/\/radar190.com.br\/wp-content\/plugins\/booster-extension\/\/assets\/icon\/sleepy.svg\" alt=\"Sleepy\">\n                    <\/a>\n                    <div class=\"twp-reaction-title\">\n                        Sleepy                    <\/div>\n                    <div class=\"twp-count-percent\">\n                                                    <span style=\"display: none;\" class=\"twp-react-count\">0<\/span>\n                        \n                                                <span class=\"twp-react-percent\"><span>0<\/span> %<\/span>\n                                            <\/div>\n                <\/div>\n\n                <div class=\"twp-reacts-wrap\">\n                    <a react-data=\"be-react-4\" post-id=\"4684\" class=\"be-face-icons un-reacted\" href=\"javascript:void(0)\">\n                        <img decoding=\"async\" src=\"https:\/\/radar190.com.br\/wp-content\/plugins\/booster-extension\/\/assets\/icon\/angry.svg\" alt=\"Angry\">\n                    <\/a>\n                    <div class=\"twp-reaction-title\">Angry<\/div>\n                    <div class=\"twp-count-percent\">\n                                                    <span style=\"display: none;\" class=\"twp-react-count\">0<\/span>\n                                                                        <span class=\"twp-react-percent\"><span>0<\/span> %<\/span>\n                        \n                    <\/div>\n                <\/div>\n\n                <div class=\"twp-reacts-wrap\">\n                    <a react-data=\"be-react-5\" post-id=\"4684\" class=\"be-face-icons un-reacted\" href=\"javascript:void(0)\">\n                        <img decoding=\"async\" src=\"https:\/\/radar190.com.br\/wp-content\/plugins\/booster-extension\/\/assets\/icon\/surprise.svg\" alt=\"Surprise\">\n                    <\/a>\n                    <div class=\"twp-reaction-title\">Surprise<\/div>\n                    <div class=\"twp-count-percent\">\n                                                    <span style=\"display: none;\" class=\"twp-react-count\">0<\/span>\n                                                                        <span class=\"twp-react-percent\"><span>0<\/span> %<\/span>\n                                            <\/div>\n                <\/div>\n\n            <\/div>\n        <\/div>\n\n    ","protected":false},"excerpt":{"rendered":"<p>As v\u00edtimas informaram que j\u00e1 haviam prestado queixa anteriormente e solicitado medida protetiva, que aguarda despacho judicial. A idosa de 92 anos precisou ser retirada da resid\u00eancia para garantir sua seguran\u00e7a.Na manh\u00e3 deste domingo (24), a Pol\u00edcia Militar foi acionada para atender uma ocorr\u00eancia de amea\u00e7a na Rua Firmino Brito, [&hellip;]<\/p>\n","protected":false},"author":1,"featured_media":4685,"comment_status":"open","ping_status":"open","sticky":false,"template":"","format":"standard","meta":{"_mi_skip_tracking":false,"_ti_tpc_template_sync":false,"_ti_tpc_template_id":"","_joinchat":[],"footnotes":""},"categories":[5,14,13,1,9,18,12,8],"tags":[],"class_list":["post-4684","post","type-post","status-publish","format-standard","has-post-thumbnail","hentry","category-brasil","category-cidades","category-cultural","category-uncategorized","category-esporte","category-mundo-brasil","category-paraiba","category-policial"],"_links":{"self":[{"href":"https:\/\/radar190.com.br\/index.php\/wp-json\/wp\/v2\/posts\/4684","targetHints":{"allow":["GET"]}}],"collection":[{"href":"https:\/\/radar190.com.br\/index.php\/wp-json\/wp\/v2\/posts"}],"about":[{"href":"https:\/\/radar190.com.br\/index.php\/wp-json\/wp\/v2\/types\/post"}],"author":[{"embeddable":true,"href":"https:\/\/radar190.com.br\/index.php\/wp-json\/wp\/v2\/users\/1"}],"replies":[{"embeddable":true,"href":"https:\/\/radar190.com.br\/index.php\/wp-json\/wp\/v2\/comments?post=4684"}],"version-history":[{"count":1,"href":"https:\/\/radar190.com.br\/index.php\/wp-json\/wp\/v2\/posts\/4684\/revisions"}],"predecessor-version":[{"id":4686,"href":"https:\/\/radar190.com.br\/index.php\/wp-json\/wp\/v2\/posts\/4684\/revisions\/4686"}],"wp:featuredmedia":[{"embeddable":true,"href":"https:\/\/radar190.com.br\/index.php\/wp-json\/wp\/v2\/media\/4685"}],"wp:attachment":[{"href":"https:\/\/radar190.com.br\/index.php\/wp-json\/wp\/v2\/media?parent=4684"}],"wp:term":[{"taxonomy":"category","embeddable":true,"href":"https:\/\/radar190.com.br\/index.php\/wp-json\/wp\/v2\/categories?post=4684"},{"taxonomy":"post_tag","embeddable":true,"href":"https:\/\/radar190.com.br\/index.php\/wp-json\/wp\/v2\/tags?post=4684"}],"curies":[{"name":"wp","href":"https:\/\/api.w.org\/{rel}","templated":true}]}}