{"id":4661,"date":"2025-08-10T15:59:25","date_gmt":"2025-08-10T18:59:25","guid":{"rendered":"https:\/\/radar190.com.br\/?p=4661"},"modified":"2025-08-10T16:00:12","modified_gmt":"2025-08-10T19:00:12","slug":"dom-francisco-visita-instituicao-de-acolhimento-ao-idoso-em-cajazeiras","status":"publish","type":"post","link":"https:\/\/radar190.com.br\/index.php\/2025\/08\/10\/dom-francisco-visita-instituicao-de-acolhimento-ao-idoso-em-cajazeiras\/","title":{"rendered":"Dom Francisco visita institui\u00e7\u00e3o de acolhimento ao idoso em Cajazeiras"},"content":{"rendered":"<div class='booster-block booster-read-block'>\n                <div class=\"twp-read-time\">\n                \t<i class=\"booster-icon twp-clock\"><\/i> <span>Read Time:<\/span>43 Second                <\/div>\n\n            <\/div>\n<figure class=\"wp-block-image size-full\"><img loading=\"lazy\" decoding=\"async\" width=\"494\" height=\"382\" src=\"https:\/\/radar190.com.br\/wp-content\/uploads\/2025\/08\/image-9.png\" alt=\"\" class=\"wp-image-4662\" srcset=\"https:\/\/radar190.com.br\/wp-content\/uploads\/2025\/08\/image-9.png 494w, https:\/\/radar190.com.br\/wp-content\/uploads\/2025\/08\/image-9-300x232.png 300w\" sizes=\"auto, (max-width: 494px) 100vw, 494px\" \/><\/figure>\n\n\n\n<p>O momento foi marcado por gestos de carinho, aten\u00e7\u00e3o e espiritualidade, refor\u00e7ando o compromisso da Igreja com o cuidado e a dignidade da pessoa idosa.Na tarde de ontem, o bispo diocesano de Cajazeiras, Dom Francisco, realizou uma visita especial \u00e0 institui\u00e7\u00e3o filantr\u00f3pica Luca Zorn, dedicada ao acolhimento de idosos no munic\u00edpio.Acompanhado pelo padre C\u00edcero Gomes pelo padre Francisco M\u00e1rcio, do Instituto Jesus Mission\u00e1rio dos Pobres (IJMP), Dom Francisco foi recebido com entusiasmo pela equipe da institui\u00e7\u00e3o e, principalmente, pelos idosos, que expressaram alegria e emo\u00e7\u00e3o com sua presen\u00e7a.<\/p>\n\n\n\n<p>O momento foi marcado por gestos de carinho, aten\u00e7\u00e3o e espiritualidade, refor\u00e7ando o compromisso da Igreja com o cuidado e a dignidade da pessoa idosa.<\/p>\n\n\n\n<p>Ao final da visita, Dom Francisco recordou as palavras b\u00edblicas: \u201cDar-vos-ei pastores segundo o meu cora\u00e7\u00e3o, que vos apascentem com ci\u00eancia e intelig\u00eancia\u201d (Jeremias 3,15).<\/p>\n        <div class=\"booster-block booster-reactions-block\">\n            <div class=\"twp-reactions-icons\">\n                \n                <div class=\"twp-reacts-wrap\">\n                    <a react-data=\"be-react-1\" post-id=\"4661\" class=\"be-face-icons un-reacted\" href=\"javascript:void(0)\">\n                        <img decoding=\"async\" src=\"https:\/\/radar190.com.br\/wp-content\/plugins\/booster-extension\/\/assets\/icon\/happy.svg\" alt=\"Happy\">\n                    <\/a>\n                    <div class=\"twp-reaction-title\">\n                        Happy                    <\/div>\n                    <div class=\"twp-count-percent\">\n                                                    <span style=\"display: none;\" class=\"twp-react-count\">0<\/span>\n                        \n                                                <span class=\"twp-react-percent\"><span>0<\/span> %<\/span>\n                                            <\/div>\n                <\/div>\n\n                <div class=\"twp-reacts-wrap\">\n                    <a react-data=\"be-react-2\" post-id=\"4661\" class=\"be-face-icons un-reacted\" href=\"javascript:void(0)\">\n                        <img decoding=\"async\" src=\"https:\/\/radar190.com.br\/wp-content\/plugins\/booster-extension\/\/assets\/icon\/sad.svg\" alt=\"Sad\">\n                    <\/a>\n                    <div class=\"twp-reaction-title\">\n                        Sad                    <\/div>\n                    <div class=\"twp-count-percent\">\n                                                    <span style=\"display: none;\" class=\"twp-react-count\">0<\/span>\n                                                                        <span class=\"twp-react-percent\"><span>0<\/span> %<\/span>\n                                            <\/div>\n                <\/div>\n\n                <div class=\"twp-reacts-wrap\">\n                    <a react-data=\"be-react-3\" post-id=\"4661\" class=\"be-face-icons un-reacted\" href=\"javascript:void(0)\">\n                        <img decoding=\"async\" src=\"https:\/\/radar190.com.br\/wp-content\/plugins\/booster-extension\/\/assets\/icon\/excited.svg\" alt=\"Excited\">\n                    <\/a>\n                    <div class=\"twp-reaction-title\">\n                        Excited                    <\/div>\n                    <div class=\"twp-count-percent\">\n                                                    <span style=\"display: none;\" class=\"twp-react-count\">0<\/span>\n                                                                        <span class=\"twp-react-percent\"><span>0<\/span> %<\/span>\n                                            <\/div>\n                <\/div>\n\n                <div class=\"twp-reacts-wrap\">\n                    <a react-data=\"be-react-6\" post-id=\"4661\" class=\"be-face-icons un-reacted\" href=\"javascript:void(0)\">\n                        <img decoding=\"async\" src=\"https:\/\/radar190.com.br\/wp-content\/plugins\/booster-extension\/\/assets\/icon\/sleepy.svg\" alt=\"Sleepy\">\n                    <\/a>\n                    <div class=\"twp-reaction-title\">\n                        Sleepy                    <\/div>\n                    <div class=\"twp-count-percent\">\n                                                    <span style=\"display: none;\" class=\"twp-react-count\">0<\/span>\n                        \n                                                <span class=\"twp-react-percent\"><span>0<\/span> %<\/span>\n                                            <\/div>\n                <\/div>\n\n                <div class=\"twp-reacts-wrap\">\n                    <a react-data=\"be-react-4\" post-id=\"4661\" class=\"be-face-icons un-reacted\" href=\"javascript:void(0)\">\n                        <img decoding=\"async\" src=\"https:\/\/radar190.com.br\/wp-content\/plugins\/booster-extension\/\/assets\/icon\/angry.svg\" alt=\"Angry\">\n                    <\/a>\n                    <div class=\"twp-reaction-title\">Angry<\/div>\n                    <div class=\"twp-count-percent\">\n                                                    <span style=\"display: none;\" class=\"twp-react-count\">0<\/span>\n                                                                        <span class=\"twp-react-percent\"><span>0<\/span> %<\/span>\n                        \n                    <\/div>\n                <\/div>\n\n                <div class=\"twp-reacts-wrap\">\n                    <a react-data=\"be-react-5\" post-id=\"4661\" class=\"be-face-icons un-reacted\" href=\"javascript:void(0)\">\n                        <img decoding=\"async\" src=\"https:\/\/radar190.com.br\/wp-content\/plugins\/booster-extension\/\/assets\/icon\/surprise.svg\" alt=\"Surprise\">\n                    <\/a>\n                    <div class=\"twp-reaction-title\">Surprise<\/div>\n                    <div class=\"twp-count-percent\">\n                                                    <span style=\"display: none;\" class=\"twp-react-count\">0<\/span>\n                                                                        <span class=\"twp-react-percent\"><span>0<\/span> %<\/span>\n                                            <\/div>\n                <\/div>\n\n            <\/div>\n        <\/div>\n\n    ","protected":false},"excerpt":{"rendered":"<p>O momento foi marcado por gestos de carinho, aten\u00e7\u00e3o e espiritualidade, refor\u00e7ando o compromisso da Igreja com o cuidado e a dignidade da pessoa idosa.Na tarde de ontem, o bispo diocesano de Cajazeiras, Dom Francisco, realizou uma visita especial \u00e0 institui\u00e7\u00e3o filantr\u00f3pica Luca Zorn, dedicada ao acolhimento de idosos no [&hellip;]<\/p>\n","protected":false},"author":1,"featured_media":4662,"comment_status":"open","ping_status":"open","sticky":false,"template":"","format":"standard","meta":{"_mi_skip_tracking":false,"_ti_tpc_template_sync":false,"_ti_tpc_template_id":"","_joinchat":[],"footnotes":""},"categories":[5,14,13,1,9,18,12,8],"tags":[],"class_list":["post-4661","post","type-post","status-publish","format-standard","has-post-thumbnail","hentry","category-brasil","category-cidades","category-cultural","category-uncategorized","category-esporte","category-mundo-brasil","category-paraiba","category-policial"],"_links":{"self":[{"href":"https:\/\/radar190.com.br\/index.php\/wp-json\/wp\/v2\/posts\/4661","targetHints":{"allow":["GET"]}}],"collection":[{"href":"https:\/\/radar190.com.br\/index.php\/wp-json\/wp\/v2\/posts"}],"about":[{"href":"https:\/\/radar190.com.br\/index.php\/wp-json\/wp\/v2\/types\/post"}],"author":[{"embeddable":true,"href":"https:\/\/radar190.com.br\/index.php\/wp-json\/wp\/v2\/users\/1"}],"replies":[{"embeddable":true,"href":"https:\/\/radar190.com.br\/index.php\/wp-json\/wp\/v2\/comments?post=4661"}],"version-history":[{"count":1,"href":"https:\/\/radar190.com.br\/index.php\/wp-json\/wp\/v2\/posts\/4661\/revisions"}],"predecessor-version":[{"id":4663,"href":"https:\/\/radar190.com.br\/index.php\/wp-json\/wp\/v2\/posts\/4661\/revisions\/4663"}],"wp:featuredmedia":[{"embeddable":true,"href":"https:\/\/radar190.com.br\/index.php\/wp-json\/wp\/v2\/media\/4662"}],"wp:attachment":[{"href":"https:\/\/radar190.com.br\/index.php\/wp-json\/wp\/v2\/media?parent=4661"}],"wp:term":[{"taxonomy":"category","embeddable":true,"href":"https:\/\/radar190.com.br\/index.php\/wp-json\/wp\/v2\/categories?post=4661"},{"taxonomy":"post_tag","embeddable":true,"href":"https:\/\/radar190.com.br\/index.php\/wp-json\/wp\/v2\/tags?post=4661"}],"curies":[{"name":"wp","href":"https:\/\/api.w.org\/{rel}","templated":true}]}}