{"id":4655,"date":"2025-08-10T15:53:27","date_gmt":"2025-08-10T18:53:27","guid":{"rendered":"https:\/\/radar190.com.br\/?p=4655"},"modified":"2025-08-10T15:54:01","modified_gmt":"2025-08-10T18:54:01","slug":"major-joserley-encerra-33-anos-e-meio-de-servico-e-vai-para-a-reserva-da-policia-militar-da-paraiba","status":"publish","type":"post","link":"https:\/\/radar190.com.br\/index.php\/2025\/08\/10\/major-joserley-encerra-33-anos-e-meio-de-servico-e-vai-para-a-reserva-da-policia-militar-da-paraiba\/","title":{"rendered":"Major Joserley encerra 33 anos e meio de servi\u00e7o e vai para a Reserva da Pol\u00edcia Militar da Para\u00edba"},"content":{"rendered":"<div class='booster-block booster-read-block'>\n                <div class=\"twp-read-time\">\n                \t<i class=\"booster-icon twp-clock\"><\/i> <span>Read Time:<\/span>2 Minute, 19 Second                <\/div>\n\n            <\/div>\n<p>No 6\u00ba Batalh\u00e3o de Pol\u00edcia Militar (6\u00ba BPM), em Cajazeiras, colegas de profiss\u00e3o organizaram uma homenagem especial para marcar a nova etapa na vida do oficial.<\/p>\n\n\n\n<p>Na manh\u00e3 deste s\u00e1bado, 9 de agosto de 2025, foi publicada no Di\u00e1rio Oficial do Estado da Para\u00edba a portaria que transfere para a Reserva Remunerada \u201cEx-Off\u00edcio\u201d o Major da Pol\u00edcia Militar **Joserley Oliveira Bezerra**, encerrando uma trajet\u00f3ria de 33 anos e meio marcada por dedica\u00e7\u00e3o, disciplina e amor \u00e0 farda.<\/p>\n\n\n\n<p><\/p>\n\n\n\n<p>No 6\u00ba Batalh\u00e3o de Pol\u00edcia Militar (6\u00ba BPM), em Cajazeiras, colegas de profiss\u00e3o organizaram uma homenagem especial para marcar a nova etapa na vida do oficial.<\/p>\n\n\n\n<p><\/p>\n\n\n\n<p>N\u00f3s s\u00f3 temos a agradecer a Deus por ter convivido todos esses anos com o Major Joserley. Muito obrigado por sua amizade, lealdade, companheirismo e zelo pela corpora\u00e7\u00e3o. Sempre honrou a farda que vestiu*, declarou, emocionado, o Major Eug\u00eanio, subcomandante do 6\u00ba BPM.<\/p>\n\n\n\n<p>Natural de Cajazeiras, no Alto Sert\u00e3o paraibano, Joserley ingressou na Pol\u00edcia Militar em 1\u00ba de mar\u00e7o de 1992, conquistando o 4\u00ba lugar no concurso de admiss\u00e3o. J\u00e1 no ano seguinte, foi aprovado nos cursos de forma\u00e7\u00e3o de cabos e de sargentos, concluindo este \u00faltimo no Centro de Aperfei\u00e7oamento de Pra\u00e7as (CFAP), em Jo\u00e3o Pessoa. Ao final de 1993, foi promovido a 3\u00ba Sargento e, ao longo da carreira, ascendeu a 2\u00ba Sargento, 1\u00ba Sargento e Subtenente.<\/p>\n\n\n\n<p>Em 2015, deu um passo importante ao ser aprovado para o Curso de Habilita\u00e7\u00e3o de Oficiais (CHO), realizado na Academia de Pol\u00edcia do Cabo Branco. Ap\u00f3s dez meses de estudos e treinamentos intensos, foi promovido a 2\u00ba Tenente, depois a 1\u00ba Tenente, Capit\u00e3o e, por fim, Major \u2014 posto que ocupou at\u00e9 a publica\u00e7\u00e3o de sua transfer\u00eancia para a reserva.<\/p>\n\n\n\n<p><\/p>\n\n\n\n<p>Hoje, aos 57 anos, Major Joserley leva consigo as mem\u00f3rias de passagens por diversas cidades do interior paraibano, como Cajazeiras, S\u00e3o Jos\u00e9 de Piranhas, Carrapateira, Sousa, Mariz\u00f3polis e, mais recentemente, S\u00e3o Jo\u00e3o do Rio do Peixe, onde comandou o Pelot\u00e3o da Pol\u00edcia Militar desde 13 de novembro de 2018.<\/p>\n\n\n\n<p>Durante a despedida, recebeu do Major Eug\u00eanio, das guarni\u00e7\u00f5es em servi\u00e7o e de colegas da regi\u00e3o, mensagens de gratid\u00e3o e reconhecimento. Visivelmente emocionado, ele falou sobre o significado desse momento e deixou um conselho aos mais jovens.<\/p>\n\n\n\n<p>Quando eu era sargento, pensava muito nesse dia, mas n\u00e3o tinha ideia de que seria assim. Ser policial militar \u00e9 uma op\u00e7\u00e3o de vida, \u00e9 algo que est\u00e1 dentro de n\u00f3s. \u00c9 uma fam\u00edlia, \u00e9 uma miss\u00e3o. Agrade\u00e7o a Deus, porque saio com o reconhecimento do comando e da tropa. \u00c9 maravilhoso*, afirmou.<\/p>\n\n\n\n<p>E concluiu com um recado aos novos integrantes da corpora\u00e7\u00e3o:<\/p>\n\n\n\n<figure class=\"wp-block-image size-full is-resized\"><img loading=\"lazy\" decoding=\"async\" width=\"825\" height=\"464\" src=\"https:\/\/radar190.com.br\/wp-content\/uploads\/2025\/08\/image-7.png\" alt=\"\" class=\"wp-image-4656\" style=\"width:476px;height:auto\" srcset=\"https:\/\/radar190.com.br\/wp-content\/uploads\/2025\/08\/image-7.png 825w, https:\/\/radar190.com.br\/wp-content\/uploads\/2025\/08\/image-7-300x169.png 300w, https:\/\/radar190.com.br\/wp-content\/uploads\/2025\/08\/image-7-768x432.png 768w\" sizes=\"auto, (max-width: 825px) 100vw, 825px\" \/><\/figure>\n\n\n\n<p>Honrem essa farda. Ela n\u00e3o apenas os veste: voc\u00eas a representam. Exercitem sua miss\u00e3o com amor e dedica\u00e7\u00e3o, pois ser Policial Militar \u00e9 um desafio, mas tamb\u00e9m uma grande honra.*<\/p>\n\n\n\n<p>DI\u00c1RIO DO SERT\u00c3O<\/p>\n        <div class=\"booster-block booster-reactions-block\">\n            <div class=\"twp-reactions-icons\">\n                \n                <div class=\"twp-reacts-wrap\">\n                    <a react-data=\"be-react-1\" post-id=\"4655\" class=\"be-face-icons un-reacted\" href=\"javascript:void(0)\">\n                        <img decoding=\"async\" src=\"https:\/\/radar190.com.br\/wp-content\/plugins\/booster-extension\/\/assets\/icon\/happy.svg\" alt=\"Happy\">\n                    <\/a>\n                    <div class=\"twp-reaction-title\">\n                        Happy                    <\/div>\n                    <div class=\"twp-count-percent\">\n                                                    <span style=\"display: none;\" class=\"twp-react-count\">0<\/span>\n                        \n                                                <span class=\"twp-react-percent\"><span>0<\/span> %<\/span>\n                                            <\/div>\n                <\/div>\n\n                <div class=\"twp-reacts-wrap\">\n                    <a react-data=\"be-react-2\" post-id=\"4655\" class=\"be-face-icons un-reacted\" href=\"javascript:void(0)\">\n                        <img decoding=\"async\" src=\"https:\/\/radar190.com.br\/wp-content\/plugins\/booster-extension\/\/assets\/icon\/sad.svg\" alt=\"Sad\">\n                    <\/a>\n                    <div class=\"twp-reaction-title\">\n                        Sad                    <\/div>\n                    <div class=\"twp-count-percent\">\n                                                    <span style=\"display: none;\" class=\"twp-react-count\">0<\/span>\n                                                                        <span class=\"twp-react-percent\"><span>0<\/span> %<\/span>\n                                            <\/div>\n                <\/div>\n\n                <div class=\"twp-reacts-wrap\">\n                    <a react-data=\"be-react-3\" post-id=\"4655\" class=\"be-face-icons un-reacted\" href=\"javascript:void(0)\">\n                        <img decoding=\"async\" src=\"https:\/\/radar190.com.br\/wp-content\/plugins\/booster-extension\/\/assets\/icon\/excited.svg\" alt=\"Excited\">\n                    <\/a>\n                    <div class=\"twp-reaction-title\">\n                        Excited                    <\/div>\n                    <div class=\"twp-count-percent\">\n                                                    <span style=\"display: none;\" class=\"twp-react-count\">0<\/span>\n                                                                        <span class=\"twp-react-percent\"><span>0<\/span> %<\/span>\n                                            <\/div>\n                <\/div>\n\n                <div class=\"twp-reacts-wrap\">\n                    <a react-data=\"be-react-6\" post-id=\"4655\" class=\"be-face-icons un-reacted\" href=\"javascript:void(0)\">\n                        <img decoding=\"async\" src=\"https:\/\/radar190.com.br\/wp-content\/plugins\/booster-extension\/\/assets\/icon\/sleepy.svg\" alt=\"Sleepy\">\n                    <\/a>\n                    <div class=\"twp-reaction-title\">\n                        Sleepy                    <\/div>\n                    <div class=\"twp-count-percent\">\n                                                    <span style=\"display: none;\" class=\"twp-react-count\">0<\/span>\n                        \n                                                <span class=\"twp-react-percent\"><span>0<\/span> %<\/span>\n                                            <\/div>\n                <\/div>\n\n                <div class=\"twp-reacts-wrap\">\n                    <a react-data=\"be-react-4\" post-id=\"4655\" class=\"be-face-icons un-reacted\" href=\"javascript:void(0)\">\n                        <img decoding=\"async\" src=\"https:\/\/radar190.com.br\/wp-content\/plugins\/booster-extension\/\/assets\/icon\/angry.svg\" alt=\"Angry\">\n                    <\/a>\n                    <div class=\"twp-reaction-title\">Angry<\/div>\n                    <div class=\"twp-count-percent\">\n                                                    <span style=\"display: none;\" class=\"twp-react-count\">0<\/span>\n                                                                        <span class=\"twp-react-percent\"><span>0<\/span> %<\/span>\n                        \n                    <\/div>\n                <\/div>\n\n                <div class=\"twp-reacts-wrap\">\n                    <a react-data=\"be-react-5\" post-id=\"4655\" class=\"be-face-icons un-reacted\" href=\"javascript:void(0)\">\n                        <img decoding=\"async\" src=\"https:\/\/radar190.com.br\/wp-content\/plugins\/booster-extension\/\/assets\/icon\/surprise.svg\" alt=\"Surprise\">\n                    <\/a>\n                    <div class=\"twp-reaction-title\">Surprise<\/div>\n                    <div class=\"twp-count-percent\">\n                                                    <span style=\"display: none;\" class=\"twp-react-count\">0<\/span>\n                                                                        <span class=\"twp-react-percent\"><span>0<\/span> %<\/span>\n                                            <\/div>\n                <\/div>\n\n            <\/div>\n        <\/div>\n\n    ","protected":false},"excerpt":{"rendered":"<p>No 6\u00ba Batalh\u00e3o de Pol\u00edcia Militar (6\u00ba BPM), em Cajazeiras, colegas de profiss\u00e3o organizaram uma homenagem especial para marcar a nova etapa na vida do oficial. Na manh\u00e3 deste s\u00e1bado, 9 de agosto de 2025, foi publicada no Di\u00e1rio Oficial do Estado da Para\u00edba a portaria que transfere para a [&hellip;]<\/p>\n","protected":false},"author":1,"featured_media":4656,"comment_status":"open","ping_status":"open","sticky":false,"template":"","format":"standard","meta":{"_mi_skip_tracking":false,"_ti_tpc_template_sync":false,"_ti_tpc_template_id":"","_joinchat":[],"footnotes":""},"categories":[5,14,13,1,9,18,12,8],"tags":[],"class_list":["post-4655","post","type-post","status-publish","format-standard","has-post-thumbnail","hentry","category-brasil","category-cidades","category-cultural","category-uncategorized","category-esporte","category-mundo-brasil","category-paraiba","category-policial"],"_links":{"self":[{"href":"https:\/\/radar190.com.br\/index.php\/wp-json\/wp\/v2\/posts\/4655","targetHints":{"allow":["GET"]}}],"collection":[{"href":"https:\/\/radar190.com.br\/index.php\/wp-json\/wp\/v2\/posts"}],"about":[{"href":"https:\/\/radar190.com.br\/index.php\/wp-json\/wp\/v2\/types\/post"}],"author":[{"embeddable":true,"href":"https:\/\/radar190.com.br\/index.php\/wp-json\/wp\/v2\/users\/1"}],"replies":[{"embeddable":true,"href":"https:\/\/radar190.com.br\/index.php\/wp-json\/wp\/v2\/comments?post=4655"}],"version-history":[{"count":1,"href":"https:\/\/radar190.com.br\/index.php\/wp-json\/wp\/v2\/posts\/4655\/revisions"}],"predecessor-version":[{"id":4657,"href":"https:\/\/radar190.com.br\/index.php\/wp-json\/wp\/v2\/posts\/4655\/revisions\/4657"}],"wp:featuredmedia":[{"embeddable":true,"href":"https:\/\/radar190.com.br\/index.php\/wp-json\/wp\/v2\/media\/4656"}],"wp:attachment":[{"href":"https:\/\/radar190.com.br\/index.php\/wp-json\/wp\/v2\/media?parent=4655"}],"wp:term":[{"taxonomy":"category","embeddable":true,"href":"https:\/\/radar190.com.br\/index.php\/wp-json\/wp\/v2\/categories?post=4655"},{"taxonomy":"post_tag","embeddable":true,"href":"https:\/\/radar190.com.br\/index.php\/wp-json\/wp\/v2\/tags?post=4655"}],"curies":[{"name":"wp","href":"https:\/\/api.w.org\/{rel}","templated":true}]}}