{"id":4639,"date":"2025-08-06T09:31:54","date_gmt":"2025-08-06T12:31:54","guid":{"rendered":"https:\/\/radar190.com.br\/?p=4639"},"modified":"2025-08-06T09:32:20","modified_gmt":"2025-08-06T12:32:20","slug":"homem-e-morto-a-pauladas-no-quintal-de-casa-filhos-e-genro-sao-os-suspeitos-do-crime","status":"publish","type":"post","link":"https:\/\/radar190.com.br\/index.php\/2025\/08\/06\/homem-e-morto-a-pauladas-no-quintal-de-casa-filhos-e-genro-sao-os-suspeitos-do-crime\/","title":{"rendered":"Homem \u00e9 morto a pauladas no quintal de casa; filhos e genro s\u00e3o os suspeitos do crime"},"content":{"rendered":"<div class='booster-block booster-read-block'>\n                <div class=\"twp-read-time\">\n                \t<i class=\"booster-icon twp-clock\"><\/i> <span>Read Time:<\/span>58 Second                <\/div>\n\n            <\/div>\n<p>Os principais suspeitos s\u00e3o os pr\u00f3prios filhos e o genro da v\u00edtima.<\/p>\n\n\n\n<figure class=\"wp-block-image size-full\"><img loading=\"lazy\" decoding=\"async\" width=\"268\" height=\"256\" src=\"https:\/\/radar190.com.br\/wp-content\/uploads\/2025\/08\/image-2.png\" alt=\"\" class=\"wp-image-4640\"\/><\/figure>\n\n\n\n<p>Um homem identificado como Sebasti\u00e3o Bernardo Sena foi brutalmente assassinado na tarde do \u00faltimo s\u00e1bado (2), no distrito de Olho D\u2019\u00c1gua, localizado na cidade de Capim, na regi\u00e3o do Vale do Mamanguape. Os principais suspeitos s\u00e3o os pr\u00f3prios filhos e o genro da v\u00edtima.<\/p>\n\n\n\n<p>Sebasti\u00e3o foi morto a pauladas no quintal da pr\u00f3pria resid\u00eancia e encontrado por familiares j\u00e1 sem vida. Testemunhas relataram \u00e0 pol\u00edcia que os filhos e o genro da v\u00edtima j\u00e1 haviam feito amea\u00e7as anteriores, afirmando que queriam v\u00ea-lo morto.De acordo com o delegado Fred Magalh\u00e3es, que acompanha o caso, a Pol\u00edcia Civil investigava a poss\u00edvel participa\u00e7\u00e3o de uma das filhas da v\u00edtima. Em depoimento, ela revelou que o autor do crime seria um homem identificado como Gilmar. Ap\u00f3s buscas, Gilmar foi localizado e preso.<\/p>\n\n\n\n<p>Inicialmente, o suspeito negou envolvimento no assassinato, mas posteriormente acabou confessando o crime. No entanto, afirmou que n\u00e3o agiu sozinho, o que refor\u00e7a a suspeita de participa\u00e7\u00e3o de outras pessoas pr\u00f3ximas \u00e0 v\u00edtima, incluindo familiares.<\/p>\n\n\n\n<p>Os suspeitos passaram por audi\u00eancia de cust\u00f3dia na tarde desse domingo e seguem presos.<\/p>\n        <div class=\"booster-block booster-reactions-block\">\n            <div class=\"twp-reactions-icons\">\n                \n                <div class=\"twp-reacts-wrap\">\n                    <a react-data=\"be-react-1\" post-id=\"4639\" class=\"be-face-icons un-reacted\" href=\"javascript:void(0)\">\n                        <img decoding=\"async\" src=\"https:\/\/radar190.com.br\/wp-content\/plugins\/booster-extension\/\/assets\/icon\/happy.svg\" alt=\"Happy\">\n                    <\/a>\n                    <div class=\"twp-reaction-title\">\n                        Happy                    <\/div>\n                    <div class=\"twp-count-percent\">\n                                                    <span style=\"display: none;\" class=\"twp-react-count\">0<\/span>\n                        \n                                                <span class=\"twp-react-percent\"><span>0<\/span> %<\/span>\n                                            <\/div>\n                <\/div>\n\n                <div class=\"twp-reacts-wrap\">\n                    <a react-data=\"be-react-2\" post-id=\"4639\" class=\"be-face-icons un-reacted\" href=\"javascript:void(0)\">\n                        <img decoding=\"async\" src=\"https:\/\/radar190.com.br\/wp-content\/plugins\/booster-extension\/\/assets\/icon\/sad.svg\" alt=\"Sad\">\n                    <\/a>\n                    <div class=\"twp-reaction-title\">\n                        Sad                    <\/div>\n                    <div class=\"twp-count-percent\">\n                                                    <span style=\"display: none;\" class=\"twp-react-count\">0<\/span>\n                                                                        <span class=\"twp-react-percent\"><span>0<\/span> %<\/span>\n                                            <\/div>\n                <\/div>\n\n                <div class=\"twp-reacts-wrap\">\n                    <a react-data=\"be-react-3\" post-id=\"4639\" class=\"be-face-icons un-reacted\" href=\"javascript:void(0)\">\n                        <img decoding=\"async\" src=\"https:\/\/radar190.com.br\/wp-content\/plugins\/booster-extension\/\/assets\/icon\/excited.svg\" alt=\"Excited\">\n                    <\/a>\n                    <div class=\"twp-reaction-title\">\n                        Excited                    <\/div>\n                    <div class=\"twp-count-percent\">\n                                                    <span style=\"display: none;\" class=\"twp-react-count\">0<\/span>\n                                                                        <span class=\"twp-react-percent\"><span>0<\/span> %<\/span>\n                                            <\/div>\n                <\/div>\n\n                <div class=\"twp-reacts-wrap\">\n                    <a react-data=\"be-react-6\" post-id=\"4639\" class=\"be-face-icons un-reacted\" href=\"javascript:void(0)\">\n                        <img decoding=\"async\" src=\"https:\/\/radar190.com.br\/wp-content\/plugins\/booster-extension\/\/assets\/icon\/sleepy.svg\" alt=\"Sleepy\">\n                    <\/a>\n                    <div class=\"twp-reaction-title\">\n                        Sleepy                    <\/div>\n                    <div class=\"twp-count-percent\">\n                                                    <span style=\"display: none;\" class=\"twp-react-count\">0<\/span>\n                        \n                                                <span class=\"twp-react-percent\"><span>0<\/span> %<\/span>\n                                            <\/div>\n                <\/div>\n\n                <div class=\"twp-reacts-wrap\">\n                    <a react-data=\"be-react-4\" post-id=\"4639\" class=\"be-face-icons un-reacted\" href=\"javascript:void(0)\">\n                        <img decoding=\"async\" src=\"https:\/\/radar190.com.br\/wp-content\/plugins\/booster-extension\/\/assets\/icon\/angry.svg\" alt=\"Angry\">\n                    <\/a>\n                    <div class=\"twp-reaction-title\">Angry<\/div>\n                    <div class=\"twp-count-percent\">\n                                                    <span style=\"display: none;\" class=\"twp-react-count\">0<\/span>\n                                                                        <span class=\"twp-react-percent\"><span>0<\/span> %<\/span>\n                        \n                    <\/div>\n                <\/div>\n\n                <div class=\"twp-reacts-wrap\">\n                    <a react-data=\"be-react-5\" post-id=\"4639\" class=\"be-face-icons un-reacted\" href=\"javascript:void(0)\">\n                        <img decoding=\"async\" src=\"https:\/\/radar190.com.br\/wp-content\/plugins\/booster-extension\/\/assets\/icon\/surprise.svg\" alt=\"Surprise\">\n                    <\/a>\n                    <div class=\"twp-reaction-title\">Surprise<\/div>\n                    <div class=\"twp-count-percent\">\n                                                    <span style=\"display: none;\" class=\"twp-react-count\">0<\/span>\n                                                                        <span class=\"twp-react-percent\"><span>0<\/span> %<\/span>\n                                            <\/div>\n                <\/div>\n\n            <\/div>\n        <\/div>\n\n    ","protected":false},"excerpt":{"rendered":"<p>Os principais suspeitos s\u00e3o os pr\u00f3prios filhos e o genro da v\u00edtima. Um homem identificado como Sebasti\u00e3o Bernardo Sena foi brutalmente assassinado na tarde do \u00faltimo s\u00e1bado (2), no distrito de Olho D\u2019\u00c1gua, localizado na cidade de Capim, na regi\u00e3o do Vale do Mamanguape. Os principais suspeitos s\u00e3o os pr\u00f3prios [&hellip;]<\/p>\n","protected":false},"author":1,"featured_media":4640,"comment_status":"open","ping_status":"open","sticky":false,"template":"","format":"standard","meta":{"_mi_skip_tracking":false,"_ti_tpc_template_sync":false,"_ti_tpc_template_id":"","_joinchat":[],"footnotes":""},"categories":[5,14,13,1,9,18,12,8],"tags":[],"class_list":["post-4639","post","type-post","status-publish","format-standard","has-post-thumbnail","hentry","category-brasil","category-cidades","category-cultural","category-uncategorized","category-esporte","category-mundo-brasil","category-paraiba","category-policial"],"_links":{"self":[{"href":"https:\/\/radar190.com.br\/index.php\/wp-json\/wp\/v2\/posts\/4639","targetHints":{"allow":["GET"]}}],"collection":[{"href":"https:\/\/radar190.com.br\/index.php\/wp-json\/wp\/v2\/posts"}],"about":[{"href":"https:\/\/radar190.com.br\/index.php\/wp-json\/wp\/v2\/types\/post"}],"author":[{"embeddable":true,"href":"https:\/\/radar190.com.br\/index.php\/wp-json\/wp\/v2\/users\/1"}],"replies":[{"embeddable":true,"href":"https:\/\/radar190.com.br\/index.php\/wp-json\/wp\/v2\/comments?post=4639"}],"version-history":[{"count":1,"href":"https:\/\/radar190.com.br\/index.php\/wp-json\/wp\/v2\/posts\/4639\/revisions"}],"predecessor-version":[{"id":4641,"href":"https:\/\/radar190.com.br\/index.php\/wp-json\/wp\/v2\/posts\/4639\/revisions\/4641"}],"wp:featuredmedia":[{"embeddable":true,"href":"https:\/\/radar190.com.br\/index.php\/wp-json\/wp\/v2\/media\/4640"}],"wp:attachment":[{"href":"https:\/\/radar190.com.br\/index.php\/wp-json\/wp\/v2\/media?parent=4639"}],"wp:term":[{"taxonomy":"category","embeddable":true,"href":"https:\/\/radar190.com.br\/index.php\/wp-json\/wp\/v2\/categories?post=4639"},{"taxonomy":"post_tag","embeddable":true,"href":"https:\/\/radar190.com.br\/index.php\/wp-json\/wp\/v2\/tags?post=4639"}],"curies":[{"name":"wp","href":"https:\/\/api.w.org\/{rel}","templated":true}]}}