{"id":4618,"date":"2025-07-24T13:46:15","date_gmt":"2025-07-24T16:46:15","guid":{"rendered":"https:\/\/radar190.com.br\/?p=4618"},"modified":"2025-07-24T13:47:03","modified_gmt":"2025-07-24T16:47:03","slug":"suspeito-de-estuprar-uma-menina-de-10-anos-de-idade-e-preso-pela-policia-civil-no-vale-do-pianco","status":"publish","type":"post","link":"https:\/\/radar190.com.br\/index.php\/2025\/07\/24\/suspeito-de-estuprar-uma-menina-de-10-anos-de-idade-e-preso-pela-policia-civil-no-vale-do-pianco\/","title":{"rendered":"Suspeito de estuprar uma menina de 10 anos de idade \u00e9 preso pela Pol\u00edcia Civil, no Vale do Pianc\u00f3"},"content":{"rendered":"<div class='booster-block booster-read-block'>\n                <div class=\"twp-read-time\">\n                \t<i class=\"booster-icon twp-clock\"><\/i> <span>Read Time:<\/span>46 Second                <\/div>\n\n            <\/div>\n<p>Ap\u00f3s dilig\u00eancias investigativas, ele foi localizado no S\u00edtio Santana, zona rural do munic\u00edpio de Serra Grande\/PB.<\/p>\n\n\n\n<p>Um indiv\u00edduo de 56 anos de idade foi preso hoje pela madrugada por equipes da Pol\u00edcia Civil de Itaporanga (GTE, DEAM e DP Serra Grande). Ele se encontrava foragido, com mandado de pris\u00e3o em aberto.<\/p>\n\n\n\n<p>Em junho deste ano (2025) ele passou a ser investigado pela pr\u00e1tica de crime de estupro de vulner\u00e1vel (uma menina de 10 anos), fato ocorrido no munic\u00edpio de Serra Grande\/PB.<\/p>\n\n\n\n<figure class=\"wp-block-image size-full\"><img loading=\"lazy\" decoding=\"async\" width=\"325\" height=\"427\" src=\"https:\/\/radar190.com.br\/wp-content\/uploads\/2025\/07\/image-15.png\" alt=\"\" class=\"wp-image-4619\" srcset=\"https:\/\/radar190.com.br\/wp-content\/uploads\/2025\/07\/image-15.png 325w, https:\/\/radar190.com.br\/wp-content\/uploads\/2025\/07\/image-15-228x300.png 228w\" sizes=\"auto, (max-width: 325px) 100vw, 325px\" \/><\/figure>\n\n\n\n<p>A av\u00f3 da crian\u00e7a compareceu \u00e0 Delegacia de Itaporanga e formulou a not\u00edcia crime. Colhidas as provas indici\u00e1rias iniciais, o Delegado de Serra Grande representou por sua pris\u00e3o preventiva. O mandado de pris\u00e3o foi expedido em 15\/06\/2025. Desde essa data que ele \u00e9 considerado foragido.<\/p>\n\n\n\n<p>Ap\u00f3s dilig\u00eancias investigativas, ele foi localizado no S\u00edtio Santana, zona rural do munic\u00edpio de Serra Grande\/PB.<\/p>\n\n\n\n<p>Pol\u00edcia Civil: Investigar e Proteger!<\/p>\n        <div class=\"booster-block booster-reactions-block\">\n            <div class=\"twp-reactions-icons\">\n                \n                <div class=\"twp-reacts-wrap\">\n                    <a react-data=\"be-react-1\" post-id=\"4618\" class=\"be-face-icons un-reacted\" href=\"javascript:void(0)\">\n                        <img decoding=\"async\" src=\"https:\/\/radar190.com.br\/wp-content\/plugins\/booster-extension\/\/assets\/icon\/happy.svg\" alt=\"Happy\">\n                    <\/a>\n                    <div class=\"twp-reaction-title\">\n                        Happy                    <\/div>\n                    <div class=\"twp-count-percent\">\n                                                    <span style=\"display: none;\" class=\"twp-react-count\">0<\/span>\n                        \n                                                <span class=\"twp-react-percent\"><span>0<\/span> %<\/span>\n                                            <\/div>\n                <\/div>\n\n                <div class=\"twp-reacts-wrap\">\n                    <a react-data=\"be-react-2\" post-id=\"4618\" class=\"be-face-icons un-reacted\" href=\"javascript:void(0)\">\n                        <img decoding=\"async\" src=\"https:\/\/radar190.com.br\/wp-content\/plugins\/booster-extension\/\/assets\/icon\/sad.svg\" alt=\"Sad\">\n                    <\/a>\n                    <div class=\"twp-reaction-title\">\n                        Sad                    <\/div>\n                    <div class=\"twp-count-percent\">\n                                                    <span style=\"display: none;\" class=\"twp-react-count\">0<\/span>\n                                                                        <span class=\"twp-react-percent\"><span>0<\/span> %<\/span>\n                                            <\/div>\n                <\/div>\n\n                <div class=\"twp-reacts-wrap\">\n                    <a react-data=\"be-react-3\" post-id=\"4618\" class=\"be-face-icons un-reacted\" href=\"javascript:void(0)\">\n                        <img decoding=\"async\" src=\"https:\/\/radar190.com.br\/wp-content\/plugins\/booster-extension\/\/assets\/icon\/excited.svg\" alt=\"Excited\">\n                    <\/a>\n                    <div class=\"twp-reaction-title\">\n                        Excited                    <\/div>\n                    <div class=\"twp-count-percent\">\n                                                    <span style=\"display: none;\" class=\"twp-react-count\">0<\/span>\n                                                                        <span class=\"twp-react-percent\"><span>0<\/span> %<\/span>\n                                            <\/div>\n                <\/div>\n\n                <div class=\"twp-reacts-wrap\">\n                    <a react-data=\"be-react-6\" post-id=\"4618\" class=\"be-face-icons un-reacted\" href=\"javascript:void(0)\">\n                        <img decoding=\"async\" src=\"https:\/\/radar190.com.br\/wp-content\/plugins\/booster-extension\/\/assets\/icon\/sleepy.svg\" alt=\"Sleepy\">\n                    <\/a>\n                    <div class=\"twp-reaction-title\">\n                        Sleepy                    <\/div>\n                    <div class=\"twp-count-percent\">\n                                                    <span style=\"display: none;\" class=\"twp-react-count\">0<\/span>\n                        \n                                                <span class=\"twp-react-percent\"><span>0<\/span> %<\/span>\n                                            <\/div>\n                <\/div>\n\n                <div class=\"twp-reacts-wrap\">\n                    <a react-data=\"be-react-4\" post-id=\"4618\" class=\"be-face-icons un-reacted\" href=\"javascript:void(0)\">\n                        <img decoding=\"async\" src=\"https:\/\/radar190.com.br\/wp-content\/plugins\/booster-extension\/\/assets\/icon\/angry.svg\" alt=\"Angry\">\n                    <\/a>\n                    <div class=\"twp-reaction-title\">Angry<\/div>\n                    <div class=\"twp-count-percent\">\n                                                    <span style=\"display: none;\" class=\"twp-react-count\">0<\/span>\n                                                                        <span class=\"twp-react-percent\"><span>0<\/span> %<\/span>\n                        \n                    <\/div>\n                <\/div>\n\n                <div class=\"twp-reacts-wrap\">\n                    <a react-data=\"be-react-5\" post-id=\"4618\" class=\"be-face-icons un-reacted\" href=\"javascript:void(0)\">\n                        <img decoding=\"async\" src=\"https:\/\/radar190.com.br\/wp-content\/plugins\/booster-extension\/\/assets\/icon\/surprise.svg\" alt=\"Surprise\">\n                    <\/a>\n                    <div class=\"twp-reaction-title\">Surprise<\/div>\n                    <div class=\"twp-count-percent\">\n                                                    <span style=\"display: none;\" class=\"twp-react-count\">0<\/span>\n                                                                        <span class=\"twp-react-percent\"><span>0<\/span> %<\/span>\n                                            <\/div>\n                <\/div>\n\n            <\/div>\n        <\/div>\n\n    ","protected":false},"excerpt":{"rendered":"<p>Ap\u00f3s dilig\u00eancias investigativas, ele foi localizado no S\u00edtio Santana, zona rural do munic\u00edpio de Serra Grande\/PB. Um indiv\u00edduo de 56 anos de idade foi preso hoje pela madrugada por equipes da Pol\u00edcia Civil de Itaporanga (GTE, DEAM e DP Serra Grande). Ele se encontrava foragido, com mandado de pris\u00e3o em [&hellip;]<\/p>\n","protected":false},"author":1,"featured_media":4619,"comment_status":"open","ping_status":"open","sticky":false,"template":"","format":"standard","meta":{"_mi_skip_tracking":false,"_ti_tpc_template_sync":false,"_ti_tpc_template_id":"","_joinchat":[],"footnotes":""},"categories":[5,14,13,1,116,9,18,12,8],"tags":[],"class_list":["post-4618","post","type-post","status-publish","format-standard","has-post-thumbnail","hentry","category-brasil","category-cidades","category-cultural","category-uncategorized","category-editor-picks","category-esporte","category-mundo-brasil","category-paraiba","category-policial"],"_links":{"self":[{"href":"https:\/\/radar190.com.br\/index.php\/wp-json\/wp\/v2\/posts\/4618","targetHints":{"allow":["GET"]}}],"collection":[{"href":"https:\/\/radar190.com.br\/index.php\/wp-json\/wp\/v2\/posts"}],"about":[{"href":"https:\/\/radar190.com.br\/index.php\/wp-json\/wp\/v2\/types\/post"}],"author":[{"embeddable":true,"href":"https:\/\/radar190.com.br\/index.php\/wp-json\/wp\/v2\/users\/1"}],"replies":[{"embeddable":true,"href":"https:\/\/radar190.com.br\/index.php\/wp-json\/wp\/v2\/comments?post=4618"}],"version-history":[{"count":1,"href":"https:\/\/radar190.com.br\/index.php\/wp-json\/wp\/v2\/posts\/4618\/revisions"}],"predecessor-version":[{"id":4620,"href":"https:\/\/radar190.com.br\/index.php\/wp-json\/wp\/v2\/posts\/4618\/revisions\/4620"}],"wp:featuredmedia":[{"embeddable":true,"href":"https:\/\/radar190.com.br\/index.php\/wp-json\/wp\/v2\/media\/4619"}],"wp:attachment":[{"href":"https:\/\/radar190.com.br\/index.php\/wp-json\/wp\/v2\/media?parent=4618"}],"wp:term":[{"taxonomy":"category","embeddable":true,"href":"https:\/\/radar190.com.br\/index.php\/wp-json\/wp\/v2\/categories?post=4618"},{"taxonomy":"post_tag","embeddable":true,"href":"https:\/\/radar190.com.br\/index.php\/wp-json\/wp\/v2\/tags?post=4618"}],"curies":[{"name":"wp","href":"https:\/\/api.w.org\/{rel}","templated":true}]}}