{"id":4596,"date":"2025-07-21T12:41:55","date_gmt":"2025-07-21T15:41:55","guid":{"rendered":"https:\/\/radar190.com.br\/?p=4596"},"modified":"2025-07-21T12:42:36","modified_gmt":"2025-07-21T15:42:36","slug":"justica-mantem-prisao-de-ex-prefeito-acusado-de-chefiar-organizacao-criminosa-no-sertao-da-paraiba","status":"publish","type":"post","link":"https:\/\/radar190.com.br\/index.php\/2025\/07\/21\/justica-mantem-prisao-de-ex-prefeito-acusado-de-chefiar-organizacao-criminosa-no-sertao-da-paraiba\/","title":{"rendered":"Justi\u00e7a mant\u00e9m pris\u00e3o de ex-prefeito acusado de chefiar organiza\u00e7\u00e3o criminosa no Sert\u00e3o da Para\u00edba"},"content":{"rendered":"<div class='booster-block booster-read-block'>\n                <div class=\"twp-read-time\">\n                \t<i class=\"booster-icon twp-clock\"><\/i> <span>Read Time:<\/span>45 Second                <\/div>\n\n            <\/div>\n<figure class=\"wp-block-image size-full\"><img loading=\"lazy\" decoding=\"async\" width=\"373\" height=\"315\" src=\"https:\/\/radar190.com.br\/wp-content\/uploads\/2025\/07\/image-10.png\" alt=\"\" class=\"wp-image-4597\" srcset=\"https:\/\/radar190.com.br\/wp-content\/uploads\/2025\/07\/image-10.png 373w, https:\/\/radar190.com.br\/wp-content\/uploads\/2025\/07\/image-10-300x253.png 300w\" sizes=\"auto, (max-width: 373px) 100vw, 373px\" \/><\/figure>\n\n\n\n<p>n\u00e3o foi avaliado, j\u00e1 que essa an\u00e1lise caber\u00e1 ao juiz titular da 5\u00aa Vara Regional das Garantias, sediada em Patos.<br>A Justi\u00e7a da Para\u00edba decidiu manter, neste s\u00e1bado (19), durante audi\u00eancia de cust\u00f3dia, a pris\u00e3o do ex-prefeito de Vista Serrana, S\u00e9rgio Garcia da N\u00f3brega. Ele foi preso pela segunda vez na \u00faltima sexta-feira (18), acusado de liderar uma organiza\u00e7\u00e3o criminosa especializada no tr\u00e1fico de drogas na regi\u00e3o do Sert\u00e3o paraibano.Durante a audi\u00eancia, o juiz plantonista analisou apenas a legalidade da pris\u00e3o sob o aspecto formal, verificando se houve abuso por parte das autoridades durante a opera\u00e7\u00e3o. O m\u00e9rito da pris\u00e3o \u2014 ou seja, as raz\u00f5es que justificam a deten\u00e7\u00e3o \u2014 n\u00e3o foi avaliado, j\u00e1 que essa an\u00e1lise caber\u00e1 ao juiz titular da 5\u00aa Vara Regional das Garantias, sediada em Patos.<\/p>\n\n\n\n<p>S\u00e9rgio Garcia j\u00e1 havia sido alvo de opera\u00e7\u00f5es anteriores envolvendo crimes semelhantes, o que refor\u00e7a as suspeitas de reincid\u00eancia.<\/p>\n        <div class=\"booster-block booster-reactions-block\">\n            <div class=\"twp-reactions-icons\">\n                \n                <div class=\"twp-reacts-wrap\">\n                    <a react-data=\"be-react-1\" post-id=\"4596\" class=\"be-face-icons un-reacted\" href=\"javascript:void(0)\">\n                        <img decoding=\"async\" src=\"https:\/\/radar190.com.br\/wp-content\/plugins\/booster-extension\/\/assets\/icon\/happy.svg\" alt=\"Happy\">\n                    <\/a>\n                    <div class=\"twp-reaction-title\">\n                        Happy                    <\/div>\n                    <div class=\"twp-count-percent\">\n                                                    <span style=\"display: none;\" class=\"twp-react-count\">0<\/span>\n                        \n                                                <span class=\"twp-react-percent\"><span>0<\/span> %<\/span>\n                                            <\/div>\n                <\/div>\n\n                <div class=\"twp-reacts-wrap\">\n                    <a react-data=\"be-react-2\" post-id=\"4596\" class=\"be-face-icons un-reacted\" href=\"javascript:void(0)\">\n                        <img decoding=\"async\" src=\"https:\/\/radar190.com.br\/wp-content\/plugins\/booster-extension\/\/assets\/icon\/sad.svg\" alt=\"Sad\">\n                    <\/a>\n                    <div class=\"twp-reaction-title\">\n                        Sad                    <\/div>\n                    <div class=\"twp-count-percent\">\n                                                    <span style=\"display: none;\" class=\"twp-react-count\">0<\/span>\n                                                                        <span class=\"twp-react-percent\"><span>0<\/span> %<\/span>\n                                            <\/div>\n                <\/div>\n\n                <div class=\"twp-reacts-wrap\">\n                    <a react-data=\"be-react-3\" post-id=\"4596\" class=\"be-face-icons un-reacted\" href=\"javascript:void(0)\">\n                        <img decoding=\"async\" src=\"https:\/\/radar190.com.br\/wp-content\/plugins\/booster-extension\/\/assets\/icon\/excited.svg\" alt=\"Excited\">\n                    <\/a>\n                    <div class=\"twp-reaction-title\">\n                        Excited                    <\/div>\n                    <div class=\"twp-count-percent\">\n                                                    <span style=\"display: none;\" class=\"twp-react-count\">0<\/span>\n                                                                        <span class=\"twp-react-percent\"><span>0<\/span> %<\/span>\n                                            <\/div>\n                <\/div>\n\n                <div class=\"twp-reacts-wrap\">\n                    <a react-data=\"be-react-6\" post-id=\"4596\" class=\"be-face-icons un-reacted\" href=\"javascript:void(0)\">\n                        <img decoding=\"async\" src=\"https:\/\/radar190.com.br\/wp-content\/plugins\/booster-extension\/\/assets\/icon\/sleepy.svg\" alt=\"Sleepy\">\n                    <\/a>\n                    <div class=\"twp-reaction-title\">\n                        Sleepy                    <\/div>\n                    <div class=\"twp-count-percent\">\n                                                    <span style=\"display: none;\" class=\"twp-react-count\">0<\/span>\n                        \n                                                <span class=\"twp-react-percent\"><span>0<\/span> %<\/span>\n                                            <\/div>\n                <\/div>\n\n                <div class=\"twp-reacts-wrap\">\n                    <a react-data=\"be-react-4\" post-id=\"4596\" class=\"be-face-icons un-reacted\" href=\"javascript:void(0)\">\n                        <img decoding=\"async\" src=\"https:\/\/radar190.com.br\/wp-content\/plugins\/booster-extension\/\/assets\/icon\/angry.svg\" alt=\"Angry\">\n                    <\/a>\n                    <div class=\"twp-reaction-title\">Angry<\/div>\n                    <div class=\"twp-count-percent\">\n                                                    <span style=\"display: none;\" class=\"twp-react-count\">0<\/span>\n                                                                        <span class=\"twp-react-percent\"><span>0<\/span> %<\/span>\n                        \n                    <\/div>\n                <\/div>\n\n                <div class=\"twp-reacts-wrap\">\n                    <a react-data=\"be-react-5\" post-id=\"4596\" class=\"be-face-icons un-reacted\" href=\"javascript:void(0)\">\n                        <img decoding=\"async\" src=\"https:\/\/radar190.com.br\/wp-content\/plugins\/booster-extension\/\/assets\/icon\/surprise.svg\" alt=\"Surprise\">\n                    <\/a>\n                    <div class=\"twp-reaction-title\">Surprise<\/div>\n                    <div class=\"twp-count-percent\">\n                                                    <span style=\"display: none;\" class=\"twp-react-count\">0<\/span>\n                                                                        <span class=\"twp-react-percent\"><span>0<\/span> %<\/span>\n                                            <\/div>\n                <\/div>\n\n            <\/div>\n        <\/div>\n\n    ","protected":false},"excerpt":{"rendered":"<p>n\u00e3o foi avaliado, j\u00e1 que essa an\u00e1lise caber\u00e1 ao juiz titular da 5\u00aa Vara Regional das Garantias, sediada em Patos.A Justi\u00e7a da Para\u00edba decidiu manter, neste s\u00e1bado (19), durante audi\u00eancia de cust\u00f3dia, a pris\u00e3o do ex-prefeito de Vista Serrana, S\u00e9rgio Garcia da N\u00f3brega. Ele foi preso pela segunda vez na [&hellip;]<\/p>\n","protected":false},"author":1,"featured_media":4597,"comment_status":"open","ping_status":"open","sticky":false,"template":"","format":"standard","meta":{"_mi_skip_tracking":false,"_ti_tpc_template_sync":false,"_ti_tpc_template_id":"","_joinchat":[],"footnotes":""},"categories":[5,14,13,1,9,18,12,8],"tags":[],"class_list":["post-4596","post","type-post","status-publish","format-standard","has-post-thumbnail","hentry","category-brasil","category-cidades","category-cultural","category-uncategorized","category-esporte","category-mundo-brasil","category-paraiba","category-policial"],"_links":{"self":[{"href":"https:\/\/radar190.com.br\/index.php\/wp-json\/wp\/v2\/posts\/4596","targetHints":{"allow":["GET"]}}],"collection":[{"href":"https:\/\/radar190.com.br\/index.php\/wp-json\/wp\/v2\/posts"}],"about":[{"href":"https:\/\/radar190.com.br\/index.php\/wp-json\/wp\/v2\/types\/post"}],"author":[{"embeddable":true,"href":"https:\/\/radar190.com.br\/index.php\/wp-json\/wp\/v2\/users\/1"}],"replies":[{"embeddable":true,"href":"https:\/\/radar190.com.br\/index.php\/wp-json\/wp\/v2\/comments?post=4596"}],"version-history":[{"count":1,"href":"https:\/\/radar190.com.br\/index.php\/wp-json\/wp\/v2\/posts\/4596\/revisions"}],"predecessor-version":[{"id":4598,"href":"https:\/\/radar190.com.br\/index.php\/wp-json\/wp\/v2\/posts\/4596\/revisions\/4598"}],"wp:featuredmedia":[{"embeddable":true,"href":"https:\/\/radar190.com.br\/index.php\/wp-json\/wp\/v2\/media\/4597"}],"wp:attachment":[{"href":"https:\/\/radar190.com.br\/index.php\/wp-json\/wp\/v2\/media?parent=4596"}],"wp:term":[{"taxonomy":"category","embeddable":true,"href":"https:\/\/radar190.com.br\/index.php\/wp-json\/wp\/v2\/categories?post=4596"},{"taxonomy":"post_tag","embeddable":true,"href":"https:\/\/radar190.com.br\/index.php\/wp-json\/wp\/v2\/tags?post=4596"}],"curies":[{"name":"wp","href":"https:\/\/api.w.org\/{rel}","templated":true}]}}