{"id":4567,"date":"2025-07-10T14:32:36","date_gmt":"2025-07-10T17:32:36","guid":{"rendered":"https:\/\/radar190.com.br\/?p=4567"},"modified":"2025-07-10T14:35:16","modified_gmt":"2025-07-10T17:35:16","slug":"onibus-escolar-da-prefeitura-de-boa-ventura-tomba-apos-pneu-estourar","status":"publish","type":"post","link":"https:\/\/radar190.com.br\/index.php\/2025\/07\/10\/onibus-escolar-da-prefeitura-de-boa-ventura-tomba-apos-pneu-estourar\/","title":{"rendered":"\u00d4nibus escolar da Prefeitura de Boa Ventura tomba ap\u00f3s pneu estourar."},"content":{"rendered":"<div class='booster-block booster-read-block'>\n                <div class=\"twp-read-time\">\n                \t<i class=\"booster-icon twp-clock\"><\/i> <span>Read Time:<\/span>2 Minute, 19 Second                <\/div>\n\n            <\/div>\n<figure class=\"wp-block-image size-full\"><img loading=\"lazy\" decoding=\"async\" width=\"674\" height=\"460\" src=\"https:\/\/radar190.com.br\/wp-content\/uploads\/2025\/07\/image-5.png\" alt=\"\" class=\"wp-image-4568\" srcset=\"https:\/\/radar190.com.br\/wp-content\/uploads\/2025\/07\/image-5.png 674w, https:\/\/radar190.com.br\/wp-content\/uploads\/2025\/07\/image-5-300x205.png 300w\" sizes=\"auto, (max-width: 674px) 100vw, 674px\" \/><\/figure>\n\n\n\n<p>No momento do acidente, estavam no \u00f4nibus o motorista, um inspetor e uma aluna. Felizmente, os tr\u00eas ocupantes n\u00e3o sofreram ferimentos graves e foram atendidos ainda no local.<\/p>\n\n\n\n<p>Um \u00f4nibus escolar pertencente \u00e0 frota do munic\u00edpio de Boa Ventura, no Vale do Pianc\u00f3, Sert\u00e3o da Para\u00edba, tombou na noite desta ter\u00e7a-feira (8) enquanto trafegava pela rodovia estadual PB-386, no trecho que liga o s\u00edtio Lages \u00e0 zona urbana da cidade. Segundo testemunhas, o acidente ocorreu ap\u00f3s o estouro de um dos pneus do ve\u00edculo, o que teria provocado a perda de controle e o tombamento \u00e0s margens da estrada.<\/p>\n\n\n\n<p><br>No momento do acidente, estavam no \u00f4nibus o motorista, um inspetor e uma aluna. Felizmente, os tr\u00eas ocupantes n\u00e3o sofreram ferimentos graves e foram atendidos ainda no local. Equipes das Secretarias Municipais de Sa\u00fade, Educa\u00e7\u00e3o e Transporte prestaram suporte imediato \u00e0s v\u00edtimas, que passam bem.A Prefeitura de Boa Ventura se pronunciou oficialmente por meio de nota p\u00fablica, classificando o ocorrido como um \u201ccaso isolado\u201d e reafirmando que a frota do munic\u00edpio passa por revis\u00f5es peri\u00f3dicas, seguindo os crit\u00e9rios t\u00e9cnicos de seguran\u00e7a exigidos pelo C\u00f3digo de Tr\u00e2nsito Brasileiro. Ainda conforme o comunicado, os pneus do ve\u00edculo estavam dentro do prazo de validade e em boas condi\u00e7\u00f5es de uso.<\/p>\n\n\n\n<p>A Prefeitura de Boa Ventura, por meio da Secretaria Municipal de Comunica\u00e7\u00e3o Social, vem a p\u00fablico esclarecer sobre o ocorrido na tarde desta ter\u00e7a-feira (08), envolvendo um \u00f4nibus escolar do munic\u00edpio.<\/p>\n\n\n\n<p>O incidente foi registrado no momento em que o ve\u00edculo retornava \u00e0 zona urbana. No momento do ocorrido, estavam no \u00f4nibus apenas tr\u00eas pessoas: o motorista, um inspetor e uma aluna. Felizmente, n\u00e3o houve feridos. Apesar do susto, todos passam bem e receberam, por precau\u00e7\u00e3o, atendimento de sa\u00fade imediato ainda no local, com o suporte das Secretarias Municipais de Sa\u00fade, Educa\u00e7\u00e3o e Transporte, al\u00e9m de toda a estrutura da gest\u00e3o municipal.De acordo com relato do motorista e informa\u00e7\u00f5es apuradas, o acidente pode ter sido causado pelo estouro de um pneu, por motivo ainda desconhecido. \u00c9 importante destacar que os pneus do ve\u00edculo encontram-se em \u00f3timas condi\u00e7\u00f5es, dentro do prazo de uso recomendado e seguem rigorosamente as normas estabelecidas pelo C\u00f3digo de Tr\u00e2nsito Brasileiro.<\/p>\n\n\n\n<p>A Prefeitura de Boa Ventura refor\u00e7a seu compromisso com a seguran\u00e7a e o bem-estar dos estudantes, profissionais e usu\u00e1rios do transporte escolar. Nossos ve\u00edculos passam por manuten\u00e7\u00e3o regular, e os motoristas s\u00e3o treinados e capacitados para atuarem com responsabilidade e zelo.<\/p>\n\n\n\n<p>Ressaltamos que este foi um fato isolado, e seguimos trabalhando com seriedade e compromisso para garantir a tranquilidade e a seguran\u00e7a de todos os que utilizam o transporte p\u00fablico em nosso munic\u00edpio.<\/p>\n\n\n\n<p>Boa Ventura, 8 de julho de 2025<\/p>\n\n\n\n<p>Prefeitura de Boa Ventura<br>Secretaria Municipal de Comunica\u00e7\u00e3o Social<\/p>\n\n\n\n<p>Por Patos Online<br>Com informa\u00e7\u00f5es do Diamante Online<\/p>\n        <div class=\"booster-block booster-reactions-block\">\n            <div class=\"twp-reactions-icons\">\n                \n                <div class=\"twp-reacts-wrap\">\n                    <a react-data=\"be-react-1\" post-id=\"4567\" class=\"be-face-icons un-reacted\" href=\"javascript:void(0)\">\n                        <img decoding=\"async\" src=\"https:\/\/radar190.com.br\/wp-content\/plugins\/booster-extension\/\/assets\/icon\/happy.svg\" alt=\"Happy\">\n                    <\/a>\n                    <div class=\"twp-reaction-title\">\n                        Happy                    <\/div>\n                    <div class=\"twp-count-percent\">\n                                                    <span style=\"display: none;\" class=\"twp-react-count\">0<\/span>\n                        \n                                                <span class=\"twp-react-percent\"><span>0<\/span> %<\/span>\n                                            <\/div>\n                <\/div>\n\n                <div class=\"twp-reacts-wrap\">\n                    <a react-data=\"be-react-2\" post-id=\"4567\" class=\"be-face-icons un-reacted\" href=\"javascript:void(0)\">\n                        <img decoding=\"async\" src=\"https:\/\/radar190.com.br\/wp-content\/plugins\/booster-extension\/\/assets\/icon\/sad.svg\" alt=\"Sad\">\n                    <\/a>\n                    <div class=\"twp-reaction-title\">\n                        Sad                    <\/div>\n                    <div class=\"twp-count-percent\">\n                                                    <span style=\"display: none;\" class=\"twp-react-count\">0<\/span>\n                                                                        <span class=\"twp-react-percent\"><span>0<\/span> %<\/span>\n                                            <\/div>\n                <\/div>\n\n                <div class=\"twp-reacts-wrap\">\n                    <a react-data=\"be-react-3\" post-id=\"4567\" class=\"be-face-icons un-reacted\" href=\"javascript:void(0)\">\n                        <img decoding=\"async\" src=\"https:\/\/radar190.com.br\/wp-content\/plugins\/booster-extension\/\/assets\/icon\/excited.svg\" alt=\"Excited\">\n                    <\/a>\n                    <div class=\"twp-reaction-title\">\n                        Excited                    <\/div>\n                    <div class=\"twp-count-percent\">\n                                                    <span style=\"display: none;\" class=\"twp-react-count\">0<\/span>\n                                                                        <span class=\"twp-react-percent\"><span>0<\/span> %<\/span>\n                                            <\/div>\n                <\/div>\n\n                <div class=\"twp-reacts-wrap\">\n                    <a react-data=\"be-react-6\" post-id=\"4567\" class=\"be-face-icons un-reacted\" href=\"javascript:void(0)\">\n                        <img decoding=\"async\" src=\"https:\/\/radar190.com.br\/wp-content\/plugins\/booster-extension\/\/assets\/icon\/sleepy.svg\" alt=\"Sleepy\">\n                    <\/a>\n                    <div class=\"twp-reaction-title\">\n                        Sleepy                    <\/div>\n                    <div class=\"twp-count-percent\">\n                                                    <span style=\"display: none;\" class=\"twp-react-count\">0<\/span>\n                        \n                                                <span class=\"twp-react-percent\"><span>0<\/span> %<\/span>\n                                            <\/div>\n                <\/div>\n\n                <div class=\"twp-reacts-wrap\">\n                    <a react-data=\"be-react-4\" post-id=\"4567\" class=\"be-face-icons un-reacted\" href=\"javascript:void(0)\">\n                        <img decoding=\"async\" src=\"https:\/\/radar190.com.br\/wp-content\/plugins\/booster-extension\/\/assets\/icon\/angry.svg\" alt=\"Angry\">\n                    <\/a>\n                    <div class=\"twp-reaction-title\">Angry<\/div>\n                    <div class=\"twp-count-percent\">\n                                                    <span style=\"display: none;\" class=\"twp-react-count\">0<\/span>\n                                                                        <span class=\"twp-react-percent\"><span>0<\/span> %<\/span>\n                        \n                    <\/div>\n                <\/div>\n\n                <div class=\"twp-reacts-wrap\">\n                    <a react-data=\"be-react-5\" post-id=\"4567\" class=\"be-face-icons un-reacted\" href=\"javascript:void(0)\">\n                        <img decoding=\"async\" src=\"https:\/\/radar190.com.br\/wp-content\/plugins\/booster-extension\/\/assets\/icon\/surprise.svg\" alt=\"Surprise\">\n                    <\/a>\n                    <div class=\"twp-reaction-title\">Surprise<\/div>\n                    <div class=\"twp-count-percent\">\n                                                    <span style=\"display: none;\" class=\"twp-react-count\">0<\/span>\n                                                                        <span class=\"twp-react-percent\"><span>0<\/span> %<\/span>\n                                            <\/div>\n                <\/div>\n\n            <\/div>\n        <\/div>\n\n    ","protected":false},"excerpt":{"rendered":"<p>No momento do acidente, estavam no \u00f4nibus o motorista, um inspetor e uma aluna. Felizmente, os tr\u00eas ocupantes n\u00e3o sofreram ferimentos graves e foram atendidos ainda no local. Um \u00f4nibus escolar pertencente \u00e0 frota do munic\u00edpio de Boa Ventura, no Vale do Pianc\u00f3, Sert\u00e3o da Para\u00edba, tombou na noite desta [&hellip;]<\/p>\n","protected":false},"author":1,"featured_media":4568,"comment_status":"open","ping_status":"open","sticky":false,"template":"","format":"standard","meta":{"_mi_skip_tracking":false,"_ti_tpc_template_sync":false,"_ti_tpc_template_id":"","_joinchat":[],"footnotes":""},"categories":[5,14,13,1,9,18,12,8],"tags":[],"class_list":["post-4567","post","type-post","status-publish","format-standard","has-post-thumbnail","hentry","category-brasil","category-cidades","category-cultural","category-uncategorized","category-esporte","category-mundo-brasil","category-paraiba","category-policial"],"_links":{"self":[{"href":"https:\/\/radar190.com.br\/index.php\/wp-json\/wp\/v2\/posts\/4567","targetHints":{"allow":["GET"]}}],"collection":[{"href":"https:\/\/radar190.com.br\/index.php\/wp-json\/wp\/v2\/posts"}],"about":[{"href":"https:\/\/radar190.com.br\/index.php\/wp-json\/wp\/v2\/types\/post"}],"author":[{"embeddable":true,"href":"https:\/\/radar190.com.br\/index.php\/wp-json\/wp\/v2\/users\/1"}],"replies":[{"embeddable":true,"href":"https:\/\/radar190.com.br\/index.php\/wp-json\/wp\/v2\/comments?post=4567"}],"version-history":[{"count":1,"href":"https:\/\/radar190.com.br\/index.php\/wp-json\/wp\/v2\/posts\/4567\/revisions"}],"predecessor-version":[{"id":4569,"href":"https:\/\/radar190.com.br\/index.php\/wp-json\/wp\/v2\/posts\/4567\/revisions\/4569"}],"wp:featuredmedia":[{"embeddable":true,"href":"https:\/\/radar190.com.br\/index.php\/wp-json\/wp\/v2\/media\/4568"}],"wp:attachment":[{"href":"https:\/\/radar190.com.br\/index.php\/wp-json\/wp\/v2\/media?parent=4567"}],"wp:term":[{"taxonomy":"category","embeddable":true,"href":"https:\/\/radar190.com.br\/index.php\/wp-json\/wp\/v2\/categories?post=4567"},{"taxonomy":"post_tag","embeddable":true,"href":"https:\/\/radar190.com.br\/index.php\/wp-json\/wp\/v2\/tags?post=4567"}],"curies":[{"name":"wp","href":"https:\/\/api.w.org\/{rel}","templated":true}]}}