{"id":4555,"date":"2025-07-08T09:49:24","date_gmt":"2025-07-08T12:49:24","guid":{"rendered":"https:\/\/radar190.com.br\/?p=4555"},"modified":"2025-07-08T09:52:27","modified_gmt":"2025-07-08T12:52:27","slug":"chacina-na-praia-do-sol-policia-civil-investiga-briga-entre-faccoes-como-possivel-motivacao-para-ataque-que-matou-quatro-pessoas-em-joao-pessoa","status":"publish","type":"post","link":"https:\/\/radar190.com.br\/index.php\/2025\/07\/08\/chacina-na-praia-do-sol-policia-civil-investiga-briga-entre-faccoes-como-possivel-motivacao-para-ataque-que-matou-quatro-pessoas-em-joao-pessoa\/","title":{"rendered":"Chacina na Praia do Sol: Pol\u00edcia Civil investiga briga entre fac\u00e7\u00f5es como poss\u00edvel motiva\u00e7\u00e3o para ataque que matou quatro pessoas em Jo\u00e3o Pessoa"},"content":{"rendered":"<div class='booster-block booster-read-block'>\n                <div class=\"twp-read-time\">\n                \t<i class=\"booster-icon twp-clock\"><\/i> <span>Read Time:<\/span>2 Minute, 20 Second                <\/div>\n\n            <\/div>\n<figure class=\"wp-block-image is-resized\"><img decoding=\"async\" src=\"https:\/\/angelolimapb.com.br\/images\/noticias\/4734\/71ba91fdd3fc46bbe596253e83a03630.webp\" alt=\"Chacina na Praia do Sol: Pol\u00edcia Civil investiga briga entre fac\u00e7\u00f5es como poss\u00edvel motiva\u00e7\u00e3o para ataque que matou quatro pessoas em Jo\u00e3o Pessoa\" style=\"width:461px;height:auto\"\/><\/figure>\n\n\n\n<p>O crime ocorreu durante uma festa realizada em uma casa alugada na regi\u00e3o. Segundo o delegado, a festa foi organizada por um jovem que pode ter liga\u00e7\u00e3o com fac\u00e7\u00f5es.A Pol\u00edcia Civil investiga se uma briga entre fac\u00e7\u00f5es criminosas foi o motivo de uma chacina que resultou na morte de quatro pessoas e deixou outras duas feridas na madrugada deste domingo (6), na Praia do Sol, em Jo\u00e3o Pessoa. O crime ocorreu durante uma festa realizada em uma casa alugada na regi\u00e3o.<\/p>\n\n\n\n<p><br>Segundo o delegado Bruno Germano, respons\u00e1vel pelas investiga\u00e7\u00f5es, a festa foi organizada por um jovem que pode ter liga\u00e7\u00e3o com fac\u00e7\u00f5es criminosas. A pol\u00edcia apura se uma fac\u00e7\u00e3o rival aproveitou o momento para realizar o ataque.<\/p>\n\n\n\n<p>\u201cA fac\u00e7\u00e3o rival aproveitou esse momento para realizar um poss\u00edvel ataque. Infelizmente, v\u00e1rias pessoas que estavam no local, que n\u00e3o t\u00eam envolvimento com o crime, mas estavam na festa de uma pessoa que \u00e9 faccionada, foram alvo da a\u00e7\u00e3o criminosa\u201d, explicou o delegado.<\/p>\n\n\n\n<p>Ainda conforme Germano, as mulheres mortas no ataque n\u00e3o tinham antecedentes criminais nem envolvimento com atividades criminosas. J\u00e1 os homens assassinados possu\u00edam antecedentes, mas as investiga\u00e7\u00f5es seguem para esclarecer se estavam ligados diretamente a alguma fac\u00e7\u00e3o ou se continuavam a praticar crimes.<\/p>\n\n\n\n<p><br>O delegado informou que dilig\u00eancias seguem sendo feitas na manh\u00e3 desta segunda-feira (7), com testemunhas sendo intimadas a depor ao longo da semana. At\u00e9 o momento, ningu\u00e9m foi preso.<\/p>\n\n\n\n<p>V\u00edtimas e sepultamento<br>De acordo com informa\u00e7\u00f5es da TV Cabo Branco, tr\u00eas das v\u00edtimas foram enterradas no Cemit\u00e9rio do Cristo, em Jo\u00e3o Pessoa. Na manh\u00e3 desta segunda-feira, foram sepultados Rafael Daniel dos Santos Gomes, de 20 anos, e Maria Clara Henriques da Costa, de 21 anos, que estava gr\u00e1vida de tr\u00eas meses. Welton Rodrigues de Sousa, de 20 anos, foi enterrado no domingo (6) \u00e0 tarde.<\/p>\n\n\n\n<p>Danyelle Cristina Andrade da Silva, tamb\u00e9m de 20 anos, ser\u00e1 enterrada no mesmo cemit\u00e9rio ainda hoje, sem hor\u00e1rio definido.<\/p>\n\n\n\n<p>Entenda o crime<br>Quatro pessoas \u2014 dois homens e duas mulheres \u2014 foram mortas a tiros na madrugada de domingo durante a festa na casa alugada na Praia do Sol. As v\u00edtimas foram identificadas como Danyelle Cristina Andrade da Silva, Maria Clara Henriques da Costa, Welton Rodrigues de Sousa e Rafael Daniel dos Santos Gomes, todos com idade entre 20 e 21 anos.O delegado detalhou que os suspeitos chegaram ao local em duas motos e come\u00e7aram a disparar contra os presentes. A suspeita \u00e9 que o alvo principal era o organizador da festa. Durante a correria, duas v\u00edtimas foram mortas em uma esquina pr\u00f3xima \u00e0 resid\u00eancia.<\/p>\n\n\n\n<p>Al\u00e9m dos quatro mortos, outras duas pessoas foram baleadas e permanecem internadas: uma adolescente de 17 anos, que segue em estado grave\/est\u00e1vel no Hospital de Trauma de Jo\u00e3o Pessoa, e um homem que est\u00e1 no Complexo Hospitalar de Mangabeira (Trauminha) com quadro est\u00e1vel.<\/p>\n        <div class=\"booster-block booster-reactions-block\">\n            <div class=\"twp-reactions-icons\">\n                \n                <div class=\"twp-reacts-wrap\">\n                    <a react-data=\"be-react-1\" post-id=\"4555\" class=\"be-face-icons un-reacted\" href=\"javascript:void(0)\">\n                        <img decoding=\"async\" src=\"https:\/\/radar190.com.br\/wp-content\/plugins\/booster-extension\/\/assets\/icon\/happy.svg\" alt=\"Happy\">\n                    <\/a>\n                    <div class=\"twp-reaction-title\">\n                        Happy                    <\/div>\n                    <div class=\"twp-count-percent\">\n                                                    <span style=\"display: none;\" class=\"twp-react-count\">0<\/span>\n                        \n                                                <span class=\"twp-react-percent\"><span>0<\/span> %<\/span>\n                                            <\/div>\n                <\/div>\n\n                <div class=\"twp-reacts-wrap\">\n                    <a react-data=\"be-react-2\" post-id=\"4555\" class=\"be-face-icons un-reacted\" href=\"javascript:void(0)\">\n                        <img decoding=\"async\" src=\"https:\/\/radar190.com.br\/wp-content\/plugins\/booster-extension\/\/assets\/icon\/sad.svg\" alt=\"Sad\">\n                    <\/a>\n                    <div class=\"twp-reaction-title\">\n                        Sad                    <\/div>\n                    <div class=\"twp-count-percent\">\n                                                    <span style=\"display: none;\" class=\"twp-react-count\">0<\/span>\n                                                                        <span class=\"twp-react-percent\"><span>0<\/span> %<\/span>\n                                            <\/div>\n                <\/div>\n\n                <div class=\"twp-reacts-wrap\">\n                    <a react-data=\"be-react-3\" post-id=\"4555\" class=\"be-face-icons un-reacted\" href=\"javascript:void(0)\">\n                        <img decoding=\"async\" src=\"https:\/\/radar190.com.br\/wp-content\/plugins\/booster-extension\/\/assets\/icon\/excited.svg\" alt=\"Excited\">\n                    <\/a>\n                    <div class=\"twp-reaction-title\">\n                        Excited                    <\/div>\n                    <div class=\"twp-count-percent\">\n                                                    <span style=\"display: none;\" class=\"twp-react-count\">0<\/span>\n                                                                        <span class=\"twp-react-percent\"><span>0<\/span> %<\/span>\n                                            <\/div>\n                <\/div>\n\n                <div class=\"twp-reacts-wrap\">\n                    <a react-data=\"be-react-6\" post-id=\"4555\" class=\"be-face-icons un-reacted\" href=\"javascript:void(0)\">\n                        <img decoding=\"async\" src=\"https:\/\/radar190.com.br\/wp-content\/plugins\/booster-extension\/\/assets\/icon\/sleepy.svg\" alt=\"Sleepy\">\n                    <\/a>\n                    <div class=\"twp-reaction-title\">\n                        Sleepy                    <\/div>\n                    <div class=\"twp-count-percent\">\n                                                    <span style=\"display: none;\" class=\"twp-react-count\">0<\/span>\n                        \n                                                <span class=\"twp-react-percent\"><span>0<\/span> %<\/span>\n                                            <\/div>\n                <\/div>\n\n                <div class=\"twp-reacts-wrap\">\n                    <a react-data=\"be-react-4\" post-id=\"4555\" class=\"be-face-icons un-reacted\" href=\"javascript:void(0)\">\n                        <img decoding=\"async\" src=\"https:\/\/radar190.com.br\/wp-content\/plugins\/booster-extension\/\/assets\/icon\/angry.svg\" alt=\"Angry\">\n                    <\/a>\n                    <div class=\"twp-reaction-title\">Angry<\/div>\n                    <div class=\"twp-count-percent\">\n                                                    <span style=\"display: none;\" class=\"twp-react-count\">0<\/span>\n                                                                        <span class=\"twp-react-percent\"><span>0<\/span> %<\/span>\n                        \n                    <\/div>\n                <\/div>\n\n                <div class=\"twp-reacts-wrap\">\n                    <a react-data=\"be-react-5\" post-id=\"4555\" class=\"be-face-icons un-reacted\" href=\"javascript:void(0)\">\n                        <img decoding=\"async\" src=\"https:\/\/radar190.com.br\/wp-content\/plugins\/booster-extension\/\/assets\/icon\/surprise.svg\" alt=\"Surprise\">\n                    <\/a>\n                    <div class=\"twp-reaction-title\">Surprise<\/div>\n                    <div class=\"twp-count-percent\">\n                                                    <span style=\"display: none;\" class=\"twp-react-count\">0<\/span>\n                                                                        <span class=\"twp-react-percent\"><span>0<\/span> %<\/span>\n                                            <\/div>\n                <\/div>\n\n            <\/div>\n        <\/div>\n\n    ","protected":false},"excerpt":{"rendered":"<p>O crime ocorreu durante uma festa realizada em uma casa alugada na regi\u00e3o. Segundo o delegado, a festa foi organizada por um jovem que pode ter liga\u00e7\u00e3o com fac\u00e7\u00f5es.A Pol\u00edcia Civil investiga se uma briga entre fac\u00e7\u00f5es criminosas foi o motivo de uma chacina que resultou na morte de quatro [&hellip;]<\/p>\n","protected":false},"author":1,"featured_media":4557,"comment_status":"open","ping_status":"open","sticky":false,"template":"","format":"standard","meta":{"_mi_skip_tracking":false,"_ti_tpc_template_sync":false,"_ti_tpc_template_id":"","_joinchat":[],"footnotes":""},"categories":[5,14,13,1,9,18,12,8],"tags":[],"class_list":["post-4555","post","type-post","status-publish","format-standard","has-post-thumbnail","hentry","category-brasil","category-cidades","category-cultural","category-uncategorized","category-esporte","category-mundo-brasil","category-paraiba","category-policial"],"_links":{"self":[{"href":"https:\/\/radar190.com.br\/index.php\/wp-json\/wp\/v2\/posts\/4555","targetHints":{"allow":["GET"]}}],"collection":[{"href":"https:\/\/radar190.com.br\/index.php\/wp-json\/wp\/v2\/posts"}],"about":[{"href":"https:\/\/radar190.com.br\/index.php\/wp-json\/wp\/v2\/types\/post"}],"author":[{"embeddable":true,"href":"https:\/\/radar190.com.br\/index.php\/wp-json\/wp\/v2\/users\/1"}],"replies":[{"embeddable":true,"href":"https:\/\/radar190.com.br\/index.php\/wp-json\/wp\/v2\/comments?post=4555"}],"version-history":[{"count":1,"href":"https:\/\/radar190.com.br\/index.php\/wp-json\/wp\/v2\/posts\/4555\/revisions"}],"predecessor-version":[{"id":4556,"href":"https:\/\/radar190.com.br\/index.php\/wp-json\/wp\/v2\/posts\/4555\/revisions\/4556"}],"wp:featuredmedia":[{"embeddable":true,"href":"https:\/\/radar190.com.br\/index.php\/wp-json\/wp\/v2\/media\/4557"}],"wp:attachment":[{"href":"https:\/\/radar190.com.br\/index.php\/wp-json\/wp\/v2\/media?parent=4555"}],"wp:term":[{"taxonomy":"category","embeddable":true,"href":"https:\/\/radar190.com.br\/index.php\/wp-json\/wp\/v2\/categories?post=4555"},{"taxonomy":"post_tag","embeddable":true,"href":"https:\/\/radar190.com.br\/index.php\/wp-json\/wp\/v2\/tags?post=4555"}],"curies":[{"name":"wp","href":"https:\/\/api.w.org\/{rel}","templated":true}]}}