{"id":4545,"date":"2025-07-03T18:18:06","date_gmt":"2025-07-03T21:18:06","guid":{"rendered":"https:\/\/radar190.com.br\/?p=4545"},"modified":"2025-07-03T18:19:27","modified_gmt":"2025-07-03T21:19:27","slug":"marcos-eron-ja-e-um-dos-favoritos-a-conquistar-uma-cadeira-no-poder-legislativa-da-paraiba-e-surpreende-o-sertao-com-forte-articulacao-politica","status":"publish","type":"post","link":"https:\/\/radar190.com.br\/index.php\/2025\/07\/03\/marcos-eron-ja-e-um-dos-favoritos-a-conquistar-uma-cadeira-no-poder-legislativa-da-paraiba-e-surpreende-o-sertao-com-forte-articulacao-politica\/","title":{"rendered":"Marcos Eron j\u00e1 \u00e9 um dos favoritos a conquistar uma cadeira no Poder Legislativa da Para\u00edba e surpreende o Sert\u00e3o com forte articula\u00e7\u00e3o pol\u00edtica"},"content":{"rendered":"<div class='booster-block booster-read-block'>\n                <div class=\"twp-read-time\">\n                \t<i class=\"booster-icon twp-clock\"><\/i> <span>Read Time:<\/span>1 Minute, 52 Second                <\/div>\n\n            <\/div>\n<figure class=\"wp-block-image size-full\"><img loading=\"lazy\" decoding=\"async\" width=\"371\" height=\"464\" src=\"https:\/\/radar190.com.br\/wp-content\/uploads\/2025\/07\/image.png\" alt=\"\" class=\"wp-image-4546\" srcset=\"https:\/\/radar190.com.br\/wp-content\/uploads\/2025\/07\/image.png 371w, https:\/\/radar190.com.br\/wp-content\/uploads\/2025\/07\/image-240x300.png 240w\" sizes=\"auto, (max-width: 371px) 100vw, 371px\" \/><\/figure>\n\n\n\n<p>Marcos Eron ultrapassou os limites de Monte Horebe. Ele tem se destacado como uma lideran\u00e7a regional, com atua\u00e7\u00e3o ampla e estrat\u00e9gica.<\/p>\n\n\n\n<p>O ex-prefeito de Monte Horebe,&nbsp;<strong>Marcos Eron<\/strong>, tem se consolidado como uma das principais apostas da pol\u00edtica sertaneja rumo \u00e0 Assembleia Legislativa da Para\u00edba. Brilhante gestor da chamada Cidade Educadora da Para\u00edba, ele \u00e9 reconhecido por uma trajet\u00f3ria marcada pela efici\u00eancia administrativa, respeito ao povo e articula\u00e7\u00e3o pol\u00edtica de alto n\u00edvel.<\/p>\n\n\n\n<p>Durante sua gest\u00e3o em Monte Horebe,&nbsp;<strong>Marcos<\/strong>&nbsp;protagonizou uma transforma\u00e7\u00e3o not\u00e1vel no munic\u00edpio, com avan\u00e7os expressivos em \u00e1reas como educa\u00e7\u00e3o, sa\u00fade, infraestrutura e assist\u00eancia social. Seu modelo de governo foi pautado na seriedade, na responsabilidade com os recursos p\u00fablicos e numa escuta ativa das demandas populares, tornando-se refer\u00eancia entre os pequenos munic\u00edpios paraibanos.<\/p>\n\n\n\n<p><strong>Marcos Eron<\/strong>&nbsp;ultrapassou os limites de Monte Horebe. Ele tem se destacado como uma lideran\u00e7a regional, com atua\u00e7\u00e3o ampla e estrat\u00e9gica. Com tr\u00e2nsito livre em Bras\u00edlia e uma parceria s\u00f3lida com o senador&nbsp;<strong>Veneziano Vital do R\u00eago<\/strong>, seu aliado e amigo pessoal, Marcos tem conseguido abrir portas nos minist\u00e9rios e viabilizar recursos n\u00e3o apenas para sua cidade natal, mas tamb\u00e9m para diversos munic\u00edpios do Sert\u00e3o.<\/p>\n\n\n\n<p>Sua pr\u00e9-candidatura a deputado estadual j\u00e1 conta com expressivos apoios pol\u00edticos em regi\u00f5es fundamentais do estado, como as cidades polarizadas por Sousa, Cajazeiras e todo o Vale do Pianc\u00f3 e Vale do Rio do Peixe. Vereadores, ex-prefeitos e lideran\u00e7as populares v\u00eam aderindo ao seu projeto pol\u00edtico, reconhecendo em&nbsp;<strong>Marcos<\/strong>&nbsp;um nome equilibrado, confi\u00e1vel e preparado para representar os interesses do interior na Assembleia Legislativa.<\/p>\n\n\n\n<p>Al\u00e9m disso,&nbsp;<strong>Marcos Eron<\/strong>&nbsp;tamb\u00e9m demonstra forte articula\u00e7\u00e3o na capital Jo\u00e3o Pessoa, onde tem mantido di\u00e1logos constantes com lideran\u00e7as pol\u00edticas, t\u00e9cnicos e representantes institucionais, ampliando seu raio de influ\u00eancia e consolidando sua imagem como um pol\u00edtico plural, capaz de unir o Sert\u00e3o e a capital em torno de pautas comuns.<\/p>\n\n\n\n<p>Com uma desenvoltura pol\u00edtica admir\u00e1vel, postura \u00e9tica e discurso coeso,&nbsp;<strong>Marcos Eron<\/strong>&nbsp;j\u00e1 figura entre os favoritos na disputa por uma cadeira no Legislativo paraibano. Sua caminhada segue ganhando for\u00e7a, apoiada por uma rede de aliados que cresce a cada dia, numa demonstra\u00e7\u00e3o clara de que seu nome \u00e9 mais que vi\u00e1vel, \u00e9 necess\u00e1rio.<\/p>\n        <div class=\"booster-block booster-reactions-block\">\n            <div class=\"twp-reactions-icons\">\n                \n                <div class=\"twp-reacts-wrap\">\n                    <a react-data=\"be-react-1\" post-id=\"4545\" class=\"be-face-icons un-reacted\" href=\"javascript:void(0)\">\n                        <img decoding=\"async\" src=\"https:\/\/radar190.com.br\/wp-content\/plugins\/booster-extension\/\/assets\/icon\/happy.svg\" alt=\"Happy\">\n                    <\/a>\n                    <div class=\"twp-reaction-title\">\n                        Happy                    <\/div>\n                    <div class=\"twp-count-percent\">\n                                                    <span style=\"display: none;\" class=\"twp-react-count\">0<\/span>\n                        \n                                                <span class=\"twp-react-percent\"><span>0<\/span> %<\/span>\n                                            <\/div>\n                <\/div>\n\n                <div class=\"twp-reacts-wrap\">\n                    <a react-data=\"be-react-2\" post-id=\"4545\" class=\"be-face-icons un-reacted\" href=\"javascript:void(0)\">\n                        <img decoding=\"async\" src=\"https:\/\/radar190.com.br\/wp-content\/plugins\/booster-extension\/\/assets\/icon\/sad.svg\" alt=\"Sad\">\n                    <\/a>\n                    <div class=\"twp-reaction-title\">\n                        Sad                    <\/div>\n                    <div class=\"twp-count-percent\">\n                                                    <span style=\"display: none;\" class=\"twp-react-count\">0<\/span>\n                                                                        <span class=\"twp-react-percent\"><span>0<\/span> %<\/span>\n                                            <\/div>\n                <\/div>\n\n                <div class=\"twp-reacts-wrap\">\n                    <a react-data=\"be-react-3\" post-id=\"4545\" class=\"be-face-icons un-reacted\" href=\"javascript:void(0)\">\n                        <img decoding=\"async\" src=\"https:\/\/radar190.com.br\/wp-content\/plugins\/booster-extension\/\/assets\/icon\/excited.svg\" alt=\"Excited\">\n                    <\/a>\n                    <div class=\"twp-reaction-title\">\n                        Excited                    <\/div>\n                    <div class=\"twp-count-percent\">\n                                                    <span style=\"display: none;\" class=\"twp-react-count\">0<\/span>\n                                                                        <span class=\"twp-react-percent\"><span>0<\/span> %<\/span>\n                                            <\/div>\n                <\/div>\n\n                <div class=\"twp-reacts-wrap\">\n                    <a react-data=\"be-react-6\" post-id=\"4545\" class=\"be-face-icons un-reacted\" href=\"javascript:void(0)\">\n                        <img decoding=\"async\" src=\"https:\/\/radar190.com.br\/wp-content\/plugins\/booster-extension\/\/assets\/icon\/sleepy.svg\" alt=\"Sleepy\">\n                    <\/a>\n                    <div class=\"twp-reaction-title\">\n                        Sleepy                    <\/div>\n                    <div class=\"twp-count-percent\">\n                                                    <span style=\"display: none;\" class=\"twp-react-count\">0<\/span>\n                        \n                                                <span class=\"twp-react-percent\"><span>0<\/span> %<\/span>\n                                            <\/div>\n                <\/div>\n\n                <div class=\"twp-reacts-wrap\">\n                    <a react-data=\"be-react-4\" post-id=\"4545\" class=\"be-face-icons un-reacted\" href=\"javascript:void(0)\">\n                        <img decoding=\"async\" src=\"https:\/\/radar190.com.br\/wp-content\/plugins\/booster-extension\/\/assets\/icon\/angry.svg\" alt=\"Angry\">\n                    <\/a>\n                    <div class=\"twp-reaction-title\">Angry<\/div>\n                    <div class=\"twp-count-percent\">\n                                                    <span style=\"display: none;\" class=\"twp-react-count\">0<\/span>\n                                                                        <span class=\"twp-react-percent\"><span>0<\/span> %<\/span>\n                        \n                    <\/div>\n                <\/div>\n\n                <div class=\"twp-reacts-wrap\">\n                    <a react-data=\"be-react-5\" post-id=\"4545\" class=\"be-face-icons un-reacted\" href=\"javascript:void(0)\">\n                        <img decoding=\"async\" src=\"https:\/\/radar190.com.br\/wp-content\/plugins\/booster-extension\/\/assets\/icon\/surprise.svg\" alt=\"Surprise\">\n                    <\/a>\n                    <div class=\"twp-reaction-title\">Surprise<\/div>\n                    <div class=\"twp-count-percent\">\n                                                    <span style=\"display: none;\" class=\"twp-react-count\">0<\/span>\n                                                                        <span class=\"twp-react-percent\"><span>0<\/span> %<\/span>\n                                            <\/div>\n                <\/div>\n\n            <\/div>\n        <\/div>\n\n    ","protected":false},"excerpt":{"rendered":"<p>Marcos Eron ultrapassou os limites de Monte Horebe. Ele tem se destacado como uma lideran\u00e7a regional, com atua\u00e7\u00e3o ampla e estrat\u00e9gica. O ex-prefeito de Monte Horebe,&nbsp;Marcos Eron, tem se consolidado como uma das principais apostas da pol\u00edtica sertaneja rumo \u00e0 Assembleia Legislativa da Para\u00edba. Brilhante gestor da chamada Cidade Educadora [&hellip;]<\/p>\n","protected":false},"author":1,"featured_media":4546,"comment_status":"open","ping_status":"open","sticky":false,"template":"","format":"standard","meta":{"_mi_skip_tracking":false,"_ti_tpc_template_sync":false,"_ti_tpc_template_id":"","_joinchat":[],"footnotes":""},"categories":[5,14,13,1,9,18,12,8],"tags":[],"class_list":["post-4545","post","type-post","status-publish","format-standard","has-post-thumbnail","hentry","category-brasil","category-cidades","category-cultural","category-uncategorized","category-esporte","category-mundo-brasil","category-paraiba","category-policial"],"_links":{"self":[{"href":"https:\/\/radar190.com.br\/index.php\/wp-json\/wp\/v2\/posts\/4545","targetHints":{"allow":["GET"]}}],"collection":[{"href":"https:\/\/radar190.com.br\/index.php\/wp-json\/wp\/v2\/posts"}],"about":[{"href":"https:\/\/radar190.com.br\/index.php\/wp-json\/wp\/v2\/types\/post"}],"author":[{"embeddable":true,"href":"https:\/\/radar190.com.br\/index.php\/wp-json\/wp\/v2\/users\/1"}],"replies":[{"embeddable":true,"href":"https:\/\/radar190.com.br\/index.php\/wp-json\/wp\/v2\/comments?post=4545"}],"version-history":[{"count":1,"href":"https:\/\/radar190.com.br\/index.php\/wp-json\/wp\/v2\/posts\/4545\/revisions"}],"predecessor-version":[{"id":4547,"href":"https:\/\/radar190.com.br\/index.php\/wp-json\/wp\/v2\/posts\/4545\/revisions\/4547"}],"wp:featuredmedia":[{"embeddable":true,"href":"https:\/\/radar190.com.br\/index.php\/wp-json\/wp\/v2\/media\/4546"}],"wp:attachment":[{"href":"https:\/\/radar190.com.br\/index.php\/wp-json\/wp\/v2\/media?parent=4545"}],"wp:term":[{"taxonomy":"category","embeddable":true,"href":"https:\/\/radar190.com.br\/index.php\/wp-json\/wp\/v2\/categories?post=4545"},{"taxonomy":"post_tag","embeddable":true,"href":"https:\/\/radar190.com.br\/index.php\/wp-json\/wp\/v2\/tags?post=4545"}],"curies":[{"name":"wp","href":"https:\/\/api.w.org\/{rel}","templated":true}]}}