{"id":4518,"date":"2025-06-09T09:15:58","date_gmt":"2025-06-09T12:15:58","guid":{"rendered":"https:\/\/radar190.com.br\/?p=4518"},"modified":"2025-06-09T09:16:24","modified_gmt":"2025-06-09T12:16:24","slug":"municipio-de-monte-horebe-faz-adesao-ao-selo-unicef-edicao-2025-2028-e-reforca-o-compromisso-com-os-direitos-de-criancas-e-adolescentes","status":"publish","type":"post","link":"https:\/\/radar190.com.br\/index.php\/2025\/06\/09\/municipio-de-monte-horebe-faz-adesao-ao-selo-unicef-edicao-2025-2028-e-reforca-o-compromisso-com-os-direitos-de-criancas-e-adolescentes\/","title":{"rendered":"Munic\u00edpio de Monte Horebe faz ades\u00e3o ao Selo UNICEF \u2013 Edi\u00e7\u00e3o 2025-2028 e refor\u00e7a o compromisso com os direitos de crian\u00e7as e adolescentes"},"content":{"rendered":"<div class='booster-block booster-read-block'>\n                <div class=\"twp-read-time\">\n                \t<i class=\"booster-icon twp-clock\"><\/i> <span>Read Time:<\/span>1 Minute, 12 Second                <\/div>\n\n            <\/div>\n<figure class=\"wp-block-image size-large is-resized\"><img loading=\"lazy\" decoding=\"async\" width=\"1024\" height=\"682\" src=\"https:\/\/radar190.com.br\/wp-content\/uploads\/2025\/06\/d3b87290-3858-42d1-9293-3f37b40dd831-1024x682.jpeg\" alt=\"\" class=\"wp-image-4519\" style=\"width:438px;height:auto\" srcset=\"https:\/\/radar190.com.br\/wp-content\/uploads\/2025\/06\/d3b87290-3858-42d1-9293-3f37b40dd831-1024x682.jpeg 1024w, https:\/\/radar190.com.br\/wp-content\/uploads\/2025\/06\/d3b87290-3858-42d1-9293-3f37b40dd831-300x200.jpeg 300w, https:\/\/radar190.com.br\/wp-content\/uploads\/2025\/06\/d3b87290-3858-42d1-9293-3f37b40dd831-768x512.jpeg 768w, https:\/\/radar190.com.br\/wp-content\/uploads\/2025\/06\/d3b87290-3858-42d1-9293-3f37b40dd831.jpeg 1280w\" sizes=\"auto, (max-width: 1024px) 100vw, 1024px\" \/><\/figure>\n\n\n\n<p>O munic\u00edpio de Monte Horebe, no sert\u00e3o da Para\u00edba, deu um importante passo na promo\u00e7\u00e3o da cidadania ao formalizar sua ades\u00e3o ao Selo UNICEF \u2013 Edi\u00e7\u00e3o 2025-2028. A iniciativa representa o comprometimento da gest\u00e3o municipal com a promo\u00e7\u00e3o, prote\u00e7\u00e3o e garantia dos direitos das crian\u00e7as e adolescentes horebenses.<\/p>\n\n\n\n<p>Com o t\u00edtulo de Cidade Educadora, Monte Horebe reafirma seu compromisso com as &nbsp;pol\u00edticas p\u00fablicas voltadas \u00e0 inf\u00e2ncia e a adolesc\u00eancia, investindo em educa\u00e7\u00e3o de qualidade, sa\u00fade, prote\u00e7\u00e3o social e participa\u00e7\u00e3o cidad\u00e3.<\/p>\n\n\n\n<p>A ades\u00e3o ao Selo UNICEF mobiliza secretarias municipais, conselhos de direitos, escolas, unidades de sa\u00fade, lideran\u00e7as comunit\u00e1rias e adolescentes em torno de um plano de a\u00e7\u00e3o integrado, com foco na redu\u00e7\u00e3o das desigualdades e na melhoria dos indicadores sociais.<\/p>\n\n\n\n<p>A participa\u00e7\u00e3o de Monte Horebe nesta edi\u00e7\u00e3o do Selo UNICEF demonstra nossa responsabilidade com as novas gera\u00e7\u00f5es. Trabalhamos para garantir que nossas crian\u00e7as e adolescentes tenham acesso a direitos fundamentais e oportunidades para desenvolverem todo seu potencial&#8221;, destacou a &nbsp;Prefeita Milena Nogueira.<\/p>\n\n\n\n<p>O Selo UNICEF \u00e9 uma iniciativa do Fundo das Na\u00e7\u00f5es Unidas para a Inf\u00e2ncia &#8211; UNICEF, em parceria com os munic\u00edpios do Semi\u00e1rido e da Amaz\u00f4nia Legal brasileira, que busca incentivar e reconhecer avan\u00e7os reais na vida de crian\u00e7as e adolescentes.<\/p>\n\n\n\n<p>Com essa ades\u00e3o, Monte Horebe refor\u00e7a sua trajet\u00f3ria como refer\u00eancia em gest\u00e3o comprometida com o futuro, colocando as inf\u00e2ncias no centro das pol\u00edticas p\u00fablicas.<br>A Primeira Inf\u00e2ncia \u00e9 prioridade absoluta em&nbsp;<br>Monte Horebe, Cidade Educadora .<\/p>\n        <div class=\"booster-block booster-reactions-block\">\n            <div class=\"twp-reactions-icons\">\n                \n                <div class=\"twp-reacts-wrap\">\n                    <a react-data=\"be-react-1\" post-id=\"4518\" class=\"be-face-icons un-reacted\" href=\"javascript:void(0)\">\n                        <img decoding=\"async\" src=\"https:\/\/radar190.com.br\/wp-content\/plugins\/booster-extension\/\/assets\/icon\/happy.svg\" alt=\"Happy\">\n                    <\/a>\n                    <div class=\"twp-reaction-title\">\n                        Happy                    <\/div>\n                    <div class=\"twp-count-percent\">\n                                                    <span style=\"display: none;\" class=\"twp-react-count\">0<\/span>\n                        \n                                                <span class=\"twp-react-percent\"><span>0<\/span> %<\/span>\n                                            <\/div>\n                <\/div>\n\n                <div class=\"twp-reacts-wrap\">\n                    <a react-data=\"be-react-2\" post-id=\"4518\" class=\"be-face-icons un-reacted\" href=\"javascript:void(0)\">\n                        <img decoding=\"async\" src=\"https:\/\/radar190.com.br\/wp-content\/plugins\/booster-extension\/\/assets\/icon\/sad.svg\" alt=\"Sad\">\n                    <\/a>\n                    <div class=\"twp-reaction-title\">\n                        Sad                    <\/div>\n                    <div class=\"twp-count-percent\">\n                                                    <span style=\"display: none;\" class=\"twp-react-count\">0<\/span>\n                                                                        <span class=\"twp-react-percent\"><span>0<\/span> %<\/span>\n                                            <\/div>\n                <\/div>\n\n                <div class=\"twp-reacts-wrap\">\n                    <a react-data=\"be-react-3\" post-id=\"4518\" class=\"be-face-icons un-reacted\" href=\"javascript:void(0)\">\n                        <img decoding=\"async\" src=\"https:\/\/radar190.com.br\/wp-content\/plugins\/booster-extension\/\/assets\/icon\/excited.svg\" alt=\"Excited\">\n                    <\/a>\n                    <div class=\"twp-reaction-title\">\n                        Excited                    <\/div>\n                    <div class=\"twp-count-percent\">\n                                                    <span style=\"display: none;\" class=\"twp-react-count\">0<\/span>\n                                                                        <span class=\"twp-react-percent\"><span>0<\/span> %<\/span>\n                                            <\/div>\n                <\/div>\n\n                <div class=\"twp-reacts-wrap\">\n                    <a react-data=\"be-react-6\" post-id=\"4518\" class=\"be-face-icons un-reacted\" href=\"javascript:void(0)\">\n                        <img decoding=\"async\" src=\"https:\/\/radar190.com.br\/wp-content\/plugins\/booster-extension\/\/assets\/icon\/sleepy.svg\" alt=\"Sleepy\">\n                    <\/a>\n                    <div class=\"twp-reaction-title\">\n                        Sleepy                    <\/div>\n                    <div class=\"twp-count-percent\">\n                                                    <span style=\"display: none;\" class=\"twp-react-count\">0<\/span>\n                        \n                                                <span class=\"twp-react-percent\"><span>0<\/span> %<\/span>\n                                            <\/div>\n                <\/div>\n\n                <div class=\"twp-reacts-wrap\">\n                    <a react-data=\"be-react-4\" post-id=\"4518\" class=\"be-face-icons un-reacted\" href=\"javascript:void(0)\">\n                        <img decoding=\"async\" src=\"https:\/\/radar190.com.br\/wp-content\/plugins\/booster-extension\/\/assets\/icon\/angry.svg\" alt=\"Angry\">\n                    <\/a>\n                    <div class=\"twp-reaction-title\">Angry<\/div>\n                    <div class=\"twp-count-percent\">\n                                                    <span style=\"display: none;\" class=\"twp-react-count\">0<\/span>\n                                                                        <span class=\"twp-react-percent\"><span>0<\/span> %<\/span>\n                        \n                    <\/div>\n                <\/div>\n\n                <div class=\"twp-reacts-wrap\">\n                    <a react-data=\"be-react-5\" post-id=\"4518\" class=\"be-face-icons un-reacted\" href=\"javascript:void(0)\">\n                        <img decoding=\"async\" src=\"https:\/\/radar190.com.br\/wp-content\/plugins\/booster-extension\/\/assets\/icon\/surprise.svg\" alt=\"Surprise\">\n                    <\/a>\n                    <div class=\"twp-reaction-title\">Surprise<\/div>\n                    <div class=\"twp-count-percent\">\n                                                    <span style=\"display: none;\" class=\"twp-react-count\">0<\/span>\n                                                                        <span class=\"twp-react-percent\"><span>0<\/span> %<\/span>\n                                            <\/div>\n                <\/div>\n\n            <\/div>\n        <\/div>\n\n    ","protected":false},"excerpt":{"rendered":"<p>O munic\u00edpio de Monte Horebe, no sert\u00e3o da Para\u00edba, deu um importante passo na promo\u00e7\u00e3o da cidadania ao formalizar sua ades\u00e3o ao Selo UNICEF \u2013 Edi\u00e7\u00e3o 2025-2028. A iniciativa representa o comprometimento da gest\u00e3o municipal com a promo\u00e7\u00e3o, prote\u00e7\u00e3o e garantia dos direitos das crian\u00e7as e adolescentes horebenses. Com o [&hellip;]<\/p>\n","protected":false},"author":1,"featured_media":4519,"comment_status":"open","ping_status":"open","sticky":false,"template":"","format":"standard","meta":{"_mi_skip_tracking":false,"_ti_tpc_template_sync":false,"_ti_tpc_template_id":"","_joinchat":[],"footnotes":""},"categories":[5,14,13,1,9,18,12,8],"tags":[],"class_list":["post-4518","post","type-post","status-publish","format-standard","has-post-thumbnail","hentry","category-brasil","category-cidades","category-cultural","category-uncategorized","category-esporte","category-mundo-brasil","category-paraiba","category-policial"],"_links":{"self":[{"href":"https:\/\/radar190.com.br\/index.php\/wp-json\/wp\/v2\/posts\/4518","targetHints":{"allow":["GET"]}}],"collection":[{"href":"https:\/\/radar190.com.br\/index.php\/wp-json\/wp\/v2\/posts"}],"about":[{"href":"https:\/\/radar190.com.br\/index.php\/wp-json\/wp\/v2\/types\/post"}],"author":[{"embeddable":true,"href":"https:\/\/radar190.com.br\/index.php\/wp-json\/wp\/v2\/users\/1"}],"replies":[{"embeddable":true,"href":"https:\/\/radar190.com.br\/index.php\/wp-json\/wp\/v2\/comments?post=4518"}],"version-history":[{"count":1,"href":"https:\/\/radar190.com.br\/index.php\/wp-json\/wp\/v2\/posts\/4518\/revisions"}],"predecessor-version":[{"id":4520,"href":"https:\/\/radar190.com.br\/index.php\/wp-json\/wp\/v2\/posts\/4518\/revisions\/4520"}],"wp:featuredmedia":[{"embeddable":true,"href":"https:\/\/radar190.com.br\/index.php\/wp-json\/wp\/v2\/media\/4519"}],"wp:attachment":[{"href":"https:\/\/radar190.com.br\/index.php\/wp-json\/wp\/v2\/media?parent=4518"}],"wp:term":[{"taxonomy":"category","embeddable":true,"href":"https:\/\/radar190.com.br\/index.php\/wp-json\/wp\/v2\/categories?post=4518"},{"taxonomy":"post_tag","embeddable":true,"href":"https:\/\/radar190.com.br\/index.php\/wp-json\/wp\/v2\/tags?post=4518"}],"curies":[{"name":"wp","href":"https:\/\/api.w.org\/{rel}","templated":true}]}}