{"id":4491,"date":"2025-06-02T17:21:29","date_gmt":"2025-06-02T20:21:29","guid":{"rendered":"https:\/\/radar190.com.br\/?p=4491"},"modified":"2025-06-02T17:33:54","modified_gmt":"2025-06-02T20:33:54","slug":"palhacada-climao-marca-sessao-na-camara-de-bonito-de-santa-fe-entre-vereadores-van-do-viana-e-pedro-paulo-veja-video","status":"publish","type":"post","link":"https:\/\/radar190.com.br\/index.php\/2025\/06\/02\/palhacada-climao-marca-sessao-na-camara-de-bonito-de-santa-fe-entre-vereadores-van-do-viana-e-pedro-paulo-veja-video\/","title":{"rendered":"BATE BOCAS- Clim\u00e3o marca sess\u00e3o na C\u00e2mara de Bonito de Santa F\u00e9 entre vereadores Van do Viana e Pedro Paulo; VEJA V\u00cdDEO"},"content":{"rendered":"<div class='booster-block booster-read-block'>\n                <div class=\"twp-read-time\">\n                \t<i class=\"booster-icon twp-clock\"><\/i> <span>Read Time:<\/span>1 Minute, 48 Second                <\/div>\n\n            <\/div>\n<figure class=\"wp-block-image is-resized\"><img decoding=\"async\" src=\"https:\/\/fabiokamoto.com.br\/wp-content\/uploads\/2025\/05\/bonitoclimao-780x470.jpg\" alt=\"bonitoclimao 780x470 - Clim\u00e3o marca sess\u00e3o na C\u00e2mara de Bonito de Santa F\u00e9 entre vereadores Van do Viana e Pedro Paulo; VEJA V\u00cdDEO\" style=\"width:430px;height:auto\"\/><\/figure>\n\n\n\n<p>O atrito come\u00e7ou durante o discurso de Van, que aproveitou seu tempo na tribuna para fazer um balan\u00e7o dos cinco meses de atua\u00e7\u00e3o parlamentar, encerrando o primeiro semestre legislativo de 2025. Em tom firme, o vereador soltou uma indireta que agitou os bastidores da pol\u00edtica local.<\/p>\n\n\n\n<p>A sess\u00e3o legislativa da C\u00e2mara Municipal de Bonito de Santa F\u00e9, realizada na noite desta sexta-feira (30), foi marcada por um clima tenso entre os vereadores Van do Viana e Pedro Paulo. O atrito come\u00e7ou durante o discurso de Van, que aproveitou seu tempo na tribuna para fazer um balan\u00e7o dos cinco meses de atua\u00e7\u00e3o parlamentar, encerrando o primeiro semestre legislativo de 2025. Em tom firme, o vereador soltou uma indireta que agitou os bastidores da pol\u00edtica local.<\/p>\n\n\n\n<p>Sem citar nomes, Van afirmou estar encerrando o semestre \u201ccom sabedoria e com posicionamento fixo, direto, sem mudar o raio, sem mudar a fala, sem mudar o tom e sem aderir aos anseios da caneta que \u00e9 muito forte\u201d. A refer\u00eancia ao poder da \u201ccaneta\u201d foi interpretada como uma cr\u00edtica velada a colegas que, segundo ele, se curvam a interesses pol\u00edticos. Van ainda destacou que prefere estar presente ao lado da popula\u00e7\u00e3o em vez de se promover nas redes sociais.<\/p>\n\n\n\n<p>A fala n\u00e3o passou despercebida por Pedro Paulo, que rapidamente pediu a palavra e rebateu o discurso do colega. \u201cEu sei pra quem foi essa indireta\u201d, disse o vereador, relembrando que Van foi eleito pela coliga\u00e7\u00e3o de Mazinho Rocha, mas que posteriormente deixou a oposi\u00e7\u00e3o para integrar a base aliada da ent\u00e3o prefeita na \u00e9poca Auderi Caju. Em tom cr\u00edtico, Pedro acusou Van de mudar de lado conforme as conveni\u00eancias pol\u00edticas, em contraste com o discurso de firmeza que acabara de fazer.<\/p>\n\n\n\n<p>O clima esquentou, e o embate entre os dois parlamentares elevou a tens\u00e3o no plen\u00e1rio. Diante do acirramento dos \u00e2nimos, o presidente da C\u00e2mara precisou intervir, solicitando que os vereadores mantivessem o respeito e a ordem durante a sess\u00e3o. O epis\u00f3dio repercutiu fortemente entre os presentes e promete continuar sendo assunto nos bastidores pol\u00edticos de Bonito de Santa F\u00e9.<\/p>\n\n\n\n<figure class=\"wp-block-image size-full is-resized\"><img loading=\"lazy\" decoding=\"async\" width=\"780\" height=\"470\" src=\"https:\/\/radar190.com.br\/wp-content\/uploads\/2025\/06\/image.png\" alt=\"\" class=\"wp-image-4495\" style=\"width:365px;height:auto\" srcset=\"https:\/\/radar190.com.br\/wp-content\/uploads\/2025\/06\/image.png 780w, https:\/\/radar190.com.br\/wp-content\/uploads\/2025\/06\/image-300x181.png 300w, https:\/\/radar190.com.br\/wp-content\/uploads\/2025\/06\/image-768x463.png 768w\" sizes=\"auto, (max-width: 780px) 100vw, 780px\" \/><\/figure>\n\n\n\n<p><strong><em>Fonte: F\u00e1bioKamoto<\/em><\/strong><\/p>\n\n\n\n<p><strong><em>VEJA V\u00cdDEO ABAIXO DO MOMENTO<\/em><\/strong><\/p>\n\n\n\n<figure class=\"wp-block-embed is-type-video is-provider-youtube wp-block-embed-youtube wp-embed-aspect-16-9 wp-has-aspect-ratio\"><div class=\"wp-block-embed__wrapper\">\n<iframe loading=\"lazy\" title=\"Clim\u00e3o marca sess\u00e3o na C\u00e2mara de Bonito de Santa F\u00e9 entre vereadores Van do Viana e Pedro Paulo\" width=\"640\" height=\"360\" src=\"https:\/\/www.youtube.com\/embed\/LA2Q0v83OdM?feature=oembed\" frameborder=\"0\" allow=\"accelerometer; autoplay; clipboard-write; encrypted-media; gyroscope; picture-in-picture; web-share\" referrerpolicy=\"strict-origin-when-cross-origin\" allowfullscreen><\/iframe>\n<\/div><\/figure>\n        <div class=\"booster-block booster-reactions-block\">\n            <div class=\"twp-reactions-icons\">\n                \n                <div class=\"twp-reacts-wrap\">\n                    <a react-data=\"be-react-1\" post-id=\"4491\" class=\"be-face-icons un-reacted\" href=\"javascript:void(0)\">\n                        <img decoding=\"async\" src=\"https:\/\/radar190.com.br\/wp-content\/plugins\/booster-extension\/\/assets\/icon\/happy.svg\" alt=\"Happy\">\n                    <\/a>\n                    <div class=\"twp-reaction-title\">\n                        Happy                    <\/div>\n                    <div class=\"twp-count-percent\">\n                                                    <span style=\"display: none;\" class=\"twp-react-count\">0<\/span>\n                        \n                                                <span class=\"twp-react-percent\"><span>0<\/span> %<\/span>\n                                            <\/div>\n                <\/div>\n\n                <div class=\"twp-reacts-wrap\">\n                    <a react-data=\"be-react-2\" post-id=\"4491\" class=\"be-face-icons un-reacted\" href=\"javascript:void(0)\">\n                        <img decoding=\"async\" src=\"https:\/\/radar190.com.br\/wp-content\/plugins\/booster-extension\/\/assets\/icon\/sad.svg\" alt=\"Sad\">\n                    <\/a>\n                    <div class=\"twp-reaction-title\">\n                        Sad                    <\/div>\n                    <div class=\"twp-count-percent\">\n                                                    <span style=\"display: none;\" class=\"twp-react-count\">0<\/span>\n                                                                        <span class=\"twp-react-percent\"><span>0<\/span> %<\/span>\n                                            <\/div>\n                <\/div>\n\n                <div class=\"twp-reacts-wrap\">\n                    <a react-data=\"be-react-3\" post-id=\"4491\" class=\"be-face-icons un-reacted\" href=\"javascript:void(0)\">\n                        <img decoding=\"async\" src=\"https:\/\/radar190.com.br\/wp-content\/plugins\/booster-extension\/\/assets\/icon\/excited.svg\" alt=\"Excited\">\n                    <\/a>\n                    <div class=\"twp-reaction-title\">\n                        Excited                    <\/div>\n                    <div class=\"twp-count-percent\">\n                                                    <span style=\"display: none;\" class=\"twp-react-count\">0<\/span>\n                                                                        <span class=\"twp-react-percent\"><span>0<\/span> %<\/span>\n                                            <\/div>\n                <\/div>\n\n                <div class=\"twp-reacts-wrap\">\n                    <a react-data=\"be-react-6\" post-id=\"4491\" class=\"be-face-icons un-reacted\" href=\"javascript:void(0)\">\n                        <img decoding=\"async\" src=\"https:\/\/radar190.com.br\/wp-content\/plugins\/booster-extension\/\/assets\/icon\/sleepy.svg\" alt=\"Sleepy\">\n                    <\/a>\n                    <div class=\"twp-reaction-title\">\n                        Sleepy                    <\/div>\n                    <div class=\"twp-count-percent\">\n                                                    <span style=\"display: none;\" class=\"twp-react-count\">0<\/span>\n                        \n                                                <span class=\"twp-react-percent\"><span>0<\/span> %<\/span>\n                                            <\/div>\n                <\/div>\n\n                <div class=\"twp-reacts-wrap\">\n                    <a react-data=\"be-react-4\" post-id=\"4491\" class=\"be-face-icons un-reacted\" href=\"javascript:void(0)\">\n                        <img decoding=\"async\" src=\"https:\/\/radar190.com.br\/wp-content\/plugins\/booster-extension\/\/assets\/icon\/angry.svg\" alt=\"Angry\">\n                    <\/a>\n                    <div class=\"twp-reaction-title\">Angry<\/div>\n                    <div class=\"twp-count-percent\">\n                                                    <span style=\"display: none;\" class=\"twp-react-count\">0<\/span>\n                                                                        <span class=\"twp-react-percent\"><span>0<\/span> %<\/span>\n                        \n                    <\/div>\n                <\/div>\n\n                <div class=\"twp-reacts-wrap\">\n                    <a react-data=\"be-react-5\" post-id=\"4491\" class=\"be-face-icons un-reacted\" href=\"javascript:void(0)\">\n                        <img decoding=\"async\" src=\"https:\/\/radar190.com.br\/wp-content\/plugins\/booster-extension\/\/assets\/icon\/surprise.svg\" alt=\"Surprise\">\n                    <\/a>\n                    <div class=\"twp-reaction-title\">Surprise<\/div>\n                    <div class=\"twp-count-percent\">\n                                                    <span style=\"display: none;\" class=\"twp-react-count\">0<\/span>\n                                                                        <span class=\"twp-react-percent\"><span>0<\/span> %<\/span>\n                                            <\/div>\n                <\/div>\n\n            <\/div>\n        <\/div>\n\n    ","protected":false},"excerpt":{"rendered":"<p>O atrito come\u00e7ou durante o discurso de Van, que aproveitou seu tempo na tribuna para fazer um balan\u00e7o dos cinco meses de atua\u00e7\u00e3o parlamentar, encerrando o primeiro semestre legislativo de 2025. Em tom firme, o vereador soltou uma indireta que agitou os bastidores da pol\u00edtica local. A sess\u00e3o legislativa da [&hellip;]<\/p>\n","protected":false},"author":1,"featured_media":4495,"comment_status":"open","ping_status":"open","sticky":false,"template":"","format":"standard","meta":{"_mi_skip_tracking":false,"_ti_tpc_template_sync":false,"_ti_tpc_template_id":"","_joinchat":[],"footnotes":""},"categories":[5,14,13,1,9,18,12,8],"tags":[],"class_list":["post-4491","post","type-post","status-publish","format-standard","has-post-thumbnail","hentry","category-brasil","category-cidades","category-cultural","category-uncategorized","category-esporte","category-mundo-brasil","category-paraiba","category-policial"],"_links":{"self":[{"href":"https:\/\/radar190.com.br\/index.php\/wp-json\/wp\/v2\/posts\/4491","targetHints":{"allow":["GET"]}}],"collection":[{"href":"https:\/\/radar190.com.br\/index.php\/wp-json\/wp\/v2\/posts"}],"about":[{"href":"https:\/\/radar190.com.br\/index.php\/wp-json\/wp\/v2\/types\/post"}],"author":[{"embeddable":true,"href":"https:\/\/radar190.com.br\/index.php\/wp-json\/wp\/v2\/users\/1"}],"replies":[{"embeddable":true,"href":"https:\/\/radar190.com.br\/index.php\/wp-json\/wp\/v2\/comments?post=4491"}],"version-history":[{"count":4,"href":"https:\/\/radar190.com.br\/index.php\/wp-json\/wp\/v2\/posts\/4491\/revisions"}],"predecessor-version":[{"id":4508,"href":"https:\/\/radar190.com.br\/index.php\/wp-json\/wp\/v2\/posts\/4491\/revisions\/4508"}],"wp:featuredmedia":[{"embeddable":true,"href":"https:\/\/radar190.com.br\/index.php\/wp-json\/wp\/v2\/media\/4495"}],"wp:attachment":[{"href":"https:\/\/radar190.com.br\/index.php\/wp-json\/wp\/v2\/media?parent=4491"}],"wp:term":[{"taxonomy":"category","embeddable":true,"href":"https:\/\/radar190.com.br\/index.php\/wp-json\/wp\/v2\/categories?post=4491"},{"taxonomy":"post_tag","embeddable":true,"href":"https:\/\/radar190.com.br\/index.php\/wp-json\/wp\/v2\/tags?post=4491"}],"curies":[{"name":"wp","href":"https:\/\/api.w.org\/{rel}","templated":true}]}}