{"id":4477,"date":"2025-05-27T06:55:31","date_gmt":"2025-05-27T09:55:31","guid":{"rendered":"https:\/\/radar190.com.br\/?p=4477"},"modified":"2025-05-27T06:57:33","modified_gmt":"2025-05-27T09:57:33","slug":"trio-suspeito-de-envolvimento-em-furto-a-loterica-de-pombal-e-preso-pela-policia-civil-dois-tiveram-prisao-preventiva-decretada","status":"publish","type":"post","link":"https:\/\/radar190.com.br\/index.php\/2025\/05\/27\/trio-suspeito-de-envolvimento-em-furto-a-loterica-de-pombal-e-preso-pela-policia-civil-dois-tiveram-prisao-preventiva-decretada\/","title":{"rendered":"Trio suspeito de envolvimento em furto \u00e0 lot\u00e9rica de Pombal \u00e9 preso pela Pol\u00edcia Civil; dois tiveram pris\u00e3o preventiva decretada"},"content":{"rendered":"<div class='booster-block booster-read-block'>\n                <div class=\"twp-read-time\">\n                \t<i class=\"booster-icon twp-clock\"><\/i> <span>Read Time:<\/span>2 Minute, 0 Second                <\/div>\n\n            <\/div>\n<figure class=\"wp-block-image size-full is-resized\"><img loading=\"lazy\" decoding=\"async\" width=\"1000\" height=\"562\" src=\"https:\/\/radar190.com.br\/wp-content\/uploads\/2025\/05\/image-10.png\" alt=\"\" class=\"wp-image-4478\" style=\"width:468px;height:auto\" srcset=\"https:\/\/radar190.com.br\/wp-content\/uploads\/2025\/05\/image-10.png 1000w, https:\/\/radar190.com.br\/wp-content\/uploads\/2025\/05\/image-10-300x169.png 300w, https:\/\/radar190.com.br\/wp-content\/uploads\/2025\/05\/image-10-768x432.png 768w\" sizes=\"auto, (max-width: 1000px) 100vw, 1000px\" \/><\/figure>\n\n\n\n<p>Os homens, oriundos dos estados do Par\u00e1 e Goi\u00e1s, foram abordados na entrada de Pombal e presos em flagrante.<\/p>\n\n\n\n<p>Tr\u00eas homens foram presos na tarde do s\u00e1bado (24) por policiais civis de Pombal, no Sert\u00e3o da Para\u00edba. A a\u00e7\u00e3o foi fruto de uma opera\u00e7\u00e3o do setor de intelig\u00eancia da Pol\u00edcia Civil, que monitorava o grupo e identificou que os suspeitos estariam retornando \u00e0 cidade. Os homens, oriundos dos estados do Par\u00e1 e Goi\u00e1s, foram abordados na entrada de Pombal e presos em flagrante.Os detidos foram identificados como Carlos Frederico Guimar\u00e3es Filho, Rodrigo de Jesus Oliveira e Kayky Barros Carvalho. No carro onde estavam, a pol\u00edcia encontrou uma s\u00e9rie de ferramentas que, segundo a investiga\u00e7\u00e3o, podem ter sido usadas em crimes anteriores, como serra el\u00e9trica (tipo makita), martelos, chaves de fenda, luvas, entre outros objetos.Durante a audi\u00eancia de cust\u00f3dia realizada neste domingo (25), o juiz Osmar Caetano Xavier decretou a pris\u00e3o preventiva (sem prazo determinado) de Carlos Frederico e Rodrigo de Jesus, com base em fortes ind\u00edcios de envolvimento em atividades criminosas. J\u00e1 Kayky Barros teve a pris\u00e3o provis\u00f3ria de cinco dias decretada, por aus\u00eancia de provas de participa\u00e7\u00e3o direta no furto \u00e0 lot\u00e9rica da cidade.<\/p>\n\n\n\n<p><br>De acordo com a investiga\u00e7\u00e3o, Carlos Frederico e Rodrigo s\u00e3o suspeitos de participa\u00e7\u00e3o no furto \u00e0 casa lot\u00e9rica de Pombal, ocorrido na segunda-feira de carnaval (3 de mar\u00e7o). Na ocasi\u00e3o, os criminosos arrombaram a parede dos fundos do estabelecimento, desativaram o sistema de c\u00e2meras e levaram uma quantia significativa em dinheiro.Carlos Frederico possui uma extensa ficha criminal com passagens por diversos estados. Em 2012, ele foi preso por envolvimento em um assalto aos Correios em Brit\u00e2nia (GO), ocasi\u00e3o em que um policial militar foi baleado. Ele conseguiu fugir da pris\u00e3o poucos dias depois. Em 2014, foi novamente detido pela Pol\u00edcia Federal por planejar um assalto ao Banco do Brasil na cidade de Bom Jesus (PI), utilizando a fam\u00edlia de um gerente como ref\u00e9m. J\u00e1 em 2020, foi preso ap\u00f3s praticar um furto em um supermercado de Tucum\u00e3 (PA), que gerou um preju\u00edzo de R$ 203 mil.<\/p>\n\n\n\n<p>Rodrigo de Jesus tamb\u00e9m possui condena\u00e7\u00e3o anterior por furto. A pol\u00edcia acredita que a dupla tenha retornado \u00e0 cidade para praticar novos crimes.A Justi\u00e7a tamb\u00e9m autorizou a quebra do sigilo telef\u00f4nico dos investigados, o que deve auxiliar na coleta de mais provas para o avan\u00e7o das investiga\u00e7\u00f5es.<\/p>\n\n\n\n<p>&nbsp;Blog do Naldo Silva<\/p>\n        <div class=\"booster-block booster-reactions-block\">\n            <div class=\"twp-reactions-icons\">\n                \n                <div class=\"twp-reacts-wrap\">\n                    <a react-data=\"be-react-1\" post-id=\"4477\" class=\"be-face-icons un-reacted\" href=\"javascript:void(0)\">\n                        <img decoding=\"async\" src=\"https:\/\/radar190.com.br\/wp-content\/plugins\/booster-extension\/\/assets\/icon\/happy.svg\" alt=\"Happy\">\n                    <\/a>\n                    <div class=\"twp-reaction-title\">\n                        Happy                    <\/div>\n                    <div class=\"twp-count-percent\">\n                                                    <span style=\"display: none;\" class=\"twp-react-count\">0<\/span>\n                        \n                                                <span class=\"twp-react-percent\"><span>0<\/span> %<\/span>\n                                            <\/div>\n                <\/div>\n\n                <div class=\"twp-reacts-wrap\">\n                    <a react-data=\"be-react-2\" post-id=\"4477\" class=\"be-face-icons un-reacted\" href=\"javascript:void(0)\">\n                        <img decoding=\"async\" src=\"https:\/\/radar190.com.br\/wp-content\/plugins\/booster-extension\/\/assets\/icon\/sad.svg\" alt=\"Sad\">\n                    <\/a>\n                    <div class=\"twp-reaction-title\">\n                        Sad                    <\/div>\n                    <div class=\"twp-count-percent\">\n                                                    <span style=\"display: none;\" class=\"twp-react-count\">0<\/span>\n                                                                        <span class=\"twp-react-percent\"><span>0<\/span> %<\/span>\n                                            <\/div>\n                <\/div>\n\n                <div class=\"twp-reacts-wrap\">\n                    <a react-data=\"be-react-3\" post-id=\"4477\" class=\"be-face-icons un-reacted\" href=\"javascript:void(0)\">\n                        <img decoding=\"async\" src=\"https:\/\/radar190.com.br\/wp-content\/plugins\/booster-extension\/\/assets\/icon\/excited.svg\" alt=\"Excited\">\n                    <\/a>\n                    <div class=\"twp-reaction-title\">\n                        Excited                    <\/div>\n                    <div class=\"twp-count-percent\">\n                                                    <span style=\"display: none;\" class=\"twp-react-count\">0<\/span>\n                                                                        <span class=\"twp-react-percent\"><span>0<\/span> %<\/span>\n                                            <\/div>\n                <\/div>\n\n                <div class=\"twp-reacts-wrap\">\n                    <a react-data=\"be-react-6\" post-id=\"4477\" class=\"be-face-icons un-reacted\" href=\"javascript:void(0)\">\n                        <img decoding=\"async\" src=\"https:\/\/radar190.com.br\/wp-content\/plugins\/booster-extension\/\/assets\/icon\/sleepy.svg\" alt=\"Sleepy\">\n                    <\/a>\n                    <div class=\"twp-reaction-title\">\n                        Sleepy                    <\/div>\n                    <div class=\"twp-count-percent\">\n                                                    <span style=\"display: none;\" class=\"twp-react-count\">0<\/span>\n                        \n                                                <span class=\"twp-react-percent\"><span>0<\/span> %<\/span>\n                                            <\/div>\n                <\/div>\n\n                <div class=\"twp-reacts-wrap\">\n                    <a react-data=\"be-react-4\" post-id=\"4477\" class=\"be-face-icons un-reacted\" href=\"javascript:void(0)\">\n                        <img decoding=\"async\" src=\"https:\/\/radar190.com.br\/wp-content\/plugins\/booster-extension\/\/assets\/icon\/angry.svg\" alt=\"Angry\">\n                    <\/a>\n                    <div class=\"twp-reaction-title\">Angry<\/div>\n                    <div class=\"twp-count-percent\">\n                                                    <span style=\"display: none;\" class=\"twp-react-count\">0<\/span>\n                                                                        <span class=\"twp-react-percent\"><span>0<\/span> %<\/span>\n                        \n                    <\/div>\n                <\/div>\n\n                <div class=\"twp-reacts-wrap\">\n                    <a react-data=\"be-react-5\" post-id=\"4477\" class=\"be-face-icons un-reacted\" href=\"javascript:void(0)\">\n                        <img decoding=\"async\" src=\"https:\/\/radar190.com.br\/wp-content\/plugins\/booster-extension\/\/assets\/icon\/surprise.svg\" alt=\"Surprise\">\n                    <\/a>\n                    <div class=\"twp-reaction-title\">Surprise<\/div>\n                    <div class=\"twp-count-percent\">\n                                                    <span style=\"display: none;\" class=\"twp-react-count\">0<\/span>\n                                                                        <span class=\"twp-react-percent\"><span>0<\/span> %<\/span>\n                                            <\/div>\n                <\/div>\n\n            <\/div>\n        <\/div>\n\n    ","protected":false},"excerpt":{"rendered":"<p>Os homens, oriundos dos estados do Par\u00e1 e Goi\u00e1s, foram abordados na entrada de Pombal e presos em flagrante. Tr\u00eas homens foram presos na tarde do s\u00e1bado (24) por policiais civis de Pombal, no Sert\u00e3o da Para\u00edba. A a\u00e7\u00e3o foi fruto de uma opera\u00e7\u00e3o do setor de intelig\u00eancia da Pol\u00edcia [&hellip;]<\/p>\n","protected":false},"author":1,"featured_media":4478,"comment_status":"open","ping_status":"open","sticky":false,"template":"","format":"standard","meta":{"_mi_skip_tracking":false,"_ti_tpc_template_sync":false,"_ti_tpc_template_id":"","_joinchat":[],"footnotes":""},"categories":[5,14,13,1,9,18,12,8],"tags":[],"class_list":["post-4477","post","type-post","status-publish","format-standard","has-post-thumbnail","hentry","category-brasil","category-cidades","category-cultural","category-uncategorized","category-esporte","category-mundo-brasil","category-paraiba","category-policial"],"_links":{"self":[{"href":"https:\/\/radar190.com.br\/index.php\/wp-json\/wp\/v2\/posts\/4477","targetHints":{"allow":["GET"]}}],"collection":[{"href":"https:\/\/radar190.com.br\/index.php\/wp-json\/wp\/v2\/posts"}],"about":[{"href":"https:\/\/radar190.com.br\/index.php\/wp-json\/wp\/v2\/types\/post"}],"author":[{"embeddable":true,"href":"https:\/\/radar190.com.br\/index.php\/wp-json\/wp\/v2\/users\/1"}],"replies":[{"embeddable":true,"href":"https:\/\/radar190.com.br\/index.php\/wp-json\/wp\/v2\/comments?post=4477"}],"version-history":[{"count":1,"href":"https:\/\/radar190.com.br\/index.php\/wp-json\/wp\/v2\/posts\/4477\/revisions"}],"predecessor-version":[{"id":4479,"href":"https:\/\/radar190.com.br\/index.php\/wp-json\/wp\/v2\/posts\/4477\/revisions\/4479"}],"wp:featuredmedia":[{"embeddable":true,"href":"https:\/\/radar190.com.br\/index.php\/wp-json\/wp\/v2\/media\/4478"}],"wp:attachment":[{"href":"https:\/\/radar190.com.br\/index.php\/wp-json\/wp\/v2\/media?parent=4477"}],"wp:term":[{"taxonomy":"category","embeddable":true,"href":"https:\/\/radar190.com.br\/index.php\/wp-json\/wp\/v2\/categories?post=4477"},{"taxonomy":"post_tag","embeddable":true,"href":"https:\/\/radar190.com.br\/index.php\/wp-json\/wp\/v2\/tags?post=4477"}],"curies":[{"name":"wp","href":"https:\/\/api.w.org\/{rel}","templated":true}]}}