{"id":4467,"date":"2025-05-19T16:56:40","date_gmt":"2025-05-19T19:56:40","guid":{"rendered":"https:\/\/radar190.com.br\/?p=4467"},"modified":"2025-05-19T16:57:05","modified_gmt":"2025-05-19T19:57:05","slug":"gestao-de-milena-nogueira-e-legado-de-marcos-eron-ganham-destaque-em-evento-nacional-sobre-intersetorialidade-na-educacao","status":"publish","type":"post","link":"https:\/\/radar190.com.br\/index.php\/2025\/05\/19\/gestao-de-milena-nogueira-e-legado-de-marcos-eron-ganham-destaque-em-evento-nacional-sobre-intersetorialidade-na-educacao\/","title":{"rendered":"Gest\u00e3o de Milena Nogueira e legado de Marcos Eron ganham destaque em evento nacional sobre intersetorialidade na educa\u00e7\u00e3o"},"content":{"rendered":"<div class='booster-block booster-read-block'>\n                <div class=\"twp-read-time\">\n                \t<i class=\"booster-icon twp-clock\"><\/i> <span>Read Time:<\/span>1 Minute, 39 Second                <\/div>\n\n            <\/div>\n<figure class=\"wp-block-image size-full is-resized\"><img loading=\"lazy\" decoding=\"async\" width=\"714\" height=\"430\" src=\"https:\/\/radar190.com.br\/wp-content\/uploads\/2025\/05\/image-9.png\" alt=\"\" class=\"wp-image-4468\" style=\"width:573px;height:auto\" srcset=\"https:\/\/radar190.com.br\/wp-content\/uploads\/2025\/05\/image-9.png 714w, https:\/\/radar190.com.br\/wp-content\/uploads\/2025\/05\/image-9-300x181.png 300w\" sizes=\"auto, (max-width: 714px) 100vw, 714px\" \/><\/figure>\n\n\n\n<p>O munic\u00edpio administrado pela prefeita Milena Nogueira ser\u00e1 um dos destaques do I Encontro da Rede de Intersetorialidade com a Educa\u00e7\u00e3o: di\u00e1logos nacional e internacional, promovido pelo Minist\u00e9rio da Educa\u00e7\u00e3o (MEC), entre os dias 20 e 22 de maio de 2025, em Salvador (BA). O evento reunir\u00e1 t\u00e9cnicos e gestores de todo o pa\u00eds para compartilhar experi\u00eancias bem-sucedidas de articula\u00e7\u00e3o entre setores como educa\u00e7\u00e3o, sa\u00fade, assist\u00eancia social e cultura.<\/p>\n\n\n\n<p>A atual gest\u00e3o municipal vem sendo reconhecida nacionalmente pelo seu compromisso com pol\u00edticas p\u00fablicas integradas, e isso se deve \u00e0 continuidade de um trabalho que teve in\u00edcio ainda na gest\u00e3o do ex-prefeito Marcos Eron. Vision\u00e1rio e comprometido com a transforma\u00e7\u00e3o social, Eron foi respons\u00e1vel por lan\u00e7ar as bases da intersetorialidade no munic\u00edpio, investindo em programas inovadores e garantindo estrutura para que diferentes \u00e1reas da administra\u00e7\u00e3o trabalhassem de forma articulada.<\/p>\n\n\n\n<p>A prefeita Milena Nogueira, dando continuidade a esse legado, consolidou a pol\u00edtica de integra\u00e7\u00e3o entre secretarias, ampliando resultados e fortalecendo a\u00e7\u00f5es que hoje servem de refer\u00eancia para outras cidades do pa\u00eds. Sua lideran\u00e7a tem assegurado avan\u00e7os concretos na educa\u00e7\u00e3o, com impactos positivos na qualidade de vida das fam\u00edlias e no desenvolvimento social da comunidade.<\/p>\n\n\n\n<p>\u201cEsse reconhecimento por parte do Minist\u00e9rio da Educa\u00e7\u00e3o \u00e9 fruto de um trabalho coletivo, que come\u00e7ou com muita responsabilidade na gest\u00e3o do ex-prefeito Marcos Eron e que temos a honra de continuar e aprimorar com dedica\u00e7\u00e3o e compromisso com o povo\u201d, destacou Milena.<\/p>\n\n\n\n<p>O evento, que ser\u00e1 realizado no Gran Hotel Stella Maris, tem como objetivo promover o aprofundamento das pol\u00edticas p\u00fablicas intersetoriais e fortalecer a Comunidade de Pr\u00e1ticas Intersetoriais com a Educa\u00e7\u00e3o. A programa\u00e7\u00e3o prev\u00ea rodas de di\u00e1logo, oficinas, confer\u00eancias e a socializa\u00e7\u00e3o de experi\u00eancias desenvolvidas em todo o territ\u00f3rio nacional.<\/p>\n\n\n\n<p>Com protagonismo e compromisso com a gest\u00e3o p\u00fablica eficiente, o munic\u00edpio reafirma seu lugar como refer\u00eancia nacional em pol\u00edticas educacionais integradas \u2014 uma conquista que carrega a marca de duas lideran\u00e7as comprometidas com a transforma\u00e7\u00e3o social: Milena Nogueira e Marcos Eron.<\/p>\n\n\n\n<p>Blog do Silvano Dias<\/p>\n        <div class=\"booster-block booster-reactions-block\">\n            <div class=\"twp-reactions-icons\">\n                \n                <div class=\"twp-reacts-wrap\">\n                    <a react-data=\"be-react-1\" post-id=\"4467\" class=\"be-face-icons un-reacted\" href=\"javascript:void(0)\">\n                        <img decoding=\"async\" src=\"https:\/\/radar190.com.br\/wp-content\/plugins\/booster-extension\/\/assets\/icon\/happy.svg\" alt=\"Happy\">\n                    <\/a>\n                    <div class=\"twp-reaction-title\">\n                        Happy                    <\/div>\n                    <div class=\"twp-count-percent\">\n                                                    <span style=\"display: none;\" class=\"twp-react-count\">0<\/span>\n                        \n                                                <span class=\"twp-react-percent\"><span>0<\/span> %<\/span>\n                                            <\/div>\n                <\/div>\n\n                <div class=\"twp-reacts-wrap\">\n                    <a react-data=\"be-react-2\" post-id=\"4467\" class=\"be-face-icons un-reacted\" href=\"javascript:void(0)\">\n                        <img decoding=\"async\" src=\"https:\/\/radar190.com.br\/wp-content\/plugins\/booster-extension\/\/assets\/icon\/sad.svg\" alt=\"Sad\">\n                    <\/a>\n                    <div class=\"twp-reaction-title\">\n                        Sad                    <\/div>\n                    <div class=\"twp-count-percent\">\n                                                    <span style=\"display: none;\" class=\"twp-react-count\">0<\/span>\n                                                                        <span class=\"twp-react-percent\"><span>0<\/span> %<\/span>\n                                            <\/div>\n                <\/div>\n\n                <div class=\"twp-reacts-wrap\">\n                    <a react-data=\"be-react-3\" post-id=\"4467\" class=\"be-face-icons un-reacted\" href=\"javascript:void(0)\">\n                        <img decoding=\"async\" src=\"https:\/\/radar190.com.br\/wp-content\/plugins\/booster-extension\/\/assets\/icon\/excited.svg\" alt=\"Excited\">\n                    <\/a>\n                    <div class=\"twp-reaction-title\">\n                        Excited                    <\/div>\n                    <div class=\"twp-count-percent\">\n                                                    <span style=\"display: none;\" class=\"twp-react-count\">0<\/span>\n                                                                        <span class=\"twp-react-percent\"><span>0<\/span> %<\/span>\n                                            <\/div>\n                <\/div>\n\n                <div class=\"twp-reacts-wrap\">\n                    <a react-data=\"be-react-6\" post-id=\"4467\" class=\"be-face-icons un-reacted\" href=\"javascript:void(0)\">\n                        <img decoding=\"async\" src=\"https:\/\/radar190.com.br\/wp-content\/plugins\/booster-extension\/\/assets\/icon\/sleepy.svg\" alt=\"Sleepy\">\n                    <\/a>\n                    <div class=\"twp-reaction-title\">\n                        Sleepy                    <\/div>\n                    <div class=\"twp-count-percent\">\n                                                    <span style=\"display: none;\" class=\"twp-react-count\">0<\/span>\n                        \n                                                <span class=\"twp-react-percent\"><span>0<\/span> %<\/span>\n                                            <\/div>\n                <\/div>\n\n                <div class=\"twp-reacts-wrap\">\n                    <a react-data=\"be-react-4\" post-id=\"4467\" class=\"be-face-icons un-reacted\" href=\"javascript:void(0)\">\n                        <img decoding=\"async\" src=\"https:\/\/radar190.com.br\/wp-content\/plugins\/booster-extension\/\/assets\/icon\/angry.svg\" alt=\"Angry\">\n                    <\/a>\n                    <div class=\"twp-reaction-title\">Angry<\/div>\n                    <div class=\"twp-count-percent\">\n                                                    <span style=\"display: none;\" class=\"twp-react-count\">0<\/span>\n                                                                        <span class=\"twp-react-percent\"><span>0<\/span> %<\/span>\n                        \n                    <\/div>\n                <\/div>\n\n                <div class=\"twp-reacts-wrap\">\n                    <a react-data=\"be-react-5\" post-id=\"4467\" class=\"be-face-icons un-reacted\" href=\"javascript:void(0)\">\n                        <img decoding=\"async\" src=\"https:\/\/radar190.com.br\/wp-content\/plugins\/booster-extension\/\/assets\/icon\/surprise.svg\" alt=\"Surprise\">\n                    <\/a>\n                    <div class=\"twp-reaction-title\">Surprise<\/div>\n                    <div class=\"twp-count-percent\">\n                                                    <span style=\"display: none;\" class=\"twp-react-count\">0<\/span>\n                                                                        <span class=\"twp-react-percent\"><span>0<\/span> %<\/span>\n                                            <\/div>\n                <\/div>\n\n            <\/div>\n        <\/div>\n\n    ","protected":false},"excerpt":{"rendered":"<p>O munic\u00edpio administrado pela prefeita Milena Nogueira ser\u00e1 um dos destaques do I Encontro da Rede de Intersetorialidade com a Educa\u00e7\u00e3o: di\u00e1logos nacional e internacional, promovido pelo Minist\u00e9rio da Educa\u00e7\u00e3o (MEC), entre os dias 20 e 22 de maio de 2025, em Salvador (BA). O evento reunir\u00e1 t\u00e9cnicos e gestores [&hellip;]<\/p>\n","protected":false},"author":1,"featured_media":4468,"comment_status":"open","ping_status":"open","sticky":false,"template":"","format":"standard","meta":{"_mi_skip_tracking":false,"_ti_tpc_template_sync":false,"_ti_tpc_template_id":"","_joinchat":[],"footnotes":""},"categories":[5,14,13,1,9,18,12,8],"tags":[],"class_list":["post-4467","post","type-post","status-publish","format-standard","has-post-thumbnail","hentry","category-brasil","category-cidades","category-cultural","category-uncategorized","category-esporte","category-mundo-brasil","category-paraiba","category-policial"],"_links":{"self":[{"href":"https:\/\/radar190.com.br\/index.php\/wp-json\/wp\/v2\/posts\/4467","targetHints":{"allow":["GET"]}}],"collection":[{"href":"https:\/\/radar190.com.br\/index.php\/wp-json\/wp\/v2\/posts"}],"about":[{"href":"https:\/\/radar190.com.br\/index.php\/wp-json\/wp\/v2\/types\/post"}],"author":[{"embeddable":true,"href":"https:\/\/radar190.com.br\/index.php\/wp-json\/wp\/v2\/users\/1"}],"replies":[{"embeddable":true,"href":"https:\/\/radar190.com.br\/index.php\/wp-json\/wp\/v2\/comments?post=4467"}],"version-history":[{"count":1,"href":"https:\/\/radar190.com.br\/index.php\/wp-json\/wp\/v2\/posts\/4467\/revisions"}],"predecessor-version":[{"id":4469,"href":"https:\/\/radar190.com.br\/index.php\/wp-json\/wp\/v2\/posts\/4467\/revisions\/4469"}],"wp:featuredmedia":[{"embeddable":true,"href":"https:\/\/radar190.com.br\/index.php\/wp-json\/wp\/v2\/media\/4468"}],"wp:attachment":[{"href":"https:\/\/radar190.com.br\/index.php\/wp-json\/wp\/v2\/media?parent=4467"}],"wp:term":[{"taxonomy":"category","embeddable":true,"href":"https:\/\/radar190.com.br\/index.php\/wp-json\/wp\/v2\/categories?post=4467"},{"taxonomy":"post_tag","embeddable":true,"href":"https:\/\/radar190.com.br\/index.php\/wp-json\/wp\/v2\/tags?post=4467"}],"curies":[{"name":"wp","href":"https:\/\/api.w.org\/{rel}","templated":true}]}}