{"id":4430,"date":"2025-05-12T17:15:15","date_gmt":"2025-05-12T20:15:15","guid":{"rendered":"https:\/\/radar190.com.br\/?p=4430"},"modified":"2025-05-12T17:15:40","modified_gmt":"2025-05-12T20:15:40","slug":"segue-o-trabalho-monte-horebe-colhe-frutos-da-educacao-transformadora-da-gestao-milena-nogueira","status":"publish","type":"post","link":"https:\/\/radar190.com.br\/index.php\/2025\/05\/12\/segue-o-trabalho-monte-horebe-colhe-frutos-da-educacao-transformadora-da-gestao-milena-nogueira\/","title":{"rendered":"SEGUE O TRABALHO-Monte Horebe colhe frutos da educa\u00e7\u00e3o transformadora da gest\u00e3o Milena Nogueira"},"content":{"rendered":"<div class='booster-block booster-read-block'>\n                <div class=\"twp-read-time\">\n                \t<i class=\"booster-icon twp-clock\"><\/i> <span>Read Time:<\/span>1 Minute, 35 Second                <\/div>\n\n            <\/div>\n<figure class=\"wp-block-image size-full is-resized\"><img loading=\"lazy\" decoding=\"async\" width=\"755\" height=\"753\" src=\"https:\/\/radar190.com.br\/wp-content\/uploads\/2025\/05\/image-6.png\" alt=\"\" class=\"wp-image-4431\" style=\"width:455px;height:auto\" srcset=\"https:\/\/radar190.com.br\/wp-content\/uploads\/2025\/05\/image-6.png 755w, https:\/\/radar190.com.br\/wp-content\/uploads\/2025\/05\/image-6-300x300.png 300w, https:\/\/radar190.com.br\/wp-content\/uploads\/2025\/05\/image-6-150x150.png 150w\" sizes=\"auto, (max-width: 755px) 100vw, 755px\" \/><\/figure>\n\n\n\n<p>Hoje, 09 de maio de 2025, alunas da cidade de Monte Horebe-PB participam da cerim\u00f4nia de premia\u00e7\u00e3o da Olimp\u00edada Paraibana de Matem\u00e1tica (OPM), realizada na capital Jo\u00e3o Pessoa. O evento acontece na Universidade Federal da Para\u00edba (UFPB).<\/p>\n\n\n\n<p>Representando a EMEIF Jos\u00e9 Dias Guarita, as medalhistas Mabely Sophia Ferreira Alves, do 7\u00ba ano, que conquistou medalha de Bronze, e Maria Ritha Pereira Dias, do 9\u00ba ano, agraciada com Men\u00e7\u00e3o Honrosa, participam da cerim\u00f4nia ao lado de seus familiares.<\/p>\n\n\n\n<p>A OPM \u00e9 uma competi\u00e7\u00e3o regional voltada aos estudantes do Ensino Fundamental \u2013 Anos Finais \u2013 e do Ensino M\u00e9dio, de escolas p\u00fablicas e privadas da Para\u00edba. A olimp\u00edada \u00e9 promovida pelo Instituto Federal da Para\u00edba (IFPB), Universidade Estadual da Para\u00edba (UEPB) e Universidade Federal da Para\u00edba (UFPB), com apoio da Associa\u00e7\u00e3o Ol\u00edmpica Brasileira de Matem\u00e1tica (AOBM) e da Stone.<\/p>\n\n\n\n<p>As alunas v\u00eam se destacando em diversas olimp\u00edadas de \u00e2mbito estadual e nacional. Em 2024, Maria Ritha conquistou bronze na Olimp\u00edada Brasileira de Matem\u00e1tica das Escolas P\u00fablicas (OBMEP).<\/p>\n\n\n\n<p>J\u00e1 a aluna Mabely Sophia foi ouro na Olimp\u00edada do Tesouro Direto de Educa\u00e7\u00e3o Financeira (OLITEF), prata na Olimp\u00edada Mandacaru de Matem\u00e1tica (OMM) e recebeu men\u00e7\u00e3o honrosa na OBMEP.<\/p>\n\n\n\n<p>As estudantes horebenses, Mabely e Ritha, participam hoje da cerim\u00f4nia de premia\u00e7\u00e3o da OPM e recebem suas medalhas e honrarias junto aos demais premiados no audit\u00f3rio central da UFPB, na cidade de Jo\u00e3o Pessoa.<\/p>\n\n\n\n<p>Um orgulho para toda popula\u00e7\u00e3o horebense ver duas adolescentes brilharem e se destacarem na educa\u00e7\u00e3o.<\/p>\n\n\n\n<p>Esses e outros resultados expressivos alcan\u00e7ados pelos alunos das escolas do Sistema P\u00fablico de Ensino horebense est\u00e3o alinhados ao projeto de gest\u00e3o da prefeita Milena Nogueira, que integra a AICE \u2013 Associa\u00e7\u00e3o Internacional das Cidades Educadoras. As conquistas tamb\u00e9m refletem as parcerias firmadas com o Instituto Brasil Solid\u00e1rio (IBS), fortalecendo as pol\u00edticas p\u00fablicas por meio de uma atua\u00e7\u00e3o intersetorial e comprometida com a multiplica\u00e7\u00e3o de oportunidades educativas para todos os estudantes.<\/p>\n\n\n\n<p>Monte Horebe, Cidade Educadora.<\/p>\n        <div class=\"booster-block booster-reactions-block\">\n            <div class=\"twp-reactions-icons\">\n                \n                <div class=\"twp-reacts-wrap\">\n                    <a react-data=\"be-react-1\" post-id=\"4430\" class=\"be-face-icons un-reacted\" href=\"javascript:void(0)\">\n                        <img decoding=\"async\" src=\"https:\/\/radar190.com.br\/wp-content\/plugins\/booster-extension\/\/assets\/icon\/happy.svg\" alt=\"Happy\">\n                    <\/a>\n                    <div class=\"twp-reaction-title\">\n                        Happy                    <\/div>\n                    <div class=\"twp-count-percent\">\n                                                    <span style=\"display: none;\" class=\"twp-react-count\">0<\/span>\n                        \n                                                <span class=\"twp-react-percent\"><span>0<\/span> %<\/span>\n                                            <\/div>\n                <\/div>\n\n                <div class=\"twp-reacts-wrap\">\n                    <a react-data=\"be-react-2\" post-id=\"4430\" class=\"be-face-icons un-reacted\" href=\"javascript:void(0)\">\n                        <img decoding=\"async\" src=\"https:\/\/radar190.com.br\/wp-content\/plugins\/booster-extension\/\/assets\/icon\/sad.svg\" alt=\"Sad\">\n                    <\/a>\n                    <div class=\"twp-reaction-title\">\n                        Sad                    <\/div>\n                    <div class=\"twp-count-percent\">\n                                                    <span style=\"display: none;\" class=\"twp-react-count\">0<\/span>\n                                                                        <span class=\"twp-react-percent\"><span>0<\/span> %<\/span>\n                                            <\/div>\n                <\/div>\n\n                <div class=\"twp-reacts-wrap\">\n                    <a react-data=\"be-react-3\" post-id=\"4430\" class=\"be-face-icons un-reacted\" href=\"javascript:void(0)\">\n                        <img decoding=\"async\" src=\"https:\/\/radar190.com.br\/wp-content\/plugins\/booster-extension\/\/assets\/icon\/excited.svg\" alt=\"Excited\">\n                    <\/a>\n                    <div class=\"twp-reaction-title\">\n                        Excited                    <\/div>\n                    <div class=\"twp-count-percent\">\n                                                    <span style=\"display: none;\" class=\"twp-react-count\">0<\/span>\n                                                                        <span class=\"twp-react-percent\"><span>0<\/span> %<\/span>\n                                            <\/div>\n                <\/div>\n\n                <div class=\"twp-reacts-wrap\">\n                    <a react-data=\"be-react-6\" post-id=\"4430\" class=\"be-face-icons un-reacted\" href=\"javascript:void(0)\">\n                        <img decoding=\"async\" src=\"https:\/\/radar190.com.br\/wp-content\/plugins\/booster-extension\/\/assets\/icon\/sleepy.svg\" alt=\"Sleepy\">\n                    <\/a>\n                    <div class=\"twp-reaction-title\">\n                        Sleepy                    <\/div>\n                    <div class=\"twp-count-percent\">\n                                                    <span style=\"display: none;\" class=\"twp-react-count\">0<\/span>\n                        \n                                                <span class=\"twp-react-percent\"><span>0<\/span> %<\/span>\n                                            <\/div>\n                <\/div>\n\n                <div class=\"twp-reacts-wrap\">\n                    <a react-data=\"be-react-4\" post-id=\"4430\" class=\"be-face-icons un-reacted\" href=\"javascript:void(0)\">\n                        <img decoding=\"async\" src=\"https:\/\/radar190.com.br\/wp-content\/plugins\/booster-extension\/\/assets\/icon\/angry.svg\" alt=\"Angry\">\n                    <\/a>\n                    <div class=\"twp-reaction-title\">Angry<\/div>\n                    <div class=\"twp-count-percent\">\n                                                    <span style=\"display: none;\" class=\"twp-react-count\">0<\/span>\n                                                                        <span class=\"twp-react-percent\"><span>0<\/span> %<\/span>\n                        \n                    <\/div>\n                <\/div>\n\n                <div class=\"twp-reacts-wrap\">\n                    <a react-data=\"be-react-5\" post-id=\"4430\" class=\"be-face-icons un-reacted\" href=\"javascript:void(0)\">\n                        <img decoding=\"async\" src=\"https:\/\/radar190.com.br\/wp-content\/plugins\/booster-extension\/\/assets\/icon\/surprise.svg\" alt=\"Surprise\">\n                    <\/a>\n                    <div class=\"twp-reaction-title\">Surprise<\/div>\n                    <div class=\"twp-count-percent\">\n                                                    <span style=\"display: none;\" class=\"twp-react-count\">0<\/span>\n                                                                        <span class=\"twp-react-percent\"><span>0<\/span> %<\/span>\n                                            <\/div>\n                <\/div>\n\n            <\/div>\n        <\/div>\n\n    ","protected":false},"excerpt":{"rendered":"<p>Hoje, 09 de maio de 2025, alunas da cidade de Monte Horebe-PB participam da cerim\u00f4nia de premia\u00e7\u00e3o da Olimp\u00edada Paraibana de Matem\u00e1tica (OPM), realizada na capital Jo\u00e3o Pessoa. O evento acontece na Universidade Federal da Para\u00edba (UFPB). Representando a EMEIF Jos\u00e9 Dias Guarita, as medalhistas Mabely Sophia Ferreira Alves, do [&hellip;]<\/p>\n","protected":false},"author":1,"featured_media":4431,"comment_status":"open","ping_status":"open","sticky":false,"template":"","format":"standard","meta":{"_mi_skip_tracking":false,"_ti_tpc_template_sync":false,"_ti_tpc_template_id":"","_joinchat":[],"footnotes":""},"categories":[5,14,13,1,9,18,12,8],"tags":[],"class_list":["post-4430","post","type-post","status-publish","format-standard","has-post-thumbnail","hentry","category-brasil","category-cidades","category-cultural","category-uncategorized","category-esporte","category-mundo-brasil","category-paraiba","category-policial"],"_links":{"self":[{"href":"https:\/\/radar190.com.br\/index.php\/wp-json\/wp\/v2\/posts\/4430","targetHints":{"allow":["GET"]}}],"collection":[{"href":"https:\/\/radar190.com.br\/index.php\/wp-json\/wp\/v2\/posts"}],"about":[{"href":"https:\/\/radar190.com.br\/index.php\/wp-json\/wp\/v2\/types\/post"}],"author":[{"embeddable":true,"href":"https:\/\/radar190.com.br\/index.php\/wp-json\/wp\/v2\/users\/1"}],"replies":[{"embeddable":true,"href":"https:\/\/radar190.com.br\/index.php\/wp-json\/wp\/v2\/comments?post=4430"}],"version-history":[{"count":1,"href":"https:\/\/radar190.com.br\/index.php\/wp-json\/wp\/v2\/posts\/4430\/revisions"}],"predecessor-version":[{"id":4432,"href":"https:\/\/radar190.com.br\/index.php\/wp-json\/wp\/v2\/posts\/4430\/revisions\/4432"}],"wp:featuredmedia":[{"embeddable":true,"href":"https:\/\/radar190.com.br\/index.php\/wp-json\/wp\/v2\/media\/4431"}],"wp:attachment":[{"href":"https:\/\/radar190.com.br\/index.php\/wp-json\/wp\/v2\/media?parent=4430"}],"wp:term":[{"taxonomy":"category","embeddable":true,"href":"https:\/\/radar190.com.br\/index.php\/wp-json\/wp\/v2\/categories?post=4430"},{"taxonomy":"post_tag","embeddable":true,"href":"https:\/\/radar190.com.br\/index.php\/wp-json\/wp\/v2\/tags?post=4430"}],"curies":[{"name":"wp","href":"https:\/\/api.w.org\/{rel}","templated":true}]}}