{"id":4404,"date":"2025-05-06T07:31:19","date_gmt":"2025-05-06T10:31:19","guid":{"rendered":"https:\/\/radar190.com.br\/?p=4404"},"modified":"2025-05-06T07:32:03","modified_gmt":"2025-05-06T10:32:03","slug":"segue-o-trabalho-milena-nogueira-e-marcos-eron-seguem-em-busca-de-mais-conquistas-para-monte-horebe","status":"publish","type":"post","link":"https:\/\/radar190.com.br\/index.php\/2025\/05\/06\/segue-o-trabalho-milena-nogueira-e-marcos-eron-seguem-em-busca-de-mais-conquistas-para-monte-horebe\/","title":{"rendered":"SEGUE O TRABALHO-Milena Nogueira e Marcos Eron seguem em busca de mais conquistas para Monte Horebe"},"content":{"rendered":"<div class='booster-block booster-read-block'>\n                <div class=\"twp-read-time\">\n                \t<i class=\"booster-icon twp-clock\"><\/i> <span>Read Time:<\/span>1 Minute, 22 Second                <\/div>\n\n            <\/div>\n<figure class=\"wp-block-image size-full is-resized\"><img loading=\"lazy\" decoding=\"async\" width=\"768\" height=\"1024\" src=\"https:\/\/radar190.com.br\/wp-content\/uploads\/2025\/05\/image-1.png\" alt=\"\" class=\"wp-image-4406\" style=\"width:275px;height:auto\" srcset=\"https:\/\/radar190.com.br\/wp-content\/uploads\/2025\/05\/image-1.png 768w, https:\/\/radar190.com.br\/wp-content\/uploads\/2025\/05\/image-1-225x300.png 225w\" sizes=\"auto, (max-width: 768px) 100vw, 768px\" \/><\/figure>\n\n\n\n<p>Na tarde desta segunda-feira, 5 de maio, a Prefeita de Monte Horebe, Milena Nogueira, embarcou rumo a Bras\u00edlia acompanhada do Chefe de Gabinete e ex-prefeito Marcos Eron, que tamb\u00e9m \u00e9 pr\u00e9-candidato a deputado estadual. A miss\u00e3o \u00e9 clara: intensificar a busca por investimentos e destravar recursos que impulsionem ainda mais o desenvolvimento do munic\u00edpio.A agenda na capital federal inclui reuni\u00f5es em importantes Minist\u00e9rios, como o da Sa\u00fade, onde um dos objetivos principais \u00e9 agilizar a libera\u00e7\u00e3o de uma ambul\u00e2ncia do SAMU, essencial para o refor\u00e7o do atendimento emergencial na cidade. Al\u00e9m disso, a comitiva horebense ter\u00e1 audi\u00eancias com lideran\u00e7as de peso da bancada paraibana, como os senadores Efraim Filho, Daniela Ribeiro e Veneziano Vital do R\u00eago, al\u00e9m do deputado federal Hugo Motta.<\/p>\n\n\n\n<p>A prefeita Milena destacou que o trabalho em Bras\u00edlia \u00e9 uma extens\u00e3o do compromisso com o povo horebense: \u201cSeguimos firmes buscando melhorias para nossa cidade. Cada passo dado aqui em Bras\u00edlia \u00e9 pensando em levar mais qualidade de vida para nossa popula\u00e7\u00e3o.\u201d<\/p>\n\n\n\n<p>J\u00e1 Marcos Eron, que vem consolidando seu nome como pr\u00e9-candidato a deputado estadual, refor\u00e7ou a import\u00e2ncia da articula\u00e7\u00e3o pol\u00edtica para ampliar as conquistas da regi\u00e3o: \u201cMonte Horebe tem mostrado que, com trabalho s\u00e9rio e uni\u00e3o, \u00e9 poss\u00edvel avan\u00e7ar. Estamos aqui para garantir que nossa cidade e nosso sert\u00e3o sejam lembrados nas decis\u00f5es que mudam vidas.\u201d<\/p>\n\n\n\n<p>O trabalho conjunto entre a gestora e o ex-prefeito mostra que a dedica\u00e7\u00e3o \u00e0 cidade n\u00e3o para, e que o compromisso com o povo de Monte Horebe \u00e9 prioridade absoluta. A expectativa \u00e9 de que a viagem resulte em novos investimentos e a\u00e7\u00f5es que impactem positivamente o munic\u00edpio.<\/p>\n\n\n\n<figure class=\"wp-block-image size-full is-resized\"><img loading=\"lazy\" decoding=\"async\" width=\"828\" height=\"640\" src=\"https:\/\/radar190.com.br\/wp-content\/uploads\/2025\/05\/image.png\" alt=\"\" class=\"wp-image-4405\" style=\"width:463px;height:auto\" srcset=\"https:\/\/radar190.com.br\/wp-content\/uploads\/2025\/05\/image.png 828w, https:\/\/radar190.com.br\/wp-content\/uploads\/2025\/05\/image-300x232.png 300w, https:\/\/radar190.com.br\/wp-content\/uploads\/2025\/05\/image-768x594.png 768w\" sizes=\"auto, (max-width: 828px) 100vw, 828px\" \/><\/figure>\n        <div class=\"booster-block booster-reactions-block\">\n            <div class=\"twp-reactions-icons\">\n                \n                <div class=\"twp-reacts-wrap\">\n                    <a react-data=\"be-react-1\" post-id=\"4404\" class=\"be-face-icons un-reacted\" href=\"javascript:void(0)\">\n                        <img decoding=\"async\" src=\"https:\/\/radar190.com.br\/wp-content\/plugins\/booster-extension\/\/assets\/icon\/happy.svg\" alt=\"Happy\">\n                    <\/a>\n                    <div class=\"twp-reaction-title\">\n                        Happy                    <\/div>\n                    <div class=\"twp-count-percent\">\n                                                    <span style=\"display: none;\" class=\"twp-react-count\">0<\/span>\n                        \n                                                <span class=\"twp-react-percent\"><span>0<\/span> %<\/span>\n                                            <\/div>\n                <\/div>\n\n                <div class=\"twp-reacts-wrap\">\n                    <a react-data=\"be-react-2\" post-id=\"4404\" class=\"be-face-icons un-reacted\" href=\"javascript:void(0)\">\n                        <img decoding=\"async\" src=\"https:\/\/radar190.com.br\/wp-content\/plugins\/booster-extension\/\/assets\/icon\/sad.svg\" alt=\"Sad\">\n                    <\/a>\n                    <div class=\"twp-reaction-title\">\n                        Sad                    <\/div>\n                    <div class=\"twp-count-percent\">\n                                                    <span style=\"display: none;\" class=\"twp-react-count\">0<\/span>\n                                                                        <span class=\"twp-react-percent\"><span>0<\/span> %<\/span>\n                                            <\/div>\n                <\/div>\n\n                <div class=\"twp-reacts-wrap\">\n                    <a react-data=\"be-react-3\" post-id=\"4404\" class=\"be-face-icons un-reacted\" href=\"javascript:void(0)\">\n                        <img decoding=\"async\" src=\"https:\/\/radar190.com.br\/wp-content\/plugins\/booster-extension\/\/assets\/icon\/excited.svg\" alt=\"Excited\">\n                    <\/a>\n                    <div class=\"twp-reaction-title\">\n                        Excited                    <\/div>\n                    <div class=\"twp-count-percent\">\n                                                    <span style=\"display: none;\" class=\"twp-react-count\">0<\/span>\n                                                                        <span class=\"twp-react-percent\"><span>0<\/span> %<\/span>\n                                            <\/div>\n                <\/div>\n\n                <div class=\"twp-reacts-wrap\">\n                    <a react-data=\"be-react-6\" post-id=\"4404\" class=\"be-face-icons un-reacted\" href=\"javascript:void(0)\">\n                        <img decoding=\"async\" src=\"https:\/\/radar190.com.br\/wp-content\/plugins\/booster-extension\/\/assets\/icon\/sleepy.svg\" alt=\"Sleepy\">\n                    <\/a>\n                    <div class=\"twp-reaction-title\">\n                        Sleepy                    <\/div>\n                    <div class=\"twp-count-percent\">\n                                                    <span style=\"display: none;\" class=\"twp-react-count\">0<\/span>\n                        \n                                                <span class=\"twp-react-percent\"><span>0<\/span> %<\/span>\n                                            <\/div>\n                <\/div>\n\n                <div class=\"twp-reacts-wrap\">\n                    <a react-data=\"be-react-4\" post-id=\"4404\" class=\"be-face-icons un-reacted\" href=\"javascript:void(0)\">\n                        <img decoding=\"async\" src=\"https:\/\/radar190.com.br\/wp-content\/plugins\/booster-extension\/\/assets\/icon\/angry.svg\" alt=\"Angry\">\n                    <\/a>\n                    <div class=\"twp-reaction-title\">Angry<\/div>\n                    <div class=\"twp-count-percent\">\n                                                    <span style=\"display: none;\" class=\"twp-react-count\">0<\/span>\n                                                                        <span class=\"twp-react-percent\"><span>0<\/span> %<\/span>\n                        \n                    <\/div>\n                <\/div>\n\n                <div class=\"twp-reacts-wrap\">\n                    <a react-data=\"be-react-5\" post-id=\"4404\" class=\"be-face-icons un-reacted\" href=\"javascript:void(0)\">\n                        <img decoding=\"async\" src=\"https:\/\/radar190.com.br\/wp-content\/plugins\/booster-extension\/\/assets\/icon\/surprise.svg\" alt=\"Surprise\">\n                    <\/a>\n                    <div class=\"twp-reaction-title\">Surprise<\/div>\n                    <div class=\"twp-count-percent\">\n                                                    <span style=\"display: none;\" class=\"twp-react-count\">0<\/span>\n                                                                        <span class=\"twp-react-percent\"><span>0<\/span> %<\/span>\n                                            <\/div>\n                <\/div>\n\n            <\/div>\n        <\/div>\n\n    ","protected":false},"excerpt":{"rendered":"<p>Na tarde desta segunda-feira, 5 de maio, a Prefeita de Monte Horebe, Milena Nogueira, embarcou rumo a Bras\u00edlia acompanhada do Chefe de Gabinete e ex-prefeito Marcos Eron, que tamb\u00e9m \u00e9 pr\u00e9-candidato a deputado estadual. A miss\u00e3o \u00e9 clara: intensificar a busca por investimentos e destravar recursos que impulsionem ainda mais [&hellip;]<\/p>\n","protected":false},"author":1,"featured_media":4406,"comment_status":"open","ping_status":"open","sticky":false,"template":"","format":"standard","meta":{"_mi_skip_tracking":false,"_ti_tpc_template_sync":false,"_ti_tpc_template_id":"","_joinchat":[],"footnotes":""},"categories":[5,14,13,1,9,18,12,8],"tags":[],"class_list":["post-4404","post","type-post","status-publish","format-standard","has-post-thumbnail","hentry","category-brasil","category-cidades","category-cultural","category-uncategorized","category-esporte","category-mundo-brasil","category-paraiba","category-policial"],"_links":{"self":[{"href":"https:\/\/radar190.com.br\/index.php\/wp-json\/wp\/v2\/posts\/4404","targetHints":{"allow":["GET"]}}],"collection":[{"href":"https:\/\/radar190.com.br\/index.php\/wp-json\/wp\/v2\/posts"}],"about":[{"href":"https:\/\/radar190.com.br\/index.php\/wp-json\/wp\/v2\/types\/post"}],"author":[{"embeddable":true,"href":"https:\/\/radar190.com.br\/index.php\/wp-json\/wp\/v2\/users\/1"}],"replies":[{"embeddable":true,"href":"https:\/\/radar190.com.br\/index.php\/wp-json\/wp\/v2\/comments?post=4404"}],"version-history":[{"count":1,"href":"https:\/\/radar190.com.br\/index.php\/wp-json\/wp\/v2\/posts\/4404\/revisions"}],"predecessor-version":[{"id":4407,"href":"https:\/\/radar190.com.br\/index.php\/wp-json\/wp\/v2\/posts\/4404\/revisions\/4407"}],"wp:featuredmedia":[{"embeddable":true,"href":"https:\/\/radar190.com.br\/index.php\/wp-json\/wp\/v2\/media\/4406"}],"wp:attachment":[{"href":"https:\/\/radar190.com.br\/index.php\/wp-json\/wp\/v2\/media?parent=4404"}],"wp:term":[{"taxonomy":"category","embeddable":true,"href":"https:\/\/radar190.com.br\/index.php\/wp-json\/wp\/v2\/categories?post=4404"},{"taxonomy":"post_tag","embeddable":true,"href":"https:\/\/radar190.com.br\/index.php\/wp-json\/wp\/v2\/tags?post=4404"}],"curies":[{"name":"wp","href":"https:\/\/api.w.org\/{rel}","templated":true}]}}