{"id":4376,"date":"2025-04-28T15:10:27","date_gmt":"2025-04-28T18:10:27","guid":{"rendered":"https:\/\/radar190.com.br\/?p=4376"},"modified":"2025-04-28T15:11:49","modified_gmt":"2025-04-28T18:11:49","slug":"sob-aplausos-familiares-e-amigos-se-despedem-do-jogador-rafael-em-bonito-de-santa-fe-veja","status":"publish","type":"post","link":"https:\/\/radar190.com.br\/index.php\/2025\/04\/28\/sob-aplausos-familiares-e-amigos-se-despedem-do-jogador-rafael-em-bonito-de-santa-fe-veja\/","title":{"rendered":"Sob Aplausos, Familiares e Amigos Se Despedem do Jogador Rafael em Bonito de Santa F\u00e9. VEJA!"},"content":{"rendered":"<div class='booster-block booster-read-block'>\n                <div class=\"twp-read-time\">\n                \t<i class=\"booster-icon twp-clock\"><\/i> <span>Read Time:<\/span>47 Second                <\/div>\n\n            <\/div>\n<figure class=\"wp-block-gallery has-nested-images columns-default is-cropped wp-block-gallery-1 is-layout-flex wp-block-gallery-is-layout-flex\">\n<figure class=\"wp-block-image size-large\"><img loading=\"lazy\" decoding=\"async\" width=\"471\" height=\"517\" data-id=\"4377\" src=\"https:\/\/radar190.com.br\/wp-content\/uploads\/2025\/04\/57d2f389-0152-47f3-beff-3629c303893e.jpg\" alt=\"\" class=\"wp-image-4377\" srcset=\"https:\/\/radar190.com.br\/wp-content\/uploads\/2025\/04\/57d2f389-0152-47f3-beff-3629c303893e.jpg 471w, https:\/\/radar190.com.br\/wp-content\/uploads\/2025\/04\/57d2f389-0152-47f3-beff-3629c303893e-273x300.jpg 273w\" sizes=\"auto, (max-width: 471px) 100vw, 471px\" \/><\/figure>\n\n\n\n<figure class=\"wp-block-image size-large\"><img loading=\"lazy\" decoding=\"async\" width=\"480\" height=\"560\" data-id=\"4378\" src=\"https:\/\/radar190.com.br\/wp-content\/uploads\/2025\/04\/ce1a3037-fc29-4126-8e83-39244c8ff966.jpg\" alt=\"\" class=\"wp-image-4378\" srcset=\"https:\/\/radar190.com.br\/wp-content\/uploads\/2025\/04\/ce1a3037-fc29-4126-8e83-39244c8ff966.jpg 480w, https:\/\/radar190.com.br\/wp-content\/uploads\/2025\/04\/ce1a3037-fc29-4126-8e83-39244c8ff966-257x300.jpg 257w\" sizes=\"auto, (max-width: 480px) 100vw, 480px\" \/><\/figure>\n\n\n\n<figure class=\"wp-block-image size-large\"><img loading=\"lazy\" decoding=\"async\" width=\"640\" height=\"480\" data-id=\"4379\" src=\"https:\/\/radar190.com.br\/wp-content\/uploads\/2025\/04\/e556c024-548a-4b45-97c6-6ea7462236da.jpg\" alt=\"\" class=\"wp-image-4379\" srcset=\"https:\/\/radar190.com.br\/wp-content\/uploads\/2025\/04\/e556c024-548a-4b45-97c6-6ea7462236da.jpg 640w, https:\/\/radar190.com.br\/wp-content\/uploads\/2025\/04\/e556c024-548a-4b45-97c6-6ea7462236da-300x225.jpg 300w\" sizes=\"auto, (max-width: 640px) 100vw, 640px\" \/><\/figure>\n\n\n\n<figure class=\"wp-block-image size-large\"><img loading=\"lazy\" decoding=\"async\" width=\"640\" height=\"480\" data-id=\"4380\" src=\"https:\/\/radar190.com.br\/wp-content\/uploads\/2025\/04\/2f6c245d-2d8a-4450-ae4c-66f40a45a552.jpg\" alt=\"\" class=\"wp-image-4380\" srcset=\"https:\/\/radar190.com.br\/wp-content\/uploads\/2025\/04\/2f6c245d-2d8a-4450-ae4c-66f40a45a552.jpg 640w, https:\/\/radar190.com.br\/wp-content\/uploads\/2025\/04\/2f6c245d-2d8a-4450-ae4c-66f40a45a552-300x225.jpg 300w\" sizes=\"auto, (max-width: 640px) 100vw, 640px\" \/><\/figure>\n\n\n\n<figure class=\"wp-block-image size-large\"><img loading=\"lazy\" decoding=\"async\" width=\"480\" height=\"640\" data-id=\"4381\" src=\"https:\/\/radar190.com.br\/wp-content\/uploads\/2025\/04\/4f1e4d3f-22de-463f-9152-3c41e29e1278.jpg\" alt=\"\" class=\"wp-image-4381\" srcset=\"https:\/\/radar190.com.br\/wp-content\/uploads\/2025\/04\/4f1e4d3f-22de-463f-9152-3c41e29e1278.jpg 480w, https:\/\/radar190.com.br\/wp-content\/uploads\/2025\/04\/4f1e4d3f-22de-463f-9152-3c41e29e1278-225x300.jpg 225w\" sizes=\"auto, (max-width: 480px) 100vw, 480px\" \/><\/figure>\n<\/figure>\n\n\n\n<p><strong>O Corpo de Rafael, de 37 anos, foi enterrado, neste s\u00e1bado, no cemit\u00e9rio cora\u00e7\u00e3o de Jesus, em Bonito de Santa F\u00e9, Sert\u00e3o da Para\u00edba.<\/strong><\/p>\n\n\n\n<p>Mais de mil pessoas se reuniram, neste s\u00e1bado, para dar o \u00faltimo adeus o jogador Rafael, de 31 anos, no cemit\u00e9rio de Bonito de Santa F\u00e9. Com muita emo\u00e7\u00e3o, amigos e familiares e representantes de Equipes de Futebol se despediram e prestaram homenagens ao jogador. Rafael que morreu na ultima sexta-feira (25), vitima de um acidente no Centro da cidade.<\/p>\n\n\n\n<p>O cortejo seguiu pelas principais ruas do centro da cidade recebendo a solidariedade das pessoas e comerciantes que se aglomeravam nas cal\u00e7adas dos estabelecimentos comerciais.<\/p>\n\n\n\n<p>Durante a Cerimonia na Igreja Matriz, foram prestadas homenagens ao jogar Rafael relembrando sua vida de alegria.<\/p>\n\n\n\n<p>O presidente do Palmeiras Bosco Paulino Falou da Import\u00e2ncia do Jogador aos Clubes Bonitenses.<\/p>\n\n\n\n<figure class=\"wp-block-embed is-type-video is-provider-youtube wp-block-embed-youtube wp-embed-aspect-16-9 wp-has-aspect-ratio\"><div class=\"wp-block-embed__wrapper\">\n<iframe loading=\"lazy\" title=\"Sob aplausos, familiares e amigos se despedem do Jogador Rafael em Bonito de Santa F\u00e9.\" width=\"640\" height=\"360\" src=\"https:\/\/www.youtube.com\/embed\/XZ0GcyHY_gk?feature=oembed\" frameborder=\"0\" allow=\"accelerometer; autoplay; clipboard-write; encrypted-media; gyroscope; picture-in-picture; web-share\" referrerpolicy=\"strict-origin-when-cross-origin\" allowfullscreen><\/iframe>\n<\/div><\/figure>\n\n\n\n<figure class=\"wp-block-embed is-type-video is-provider-youtube wp-block-embed-youtube wp-embed-aspect-16-9 wp-has-aspect-ratio\"><div class=\"wp-block-embed__wrapper\">\n<iframe loading=\"lazy\" title=\"Sob aplausos, familiares e amigos se despedem do Jogador Rafael em Bonito de Santa F\u00e9.\" width=\"640\" height=\"360\" src=\"https:\/\/www.youtube.com\/embed\/alpR5BykNT0?feature=oembed\" frameborder=\"0\" allow=\"accelerometer; autoplay; clipboard-write; encrypted-media; gyroscope; picture-in-picture; web-share\" referrerpolicy=\"strict-origin-when-cross-origin\" allowfullscreen><\/iframe>\n<\/div><\/figure>\n        <div class=\"booster-block booster-reactions-block\">\n            <div class=\"twp-reactions-icons\">\n                \n                <div class=\"twp-reacts-wrap\">\n                    <a react-data=\"be-react-1\" post-id=\"4376\" class=\"be-face-icons un-reacted\" href=\"javascript:void(0)\">\n                        <img decoding=\"async\" src=\"https:\/\/radar190.com.br\/wp-content\/plugins\/booster-extension\/\/assets\/icon\/happy.svg\" alt=\"Happy\">\n                    <\/a>\n                    <div class=\"twp-reaction-title\">\n                        Happy                    <\/div>\n                    <div class=\"twp-count-percent\">\n                                                    <span style=\"display: none;\" class=\"twp-react-count\">0<\/span>\n                        \n                                                <span class=\"twp-react-percent\"><span>0<\/span> %<\/span>\n                                            <\/div>\n                <\/div>\n\n                <div class=\"twp-reacts-wrap\">\n                    <a react-data=\"be-react-2\" post-id=\"4376\" class=\"be-face-icons un-reacted\" href=\"javascript:void(0)\">\n                        <img decoding=\"async\" src=\"https:\/\/radar190.com.br\/wp-content\/plugins\/booster-extension\/\/assets\/icon\/sad.svg\" alt=\"Sad\">\n                    <\/a>\n                    <div class=\"twp-reaction-title\">\n                        Sad                    <\/div>\n                    <div class=\"twp-count-percent\">\n                                                    <span style=\"display: none;\" class=\"twp-react-count\">0<\/span>\n                                                                        <span class=\"twp-react-percent\"><span>0<\/span> %<\/span>\n                                            <\/div>\n                <\/div>\n\n                <div class=\"twp-reacts-wrap\">\n                    <a react-data=\"be-react-3\" post-id=\"4376\" class=\"be-face-icons un-reacted\" href=\"javascript:void(0)\">\n                        <img decoding=\"async\" src=\"https:\/\/radar190.com.br\/wp-content\/plugins\/booster-extension\/\/assets\/icon\/excited.svg\" alt=\"Excited\">\n                    <\/a>\n                    <div class=\"twp-reaction-title\">\n                        Excited                    <\/div>\n                    <div class=\"twp-count-percent\">\n                                                    <span style=\"display: none;\" class=\"twp-react-count\">0<\/span>\n                                                                        <span class=\"twp-react-percent\"><span>0<\/span> %<\/span>\n                                            <\/div>\n                <\/div>\n\n                <div class=\"twp-reacts-wrap\">\n                    <a react-data=\"be-react-6\" post-id=\"4376\" class=\"be-face-icons un-reacted\" href=\"javascript:void(0)\">\n                        <img decoding=\"async\" src=\"https:\/\/radar190.com.br\/wp-content\/plugins\/booster-extension\/\/assets\/icon\/sleepy.svg\" alt=\"Sleepy\">\n                    <\/a>\n                    <div class=\"twp-reaction-title\">\n                        Sleepy                    <\/div>\n                    <div class=\"twp-count-percent\">\n                                                    <span style=\"display: none;\" class=\"twp-react-count\">0<\/span>\n                        \n                                                <span class=\"twp-react-percent\"><span>0<\/span> %<\/span>\n                                            <\/div>\n                <\/div>\n\n                <div class=\"twp-reacts-wrap\">\n                    <a react-data=\"be-react-4\" post-id=\"4376\" class=\"be-face-icons un-reacted\" href=\"javascript:void(0)\">\n                        <img decoding=\"async\" src=\"https:\/\/radar190.com.br\/wp-content\/plugins\/booster-extension\/\/assets\/icon\/angry.svg\" alt=\"Angry\">\n                    <\/a>\n                    <div class=\"twp-reaction-title\">Angry<\/div>\n                    <div class=\"twp-count-percent\">\n                                                    <span style=\"display: none;\" class=\"twp-react-count\">0<\/span>\n                                                                        <span class=\"twp-react-percent\"><span>0<\/span> %<\/span>\n                        \n                    <\/div>\n                <\/div>\n\n                <div class=\"twp-reacts-wrap\">\n                    <a react-data=\"be-react-5\" post-id=\"4376\" class=\"be-face-icons un-reacted\" href=\"javascript:void(0)\">\n                        <img decoding=\"async\" src=\"https:\/\/radar190.com.br\/wp-content\/plugins\/booster-extension\/\/assets\/icon\/surprise.svg\" alt=\"Surprise\">\n                    <\/a>\n                    <div class=\"twp-reaction-title\">Surprise<\/div>\n                    <div class=\"twp-count-percent\">\n                                                    <span style=\"display: none;\" class=\"twp-react-count\">0<\/span>\n                                                                        <span class=\"twp-react-percent\"><span>0<\/span> %<\/span>\n                                            <\/div>\n                <\/div>\n\n            <\/div>\n        <\/div>\n\n    ","protected":false},"excerpt":{"rendered":"<p>O Corpo de Rafael, de 37 anos, foi enterrado, neste s\u00e1bado, no cemit\u00e9rio cora\u00e7\u00e3o de Jesus, em Bonito de Santa F\u00e9, Sert\u00e3o da Para\u00edba. Mais de mil pessoas se reuniram, neste s\u00e1bado, para dar o \u00faltimo adeus o jogador Rafael, de 31 anos, no cemit\u00e9rio de Bonito de Santa F\u00e9. [&hellip;]<\/p>\n","protected":false},"author":1,"featured_media":4377,"comment_status":"open","ping_status":"open","sticky":false,"template":"","format":"standard","meta":{"_mi_skip_tracking":false,"_ti_tpc_template_sync":false,"_ti_tpc_template_id":"","_joinchat":[],"footnotes":""},"categories":[5,14,13,1,116,9,18,12,8],"tags":[],"class_list":["post-4376","post","type-post","status-publish","format-standard","has-post-thumbnail","hentry","category-brasil","category-cidades","category-cultural","category-uncategorized","category-editor-picks","category-esporte","category-mundo-brasil","category-paraiba","category-policial"],"_links":{"self":[{"href":"https:\/\/radar190.com.br\/index.php\/wp-json\/wp\/v2\/posts\/4376","targetHints":{"allow":["GET"]}}],"collection":[{"href":"https:\/\/radar190.com.br\/index.php\/wp-json\/wp\/v2\/posts"}],"about":[{"href":"https:\/\/radar190.com.br\/index.php\/wp-json\/wp\/v2\/types\/post"}],"author":[{"embeddable":true,"href":"https:\/\/radar190.com.br\/index.php\/wp-json\/wp\/v2\/users\/1"}],"replies":[{"embeddable":true,"href":"https:\/\/radar190.com.br\/index.php\/wp-json\/wp\/v2\/comments?post=4376"}],"version-history":[{"count":1,"href":"https:\/\/radar190.com.br\/index.php\/wp-json\/wp\/v2\/posts\/4376\/revisions"}],"predecessor-version":[{"id":4382,"href":"https:\/\/radar190.com.br\/index.php\/wp-json\/wp\/v2\/posts\/4376\/revisions\/4382"}],"wp:featuredmedia":[{"embeddable":true,"href":"https:\/\/radar190.com.br\/index.php\/wp-json\/wp\/v2\/media\/4377"}],"wp:attachment":[{"href":"https:\/\/radar190.com.br\/index.php\/wp-json\/wp\/v2\/media?parent=4376"}],"wp:term":[{"taxonomy":"category","embeddable":true,"href":"https:\/\/radar190.com.br\/index.php\/wp-json\/wp\/v2\/categories?post=4376"},{"taxonomy":"post_tag","embeddable":true,"href":"https:\/\/radar190.com.br\/index.php\/wp-json\/wp\/v2\/tags?post=4376"}],"curies":[{"name":"wp","href":"https:\/\/api.w.org\/{rel}","templated":true}]}}