{"id":4358,"date":"2025-04-10T15:52:57","date_gmt":"2025-04-10T18:52:57","guid":{"rendered":"https:\/\/radar190.com.br\/?p=4358"},"modified":"2025-04-10T15:53:14","modified_gmt":"2025-04-10T18:53:14","slug":"o-trabalho-nao-para-construcao-de-mais-uma-praca-em-frente-a-policlinica-segue-a-todo-vapor-em-monte-horebe","status":"publish","type":"post","link":"https:\/\/radar190.com.br\/index.php\/2025\/04\/10\/o-trabalho-nao-para-construcao-de-mais-uma-praca-em-frente-a-policlinica-segue-a-todo-vapor-em-monte-horebe\/","title":{"rendered":"O trabalho n\u00e3o para: constru\u00e7\u00e3o de mais uma pra\u00e7a em Frente A policl\u00ednica segue a todo vapor em Monte Horebe"},"content":{"rendered":"<div class='booster-block booster-read-block'>\n                <div class=\"twp-read-time\">\n                \t<i class=\"booster-icon twp-clock\"><\/i> <span>Read Time:<\/span>33 Second                <\/div>\n\n            <\/div>\n<p>\u201c\u201c A V\u00d3Z DO MUNIC\u00cdPIO JUNIOR DE DUD\u00c9 E JOS\u00c9 ALONSO \u201c\u201d<\/p>\n\n\n\n<figure class=\"wp-block-image size-large is-resized\"><img loading=\"lazy\" decoding=\"async\" width=\"1024\" height=\"768\" src=\"https:\/\/radar190.com.br\/wp-content\/uploads\/2025\/04\/image-4-1024x768.png\" alt=\"\" class=\"wp-image-4359\" style=\"width:425px;height:auto\" srcset=\"https:\/\/radar190.com.br\/wp-content\/uploads\/2025\/04\/image-4-1024x768.png 1024w, https:\/\/radar190.com.br\/wp-content\/uploads\/2025\/04\/image-4-300x225.png 300w, https:\/\/radar190.com.br\/wp-content\/uploads\/2025\/04\/image-4-768x576.png 768w, https:\/\/radar190.com.br\/wp-content\/uploads\/2025\/04\/image-4-1536x1152.png 1536w, https:\/\/radar190.com.br\/wp-content\/uploads\/2025\/04\/image-4.png 1600w\" sizes=\"auto, (max-width: 1024px) 100vw, 1024px\" \/><\/figure>\n\n\n\n<p>O Governo Municipal de Monte Horebe, atrav\u00e9s da Secretaria de Obras, Urbanismo, Infraestrutura e dos Servi\u00e7os P\u00fablicos, continua a todo vapor na constru\u00e7\u00e3o de mais uma pra\u00e7a ao lado da Policl\u00ednica.<\/p>\n\n\n\n<p>A obra est\u00e1 sendo realizada com recursos pr\u00f3prios do munic\u00edpio.<\/p>\n\n\n\n<p>Para a prefeita Milena Nogueira, a obra \u00e9 mais uma garantia de que a gest\u00e3o vai continuar com mesmo legado do ex-prefeito Marcos Eron, \u201cassumimos este munic\u00edpio que j\u00e1 vinha realizando um bel\u00edssimo trabalho. \u00c9 nosso compromisso manter o trabalho firme e a aten\u00e7\u00e3o n\u00e3o somente com a cidade, mas com todos os nossos horebense\u201d, ressaltou.<\/p>\n\n\n\n<p><\/p>\n        <div class=\"booster-block booster-reactions-block\">\n            <div class=\"twp-reactions-icons\">\n                \n                <div class=\"twp-reacts-wrap\">\n                    <a react-data=\"be-react-1\" post-id=\"4358\" class=\"be-face-icons un-reacted\" href=\"javascript:void(0)\">\n                        <img decoding=\"async\" src=\"https:\/\/radar190.com.br\/wp-content\/plugins\/booster-extension\/\/assets\/icon\/happy.svg\" alt=\"Happy\">\n                    <\/a>\n                    <div class=\"twp-reaction-title\">\n                        Happy                    <\/div>\n                    <div class=\"twp-count-percent\">\n                                                    <span style=\"display: none;\" class=\"twp-react-count\">0<\/span>\n                        \n                                                <span class=\"twp-react-percent\"><span>0<\/span> %<\/span>\n                                            <\/div>\n                <\/div>\n\n                <div class=\"twp-reacts-wrap\">\n                    <a react-data=\"be-react-2\" post-id=\"4358\" class=\"be-face-icons un-reacted\" href=\"javascript:void(0)\">\n                        <img decoding=\"async\" src=\"https:\/\/radar190.com.br\/wp-content\/plugins\/booster-extension\/\/assets\/icon\/sad.svg\" alt=\"Sad\">\n                    <\/a>\n                    <div class=\"twp-reaction-title\">\n                        Sad                    <\/div>\n                    <div class=\"twp-count-percent\">\n                                                    <span style=\"display: none;\" class=\"twp-react-count\">0<\/span>\n                                                                        <span class=\"twp-react-percent\"><span>0<\/span> %<\/span>\n                                            <\/div>\n                <\/div>\n\n                <div class=\"twp-reacts-wrap\">\n                    <a react-data=\"be-react-3\" post-id=\"4358\" class=\"be-face-icons un-reacted\" href=\"javascript:void(0)\">\n                        <img decoding=\"async\" src=\"https:\/\/radar190.com.br\/wp-content\/plugins\/booster-extension\/\/assets\/icon\/excited.svg\" alt=\"Excited\">\n                    <\/a>\n                    <div class=\"twp-reaction-title\">\n                        Excited                    <\/div>\n                    <div class=\"twp-count-percent\">\n                                                    <span style=\"display: none;\" class=\"twp-react-count\">0<\/span>\n                                                                        <span class=\"twp-react-percent\"><span>0<\/span> %<\/span>\n                                            <\/div>\n                <\/div>\n\n                <div class=\"twp-reacts-wrap\">\n                    <a react-data=\"be-react-6\" post-id=\"4358\" class=\"be-face-icons un-reacted\" href=\"javascript:void(0)\">\n                        <img decoding=\"async\" src=\"https:\/\/radar190.com.br\/wp-content\/plugins\/booster-extension\/\/assets\/icon\/sleepy.svg\" alt=\"Sleepy\">\n                    <\/a>\n                    <div class=\"twp-reaction-title\">\n                        Sleepy                    <\/div>\n                    <div class=\"twp-count-percent\">\n                                                    <span style=\"display: none;\" class=\"twp-react-count\">0<\/span>\n                        \n                                                <span class=\"twp-react-percent\"><span>0<\/span> %<\/span>\n                                            <\/div>\n                <\/div>\n\n                <div class=\"twp-reacts-wrap\">\n                    <a react-data=\"be-react-4\" post-id=\"4358\" class=\"be-face-icons un-reacted\" href=\"javascript:void(0)\">\n                        <img decoding=\"async\" src=\"https:\/\/radar190.com.br\/wp-content\/plugins\/booster-extension\/\/assets\/icon\/angry.svg\" alt=\"Angry\">\n                    <\/a>\n                    <div class=\"twp-reaction-title\">Angry<\/div>\n                    <div class=\"twp-count-percent\">\n                                                    <span style=\"display: none;\" class=\"twp-react-count\">0<\/span>\n                                                                        <span class=\"twp-react-percent\"><span>0<\/span> %<\/span>\n                        \n                    <\/div>\n                <\/div>\n\n                <div class=\"twp-reacts-wrap\">\n                    <a react-data=\"be-react-5\" post-id=\"4358\" class=\"be-face-icons un-reacted\" href=\"javascript:void(0)\">\n                        <img decoding=\"async\" src=\"https:\/\/radar190.com.br\/wp-content\/plugins\/booster-extension\/\/assets\/icon\/surprise.svg\" alt=\"Surprise\">\n                    <\/a>\n                    <div class=\"twp-reaction-title\">Surprise<\/div>\n                    <div class=\"twp-count-percent\">\n                                                    <span style=\"display: none;\" class=\"twp-react-count\">0<\/span>\n                                                                        <span class=\"twp-react-percent\"><span>0<\/span> %<\/span>\n                                            <\/div>\n                <\/div>\n\n            <\/div>\n        <\/div>\n\n    ","protected":false},"excerpt":{"rendered":"<p>\u201c\u201c A V\u00d3Z DO MUNIC\u00cdPIO JUNIOR DE DUD\u00c9 E JOS\u00c9 ALONSO \u201c\u201d O Governo Municipal de Monte Horebe, atrav\u00e9s da Secretaria de Obras, Urbanismo, Infraestrutura e dos Servi\u00e7os P\u00fablicos, continua a todo vapor na constru\u00e7\u00e3o de mais uma pra\u00e7a ao lado da Policl\u00ednica. A obra est\u00e1 sendo realizada com recursos [&hellip;]<\/p>\n","protected":false},"author":1,"featured_media":4359,"comment_status":"open","ping_status":"open","sticky":false,"template":"","format":"standard","meta":{"_mi_skip_tracking":false,"_ti_tpc_template_sync":false,"_ti_tpc_template_id":"","_joinchat":[],"footnotes":""},"categories":[5,14,13,1,9,18,12,8],"tags":[],"class_list":["post-4358","post","type-post","status-publish","format-standard","has-post-thumbnail","hentry","category-brasil","category-cidades","category-cultural","category-uncategorized","category-esporte","category-mundo-brasil","category-paraiba","category-policial"],"_links":{"self":[{"href":"https:\/\/radar190.com.br\/index.php\/wp-json\/wp\/v2\/posts\/4358","targetHints":{"allow":["GET"]}}],"collection":[{"href":"https:\/\/radar190.com.br\/index.php\/wp-json\/wp\/v2\/posts"}],"about":[{"href":"https:\/\/radar190.com.br\/index.php\/wp-json\/wp\/v2\/types\/post"}],"author":[{"embeddable":true,"href":"https:\/\/radar190.com.br\/index.php\/wp-json\/wp\/v2\/users\/1"}],"replies":[{"embeddable":true,"href":"https:\/\/radar190.com.br\/index.php\/wp-json\/wp\/v2\/comments?post=4358"}],"version-history":[{"count":1,"href":"https:\/\/radar190.com.br\/index.php\/wp-json\/wp\/v2\/posts\/4358\/revisions"}],"predecessor-version":[{"id":4360,"href":"https:\/\/radar190.com.br\/index.php\/wp-json\/wp\/v2\/posts\/4358\/revisions\/4360"}],"wp:featuredmedia":[{"embeddable":true,"href":"https:\/\/radar190.com.br\/index.php\/wp-json\/wp\/v2\/media\/4359"}],"wp:attachment":[{"href":"https:\/\/radar190.com.br\/index.php\/wp-json\/wp\/v2\/media?parent=4358"}],"wp:term":[{"taxonomy":"category","embeddable":true,"href":"https:\/\/radar190.com.br\/index.php\/wp-json\/wp\/v2\/categories?post=4358"},{"taxonomy":"post_tag","embeddable":true,"href":"https:\/\/radar190.com.br\/index.php\/wp-json\/wp\/v2\/tags?post=4358"}],"curies":[{"name":"wp","href":"https:\/\/api.w.org\/{rel}","templated":true}]}}