{"id":4308,"date":"2025-02-10T18:45:26","date_gmt":"2025-02-10T21:45:26","guid":{"rendered":"https:\/\/radar190.com.br\/?p=4308"},"modified":"2025-02-10T18:45:59","modified_gmt":"2025-02-10T21:45:59","slug":"jovens-violinistas-mostram-talento-ao-vivo-e-comprovam-sucesso-de-projeto-da-prefeitura-de-monte-horebe","status":"publish","type":"post","link":"https:\/\/radar190.com.br\/index.php\/2025\/02\/10\/jovens-violinistas-mostram-talento-ao-vivo-e-comprovam-sucesso-de-projeto-da-prefeitura-de-monte-horebe\/","title":{"rendered":"Jovens violinistas mostram talento ao vivo e comprovam sucesso de projeto da prefeitura de Monte Horebe"},"content":{"rendered":"<div class='booster-block booster-read-block'>\n                <div class=\"twp-read-time\">\n                \t<i class=\"booster-icon twp-clock\"><\/i> <span>Read Time:<\/span>2 Minute, 56 Second                <\/div>\n\n            <\/div>\n<p>O programa Olho Vivo recebeu alunos da orquestra Acordes do Monte, que \u00e9 formada por crian\u00e7as e adolescentes do Servi\u00e7o de Conviv\u00eancia e Fortalecimentos de V\u00ednculos (SCVF), ligado \u00e0 Secretaria de A\u00e7\u00e3o Social<\/p>\n\n\n\n<figure class=\"wp-block-image size-full is-resized\"><img loading=\"lazy\" decoding=\"async\" width=\"812\" height=\"502\" src=\"https:\/\/radar190.com.br\/wp-content\/uploads\/2025\/02\/image-4.png\" alt=\"\" class=\"wp-image-4310\" style=\"width:621px;height:auto\" srcset=\"https:\/\/radar190.com.br\/wp-content\/uploads\/2025\/02\/image-4.png 812w, https:\/\/radar190.com.br\/wp-content\/uploads\/2025\/02\/image-4-300x185.png 300w, https:\/\/radar190.com.br\/wp-content\/uploads\/2025\/02\/image-4-768x475.png 768w\" sizes=\"auto, (max-width: 812px) 100vw, 812px\" \/><\/figure>\n\n\n\n<p>O programa Olho Vivo da Rede\u00a0<a href=\"https:\/\/www.diariodosertao.com.br\/\">Di\u00e1rio do Sert\u00e3o<\/a>\u00a0desta sexta-feira (7), gerado especialmente da cidade de Monte Horebe, no Sert\u00e3o paraibano, recebeu alunos da orquestra Acordes do Monte, que \u00e9 formada por crian\u00e7as e adolescentes do Servi\u00e7o de Conviv\u00eancia e Fortalecimentos de V\u00ednculos (SCVF), ligado \u00e0 Secretaria de A\u00e7\u00e3o Social.<\/p>\n\n\n\n<p>O grupo de violinistas \u00e9 resultado de uma das oficinas que t\u00eam suporte com assist\u00eancia psicossocial, lanche de qualidade e material necess\u00e1rio para execu\u00e7\u00e3o dessa pol\u00edtica p\u00fablica voltada para crian\u00e7as e adolescentes. Durante o programa, os jovens executaram \u201cAssum Preto\u201d, de Luiz Gonzaga, \u201cFeira de Mangaio\u201d, de Clara Nunes, e \u201cEu s\u00f3 quero um xod\u00f3\u201d, de Dominguinhos, tr\u00eas cl\u00e1ssicos da m\u00fasica nordestina.<\/p>\n\n\n\n<p>O aluno Iarley, de 12 anos, j\u00e1 toca violino h\u00e1 cerca de sete anos e tamb\u00e9m \u00e9 medalhista de ouro na Olimp\u00edada do Tesouro Direto de Educa\u00e7\u00e3o Financeira (OLITEF). Ele disse destacou seu sentimento em fazer parte desse projeto e receber a premia\u00e7\u00e3o. \u201cEu acho incr\u00edvel. Quando eu comecei, estava meio perdido, mas depois eu desenrolei e comecei a gostar muito. Treinava praticamente o dia todo. E ganhar a medalha foi algo incr\u00edvel. Inclusive, quero desejar parab\u00e9ns para todos os meus colegas. Arrasaram\u201d.<\/p>\n\n\n\n<figure class=\"wp-block-image size-full is-resized\"><img loading=\"lazy\" decoding=\"async\" width=\"841\" height=\"502\" src=\"https:\/\/radar190.com.br\/wp-content\/uploads\/2025\/02\/image-3.png\" alt=\"\" class=\"wp-image-4309\" style=\"width:544px;height:auto\" srcset=\"https:\/\/radar190.com.br\/wp-content\/uploads\/2025\/02\/image-3.png 841w, https:\/\/radar190.com.br\/wp-content\/uploads\/2025\/02\/image-3-300x179.png 300w, https:\/\/radar190.com.br\/wp-content\/uploads\/2025\/02\/image-3-768x458.png 768w\" sizes=\"auto, (max-width: 841px) 100vw, 841px\" \/><\/figure>\n\n\n\n<p>J\u00e1 Mabely Sofia, de 13 anos, que tamb\u00e9m foi medalha de ouro na OLITEF e toca violino h\u00e1 cerca de cinco anos, falou da grandiosidade desse projeto para seu e futuro tamb\u00e9m sobre a premia\u00e7\u00e3o. \u201cEu acho um projeto muito importante, que nos ajuda bastante em diversas \u00e1reas da nossa vida. Sobre a medalha de ouro, foi uma experi\u00eancia incr\u00edvel, a gente nunca espera. Eu amei muito essa experi\u00eancia, e o violino me ajudou muito, melhorou muito meu racioc\u00ednio l\u00f3gico, minha coordena\u00e7\u00e3o motora, e isso fez muita diferen\u00e7a para esse resultado\u201d.<\/p>\n\n\n\n<p>O ex-prefeito Marcos Eron (MDB) enalteceu o projeto, dizendo da import\u00e2ncia dele para as crian\u00e7as que participam. \u201cPara a gente, \u00e9 uma alegria muito grande saber que Monte Horebe est\u00e1 caminhando no rumo certo, onde n\u00f3s teremos, com certeza, um futuro promissor para todas essas crian\u00e7as, jovens e adolescentes. Monte Horebe tem esse projeto, que \u00e9 a Cidade Educadora, desde de 2017. Daquele ano a 2020 e de 2020 a 2024, ganhamos duas certifica\u00e7\u00f5es pelo selo UNICEF. Fomos contemplados com o selo ouro na alfabetiza\u00e7\u00e3o. Estaremos em Bras\u00edlia juntamente com a prefeita Milena Nogueira [MDB] para receber essa importante comenda que representa as a\u00e7\u00f5es desenvolvidas na educa\u00e7\u00e3o\u201d, destacou o ex-gestor.<\/p>\n\n\n\n<p>A atual prefeita Milena Nogueira enalteceu a administra\u00e7\u00e3o anterior do seu tio, Marcos Eron. \u201cEstamos aqui para mostrar um pouco de tudo que est\u00e1 sendo feito ao longo do nosso segundo m\u00eas de gest\u00e3o, e de tudo que j\u00e1 ocorreu ao longo da gest\u00e3o de Marcos Eron\u201d, disse a prefeita.<\/p>\n\n\n\n<p>Na semana passada, Monte Horebe recebeu uma equipe do IBS (Instituto Brasil Solid\u00e1rio), que \u00e9 reconhecido em n\u00edvel internacional por suas pol\u00edticas p\u00fablicas educacionais em v\u00e1rias cidades do Brasil e em outros pa\u00edses. Eles trouxeram para Horebe experi\u00eancias exitosas, como a implanta\u00e7\u00e3o de uma biblioteca.<\/p>\n\n\n\n<p>Leandro Fausto, que \u00e9 o maestro do projeto Acordes do Monte, falou da satisfa\u00e7\u00e3o de presenciar o sucesso dos envolvidos. \u201cA m\u00fasica vai al\u00e9m de uma nota musical. Tantas crian\u00e7as que sa\u00edram daqui para o IFPB [Instituto Federal da Para\u00edba] ou UFCG [Universidade Federal de Campina Grande]. A gente v\u00ea que o resultado est\u00e1 sendo amplo\u201d.<\/p>\n\n\n\n<p><a href=\"https:\/\/www.diariodosertao.com.br\/\">DI\u00c1RIO DO SERT\u00c3O<\/a><\/p>\n        <div class=\"booster-block booster-reactions-block\">\n            <div class=\"twp-reactions-icons\">\n                \n                <div class=\"twp-reacts-wrap\">\n                    <a react-data=\"be-react-1\" post-id=\"4308\" class=\"be-face-icons un-reacted\" href=\"javascript:void(0)\">\n                        <img decoding=\"async\" src=\"https:\/\/radar190.com.br\/wp-content\/plugins\/booster-extension\/\/assets\/icon\/happy.svg\" alt=\"Happy\">\n                    <\/a>\n                    <div class=\"twp-reaction-title\">\n                        Happy                    <\/div>\n                    <div class=\"twp-count-percent\">\n                                                    <span style=\"display: none;\" class=\"twp-react-count\">0<\/span>\n                        \n                                                <span class=\"twp-react-percent\"><span>0<\/span> %<\/span>\n                                            <\/div>\n                <\/div>\n\n                <div class=\"twp-reacts-wrap\">\n                    <a react-data=\"be-react-2\" post-id=\"4308\" class=\"be-face-icons un-reacted\" href=\"javascript:void(0)\">\n                        <img decoding=\"async\" src=\"https:\/\/radar190.com.br\/wp-content\/plugins\/booster-extension\/\/assets\/icon\/sad.svg\" alt=\"Sad\">\n                    <\/a>\n                    <div class=\"twp-reaction-title\">\n                        Sad                    <\/div>\n                    <div class=\"twp-count-percent\">\n                                                    <span style=\"display: none;\" class=\"twp-react-count\">0<\/span>\n                                                                        <span class=\"twp-react-percent\"><span>0<\/span> %<\/span>\n                                            <\/div>\n                <\/div>\n\n                <div class=\"twp-reacts-wrap\">\n                    <a react-data=\"be-react-3\" post-id=\"4308\" class=\"be-face-icons un-reacted\" href=\"javascript:void(0)\">\n                        <img decoding=\"async\" src=\"https:\/\/radar190.com.br\/wp-content\/plugins\/booster-extension\/\/assets\/icon\/excited.svg\" alt=\"Excited\">\n                    <\/a>\n                    <div class=\"twp-reaction-title\">\n                        Excited                    <\/div>\n                    <div class=\"twp-count-percent\">\n                                                    <span style=\"display: none;\" class=\"twp-react-count\">0<\/span>\n                                                                        <span class=\"twp-react-percent\"><span>0<\/span> %<\/span>\n                                            <\/div>\n                <\/div>\n\n                <div class=\"twp-reacts-wrap\">\n                    <a react-data=\"be-react-6\" post-id=\"4308\" class=\"be-face-icons un-reacted\" href=\"javascript:void(0)\">\n                        <img decoding=\"async\" src=\"https:\/\/radar190.com.br\/wp-content\/plugins\/booster-extension\/\/assets\/icon\/sleepy.svg\" alt=\"Sleepy\">\n                    <\/a>\n                    <div class=\"twp-reaction-title\">\n                        Sleepy                    <\/div>\n                    <div class=\"twp-count-percent\">\n                                                    <span style=\"display: none;\" class=\"twp-react-count\">0<\/span>\n                        \n                                                <span class=\"twp-react-percent\"><span>0<\/span> %<\/span>\n                                            <\/div>\n                <\/div>\n\n                <div class=\"twp-reacts-wrap\">\n                    <a react-data=\"be-react-4\" post-id=\"4308\" class=\"be-face-icons un-reacted\" href=\"javascript:void(0)\">\n                        <img decoding=\"async\" src=\"https:\/\/radar190.com.br\/wp-content\/plugins\/booster-extension\/\/assets\/icon\/angry.svg\" alt=\"Angry\">\n                    <\/a>\n                    <div class=\"twp-reaction-title\">Angry<\/div>\n                    <div class=\"twp-count-percent\">\n                                                    <span style=\"display: none;\" class=\"twp-react-count\">0<\/span>\n                                                                        <span class=\"twp-react-percent\"><span>0<\/span> %<\/span>\n                        \n                    <\/div>\n                <\/div>\n\n                <div class=\"twp-reacts-wrap\">\n                    <a react-data=\"be-react-5\" post-id=\"4308\" class=\"be-face-icons un-reacted\" href=\"javascript:void(0)\">\n                        <img decoding=\"async\" src=\"https:\/\/radar190.com.br\/wp-content\/plugins\/booster-extension\/\/assets\/icon\/surprise.svg\" alt=\"Surprise\">\n                    <\/a>\n                    <div class=\"twp-reaction-title\">Surprise<\/div>\n                    <div class=\"twp-count-percent\">\n                                                    <span style=\"display: none;\" class=\"twp-react-count\">0<\/span>\n                                                                        <span class=\"twp-react-percent\"><span>0<\/span> %<\/span>\n                                            <\/div>\n                <\/div>\n\n            <\/div>\n        <\/div>\n\n    ","protected":false},"excerpt":{"rendered":"<p>O programa Olho Vivo recebeu alunos da orquestra Acordes do Monte, que \u00e9 formada por crian\u00e7as e adolescentes do Servi\u00e7o de Conviv\u00eancia e Fortalecimentos de V\u00ednculos (SCVF), ligado \u00e0 Secretaria de A\u00e7\u00e3o Social O programa Olho Vivo da Rede\u00a0Di\u00e1rio do Sert\u00e3o\u00a0desta sexta-feira (7), gerado especialmente da cidade de Monte Horebe, [&hellip;]<\/p>\n","protected":false},"author":1,"featured_media":4310,"comment_status":"open","ping_status":"open","sticky":false,"template":"","format":"standard","meta":{"_mi_skip_tracking":false,"_ti_tpc_template_sync":false,"_ti_tpc_template_id":"","_joinchat":[],"footnotes":""},"categories":[5,14,13,1,9,18,12,8],"tags":[],"class_list":["post-4308","post","type-post","status-publish","format-standard","has-post-thumbnail","hentry","category-brasil","category-cidades","category-cultural","category-uncategorized","category-esporte","category-mundo-brasil","category-paraiba","category-policial"],"_links":{"self":[{"href":"https:\/\/radar190.com.br\/index.php\/wp-json\/wp\/v2\/posts\/4308","targetHints":{"allow":["GET"]}}],"collection":[{"href":"https:\/\/radar190.com.br\/index.php\/wp-json\/wp\/v2\/posts"}],"about":[{"href":"https:\/\/radar190.com.br\/index.php\/wp-json\/wp\/v2\/types\/post"}],"author":[{"embeddable":true,"href":"https:\/\/radar190.com.br\/index.php\/wp-json\/wp\/v2\/users\/1"}],"replies":[{"embeddable":true,"href":"https:\/\/radar190.com.br\/index.php\/wp-json\/wp\/v2\/comments?post=4308"}],"version-history":[{"count":1,"href":"https:\/\/radar190.com.br\/index.php\/wp-json\/wp\/v2\/posts\/4308\/revisions"}],"predecessor-version":[{"id":4311,"href":"https:\/\/radar190.com.br\/index.php\/wp-json\/wp\/v2\/posts\/4308\/revisions\/4311"}],"wp:featuredmedia":[{"embeddable":true,"href":"https:\/\/radar190.com.br\/index.php\/wp-json\/wp\/v2\/media\/4310"}],"wp:attachment":[{"href":"https:\/\/radar190.com.br\/index.php\/wp-json\/wp\/v2\/media?parent=4308"}],"wp:term":[{"taxonomy":"category","embeddable":true,"href":"https:\/\/radar190.com.br\/index.php\/wp-json\/wp\/v2\/categories?post=4308"},{"taxonomy":"post_tag","embeddable":true,"href":"https:\/\/radar190.com.br\/index.php\/wp-json\/wp\/v2\/tags?post=4308"}],"curies":[{"name":"wp","href":"https:\/\/api.w.org\/{rel}","templated":true}]}}