{"id":4302,"date":"2025-02-10T18:35:50","date_gmt":"2025-02-10T21:35:50","guid":{"rendered":"https:\/\/radar190.com.br\/?p=4302"},"modified":"2025-02-10T18:36:23","modified_gmt":"2025-02-10T21:36:23","slug":"advogado-assume-assessoria-juridica-da-camara-municipal-de-monte-horebe-pb-com-foco-em-transparencia-e-eficiencia","status":"publish","type":"post","link":"https:\/\/radar190.com.br\/index.php\/2025\/02\/10\/advogado-assume-assessoria-juridica-da-camara-municipal-de-monte-horebe-pb-com-foco-em-transparencia-e-eficiencia\/","title":{"rendered":"Advogado assume assessoria jur\u00eddica da C\u00e2mara Municipal\u00a0de Monte Horebe \u2013 PB\u00a0com foco em transpar\u00eancia e efici\u00eancia."},"content":{"rendered":"<div class='booster-block booster-read-block'>\n                <div class=\"twp-read-time\">\n                \t<i class=\"booster-icon twp-clock\"><\/i> <span>Read Time:<\/span>1 Minute, 45 Second                <\/div>\n\n            <\/div>\n<p>O advogado&nbsp;Dr. Jo\u00e3o Manoel, assumiu recentemente o cargo de assessor jur\u00eddico da C\u00e2mara Municipal de&nbsp;Monte Horebe \u2013 PB. Com um curr\u00edculo que inclui passagens por renomados escrit\u00f3rios de advocacia e \u00f3rg\u00e3os p\u00fablicos,&nbsp;Jo\u00e3o Manoel&nbsp;chega ao legislativo municipal com a miss\u00e3o de fortalecer a legalidade dos atos administrativos e garantir maior transpar\u00eancia nos processos legislativos.<\/p>\n\n\n\n<p>Formado pela&nbsp;Faculdade Cat\u00f3lica da Para\u00edba&nbsp;e p\u00f3s-graduando em Direito&nbsp;Previdenci\u00e1rio e do Trabalho, o novo assessor jur\u00eddico destacou que sua prioridade ser\u00e1 assegurar que todas as decis\u00f5es e projetos da C\u00e2mara estejam em conformidade com a legisla\u00e7\u00e3o vigente. \u201cA fun\u00e7\u00e3o do assessor jur\u00eddico \u00e9 ser um guardi\u00e3o da legalidade, garantindo que os atos da Casa estejam alinhados com o ordenamento jur\u00eddico e com os interesses da popula\u00e7\u00e3o\u201d, afirmou&nbsp;Dr. Jo\u00e3o Manoel.<\/p>\n\n\n\n<p>Entre os desafios imediatos, ele citou a moderniza\u00e7\u00e3o dos processos internos, com a implementa\u00e7\u00e3o de ferramentas digitais para agilizar a tramita\u00e7\u00e3o de projetos e a consulta a documentos p\u00fablicos. \u201cA tecnologia \u00e9 uma grande aliada para aumentar a efici\u00eancia e a transpar\u00eancia. Queremos que os cidad\u00e3os tenham acesso f\u00e1cil \u00e0s informa\u00e7\u00f5es e possam acompanhar de perto o trabalho dos vereadores\u201d, explicou.<\/p>\n\n\n\n<p>O presidente da C\u00e2mara Municipal,&nbsp;J\u00fanior Guarita, ressaltou a import\u00e2ncia da nomea\u00e7\u00e3o de um profissional qualificado para o cargo. \u201cDr. Jo\u00e3o Manoel&nbsp;traz consigo n\u00e3o apenas um conhecimento t\u00e9cnico impec\u00e1vel, mas tamb\u00e9m uma vis\u00e3o estrat\u00e9gica que ser\u00e1 fundamental para o bom funcionamento da Casa. Estamos confiantes de que ele contribuir\u00e1 significativamente para o fortalecimento da nossa institui\u00e7\u00e3o.\u201d<\/p>\n\n\n\n<p>Al\u00e9m de assessorar os vereadores e a Mesa Diretora em quest\u00f5es jur\u00eddicas,&nbsp;Dr. Jo\u00e3o Manoel&nbsp;tamb\u00e9m ser\u00e1 respons\u00e1vel por elaborar pareceres, revisar projetos de lei e atuar na defesa dos interesses da C\u00e2mara em eventuais disputas judiciais. Para ele, a fun\u00e7\u00e3o exige um equil\u00edbrio entre o rigor t\u00e9cnico e a sensibilidade para compreender as demandas da sociedade. \u201cO Direito n\u00e3o pode ser dissociado da realidade social. Nosso trabalho \u00e9 garantir que as leis atendam ao interesse p\u00fablico e promovam o bem-estar da popula\u00e7\u00e3o\u201d, concluiu.<\/p>\n\n\n\n<figure class=\"wp-block-image size-full is-resized\"><img loading=\"lazy\" decoding=\"async\" width=\"768\" height=\"1024\" src=\"https:\/\/radar190.com.br\/wp-content\/uploads\/2025\/02\/image-1.png\" alt=\"\" class=\"wp-image-4303\" style=\"width:323px;height:auto\" srcset=\"https:\/\/radar190.com.br\/wp-content\/uploads\/2025\/02\/image-1.png 768w, https:\/\/radar190.com.br\/wp-content\/uploads\/2025\/02\/image-1-225x300.png 225w\" sizes=\"auto, (max-width: 768px) 100vw, 768px\" \/><\/figure>\n\n\n\n<p>Blog do Silvano Dias<\/p>\n        <div class=\"booster-block booster-reactions-block\">\n            <div class=\"twp-reactions-icons\">\n                \n                <div class=\"twp-reacts-wrap\">\n                    <a react-data=\"be-react-1\" post-id=\"4302\" class=\"be-face-icons un-reacted\" href=\"javascript:void(0)\">\n                        <img decoding=\"async\" src=\"https:\/\/radar190.com.br\/wp-content\/plugins\/booster-extension\/\/assets\/icon\/happy.svg\" alt=\"Happy\">\n                    <\/a>\n                    <div class=\"twp-reaction-title\">\n                        Happy                    <\/div>\n                    <div class=\"twp-count-percent\">\n                                                    <span style=\"display: none;\" class=\"twp-react-count\">0<\/span>\n                        \n                                                <span class=\"twp-react-percent\"><span>0<\/span> %<\/span>\n                                            <\/div>\n                <\/div>\n\n                <div class=\"twp-reacts-wrap\">\n                    <a react-data=\"be-react-2\" post-id=\"4302\" class=\"be-face-icons un-reacted\" href=\"javascript:void(0)\">\n                        <img decoding=\"async\" src=\"https:\/\/radar190.com.br\/wp-content\/plugins\/booster-extension\/\/assets\/icon\/sad.svg\" alt=\"Sad\">\n                    <\/a>\n                    <div class=\"twp-reaction-title\">\n                        Sad                    <\/div>\n                    <div class=\"twp-count-percent\">\n                                                    <span style=\"display: none;\" class=\"twp-react-count\">0<\/span>\n                                                                        <span class=\"twp-react-percent\"><span>0<\/span> %<\/span>\n                                            <\/div>\n                <\/div>\n\n                <div class=\"twp-reacts-wrap\">\n                    <a react-data=\"be-react-3\" post-id=\"4302\" class=\"be-face-icons un-reacted\" href=\"javascript:void(0)\">\n                        <img decoding=\"async\" src=\"https:\/\/radar190.com.br\/wp-content\/plugins\/booster-extension\/\/assets\/icon\/excited.svg\" alt=\"Excited\">\n                    <\/a>\n                    <div class=\"twp-reaction-title\">\n                        Excited                    <\/div>\n                    <div class=\"twp-count-percent\">\n                                                    <span style=\"display: none;\" class=\"twp-react-count\">0<\/span>\n                                                                        <span class=\"twp-react-percent\"><span>0<\/span> %<\/span>\n                                            <\/div>\n                <\/div>\n\n                <div class=\"twp-reacts-wrap\">\n                    <a react-data=\"be-react-6\" post-id=\"4302\" class=\"be-face-icons un-reacted\" href=\"javascript:void(0)\">\n                        <img decoding=\"async\" src=\"https:\/\/radar190.com.br\/wp-content\/plugins\/booster-extension\/\/assets\/icon\/sleepy.svg\" alt=\"Sleepy\">\n                    <\/a>\n                    <div class=\"twp-reaction-title\">\n                        Sleepy                    <\/div>\n                    <div class=\"twp-count-percent\">\n                                                    <span style=\"display: none;\" class=\"twp-react-count\">0<\/span>\n                        \n                                                <span class=\"twp-react-percent\"><span>0<\/span> %<\/span>\n                                            <\/div>\n                <\/div>\n\n                <div class=\"twp-reacts-wrap\">\n                    <a react-data=\"be-react-4\" post-id=\"4302\" class=\"be-face-icons un-reacted\" href=\"javascript:void(0)\">\n                        <img decoding=\"async\" src=\"https:\/\/radar190.com.br\/wp-content\/plugins\/booster-extension\/\/assets\/icon\/angry.svg\" alt=\"Angry\">\n                    <\/a>\n                    <div class=\"twp-reaction-title\">Angry<\/div>\n                    <div class=\"twp-count-percent\">\n                                                    <span style=\"display: none;\" class=\"twp-react-count\">0<\/span>\n                                                                        <span class=\"twp-react-percent\"><span>0<\/span> %<\/span>\n                        \n                    <\/div>\n                <\/div>\n\n                <div class=\"twp-reacts-wrap\">\n                    <a react-data=\"be-react-5\" post-id=\"4302\" class=\"be-face-icons un-reacted\" href=\"javascript:void(0)\">\n                        <img decoding=\"async\" src=\"https:\/\/radar190.com.br\/wp-content\/plugins\/booster-extension\/\/assets\/icon\/surprise.svg\" alt=\"Surprise\">\n                    <\/a>\n                    <div class=\"twp-reaction-title\">Surprise<\/div>\n                    <div class=\"twp-count-percent\">\n                                                    <span style=\"display: none;\" class=\"twp-react-count\">0<\/span>\n                                                                        <span class=\"twp-react-percent\"><span>0<\/span> %<\/span>\n                                            <\/div>\n                <\/div>\n\n            <\/div>\n        <\/div>\n\n    ","protected":false},"excerpt":{"rendered":"<p>O advogado&nbsp;Dr. Jo\u00e3o Manoel, assumiu recentemente o cargo de assessor jur\u00eddico da C\u00e2mara Municipal de&nbsp;Monte Horebe \u2013 PB. Com um curr\u00edculo que inclui passagens por renomados escrit\u00f3rios de advocacia e \u00f3rg\u00e3os p\u00fablicos,&nbsp;Jo\u00e3o Manoel&nbsp;chega ao legislativo municipal com a miss\u00e3o de fortalecer a legalidade dos atos administrativos e garantir maior transpar\u00eancia [&hellip;]<\/p>\n","protected":false},"author":1,"featured_media":4303,"comment_status":"open","ping_status":"open","sticky":false,"template":"","format":"standard","meta":{"_mi_skip_tracking":false,"_ti_tpc_template_sync":false,"_ti_tpc_template_id":"","_joinchat":[],"footnotes":""},"categories":[5,14,13,1,9,18,12,8],"tags":[],"class_list":["post-4302","post","type-post","status-publish","format-standard","has-post-thumbnail","hentry","category-brasil","category-cidades","category-cultural","category-uncategorized","category-esporte","category-mundo-brasil","category-paraiba","category-policial"],"_links":{"self":[{"href":"https:\/\/radar190.com.br\/index.php\/wp-json\/wp\/v2\/posts\/4302","targetHints":{"allow":["GET"]}}],"collection":[{"href":"https:\/\/radar190.com.br\/index.php\/wp-json\/wp\/v2\/posts"}],"about":[{"href":"https:\/\/radar190.com.br\/index.php\/wp-json\/wp\/v2\/types\/post"}],"author":[{"embeddable":true,"href":"https:\/\/radar190.com.br\/index.php\/wp-json\/wp\/v2\/users\/1"}],"replies":[{"embeddable":true,"href":"https:\/\/radar190.com.br\/index.php\/wp-json\/wp\/v2\/comments?post=4302"}],"version-history":[{"count":1,"href":"https:\/\/radar190.com.br\/index.php\/wp-json\/wp\/v2\/posts\/4302\/revisions"}],"predecessor-version":[{"id":4304,"href":"https:\/\/radar190.com.br\/index.php\/wp-json\/wp\/v2\/posts\/4302\/revisions\/4304"}],"wp:featuredmedia":[{"embeddable":true,"href":"https:\/\/radar190.com.br\/index.php\/wp-json\/wp\/v2\/media\/4303"}],"wp:attachment":[{"href":"https:\/\/radar190.com.br\/index.php\/wp-json\/wp\/v2\/media?parent=4302"}],"wp:term":[{"taxonomy":"category","embeddable":true,"href":"https:\/\/radar190.com.br\/index.php\/wp-json\/wp\/v2\/categories?post=4302"},{"taxonomy":"post_tag","embeddable":true,"href":"https:\/\/radar190.com.br\/index.php\/wp-json\/wp\/v2\/tags?post=4302"}],"curies":[{"name":"wp","href":"https:\/\/api.w.org\/{rel}","templated":true}]}}