{"id":4295,"date":"2025-02-03T09:16:05","date_gmt":"2025-02-03T12:16:05","guid":{"rendered":"https:\/\/radar190.com.br\/?p=4295"},"modified":"2025-02-03T09:18:25","modified_gmt":"2025-02-03T12:18:25","slug":"monte-horebe-prefeita-milena-nogueira-e-ex-prefeito-marcos-eron-parabenizam-hugo-motta-pela-eleicao-a-presidencia-da-camara-dos-deputados","status":"publish","type":"post","link":"https:\/\/radar190.com.br\/index.php\/2025\/02\/03\/monte-horebe-prefeita-milena-nogueira-e-ex-prefeito-marcos-eron-parabenizam-hugo-motta-pela-eleicao-a-presidencia-da-camara-dos-deputados\/","title":{"rendered":"Monte Horebe: Prefeita Milena Nogueira e ex-prefeito Marcos Eron parabenizam Hugo Motta pela Elei\u00e7\u00e3o \u00e0 Presid\u00eancia da C\u00e2mara dos Deputados"},"content":{"rendered":"<div class='booster-block booster-read-block'>\n                <div class=\"twp-read-time\">\n                \t<i class=\"booster-icon twp-clock\"><\/i> <span>Read Time:<\/span>2 Minute, 10 Second                <\/div>\n\n            <\/div>\n<p>A elei\u00e7\u00e3o de Hugo Motta \u00e0 presid\u00eancia da C\u00e2mara \u00e9 vista como um fortalecimento da representatividade da Para\u00edba no cen\u00e1rio pol\u00edtico nacional, consolidando ainda mais a import\u00e2ncia da regi\u00e3o nas grandes decis\u00f5es do pa\u00eds.<\/p>\n\n\n\n<p>A elei\u00e7\u00e3o do deputado federal paraibano Hugo Motta \u00e0 Presid\u00eancia da C\u00e2mara dos Deputados, realizada neste s\u00e1bado (1) em Bras\u00edlia, foi um marco hist\u00f3rico para a pol\u00edtica da Para\u00edba, e gerou expressivos cumprimentos e parabeniza\u00e7\u00f5es de l\u00edderes pol\u00edticos do estado. Entre os destaques est\u00e3o as declara\u00e7\u00f5es da prefeita de Monte Horebe, Milena Nogueira, e do ex-prefeito Marcos Eron, que manifestaram confian\u00e7a e apoio \u00e0 nova lideran\u00e7a do parlamentar.<\/p>\n\n\n\n<p><strong>Milena Nogueira: \u201cO Brasil vai continuar nos trilhos certos\u201d<\/strong><\/p>\n\n\n\n<p>Em sua mensagem de parabeniza\u00e7\u00e3o, a prefeita Milena Nogueira destacou a import\u00e2ncia do compromisso de Hugo Motta com os princ\u00edpios da transpar\u00eancia, da justi\u00e7a e da democracia. Segundo ela, a elei\u00e7\u00e3o de Hugo Motta representa um momento significativo para o Brasil e para a Para\u00edba. \u201cN\u00e3o tenho d\u00favidas do compromisso de Hugo Motta com os valores que tanto precisamos em nossa pol\u00edtica. Ele tem a integridade e a vis\u00e3o necess\u00e1rias para seguir conduzindo o pa\u00eds pelo caminho certo. O Brasil vai continuar nos trilhos certos!\u201d, afirmou Milena.<\/p>\n\n\n\n<p>A prefeita de Monte Horebe tamb\u00e9m enfatizou a relev\u00e2ncia do momento hist\u00f3rico para a regi\u00e3o e a confian\u00e7a no trabalho que Hugo Motta realizar\u00e1 \u00e0 frente da C\u00e2mara dos Deputados, com foco no fortalecimento da democracia e no avan\u00e7o dos direitos da popula\u00e7\u00e3o.<\/p>\n\n\n\n<p><strong>Marcos Eron: \u201cUma grande vit\u00f3ria para a Para\u00edba e o Brasil\u201d<\/strong><\/p>\n\n\n\n<p>Por sua vez, o ex-prefeito Marcos Eron tamb\u00e9m fez quest\u00e3o de parabenizar Hugo Motta pela elei\u00e7\u00e3o, destacando a import\u00e2ncia de sua vit\u00f3ria para a Para\u00edba e para o Brasil. \u201cEsta \u00e9 uma grande vit\u00f3ria para nossa Para\u00edba e para o Brasil. O deputado Hugo Motta, com sua compet\u00eancia e compromisso, certamente far\u00e1 um excelente trabalho \u00e0 frente da C\u00e2mara dos Deputados. Ele tem todas as condi\u00e7\u00f5es de promover os avan\u00e7os que nossa sociedade tanto precisa, al\u00e9m de garantir os direitos constitucionais e promover melhorias nas rela\u00e7\u00f5es econ\u00f4micas e sociais do nosso pa\u00eds\u201d, afirmou Eron.<\/p>\n\n\n\n<p>A elei\u00e7\u00e3o de Hugo Motta \u00e0 presid\u00eancia da C\u00e2mara \u00e9 vista como um fortalecimento da representatividade da Para\u00edba no cen\u00e1rio pol\u00edtico nacional, consolidando ainda mais a import\u00e2ncia da regi\u00e3o nas grandes decis\u00f5es do pa\u00eds.<\/p>\n\n\n\n<figure class=\"wp-block-image size-full\"><img loading=\"lazy\" decoding=\"async\" width=\"404\" height=\"386\" src=\"https:\/\/radar190.com.br\/wp-content\/uploads\/2025\/02\/milena-e-marcos.jpg\" alt=\"\" class=\"wp-image-4296\" srcset=\"https:\/\/radar190.com.br\/wp-content\/uploads\/2025\/02\/milena-e-marcos.jpg 404w, https:\/\/radar190.com.br\/wp-content\/uploads\/2025\/02\/milena-e-marcos-300x287.jpg 300w\" sizes=\"auto, (max-width: 404px) 100vw, 404px\" \/><\/figure>\n\n\n\n<p>Com o apoio de l\u00edderes locais como Milena Nogueira e Marcos Eron, a ascens\u00e3o de Hugo Motta \u00e0 presid\u00eancia da C\u00e2mara dos Deputados \u00e9 celebrada como um passo importante para o futuro pol\u00edtico da Para\u00edba e do Brasil, com promessas de trabalho s\u00f3lido e resultados positivos para toda a na\u00e7\u00e3o.<\/p>\n\n\n\n<p><em><strong>Fonte: F\u00e1bioKamoto<\/strong><\/em><\/p>\n        <div class=\"booster-block booster-reactions-block\">\n            <div class=\"twp-reactions-icons\">\n                \n                <div class=\"twp-reacts-wrap\">\n                    <a react-data=\"be-react-1\" post-id=\"4295\" class=\"be-face-icons un-reacted\" href=\"javascript:void(0)\">\n                        <img decoding=\"async\" src=\"https:\/\/radar190.com.br\/wp-content\/plugins\/booster-extension\/\/assets\/icon\/happy.svg\" alt=\"Happy\">\n                    <\/a>\n                    <div class=\"twp-reaction-title\">\n                        Happy                    <\/div>\n                    <div class=\"twp-count-percent\">\n                                                    <span style=\"display: none;\" class=\"twp-react-count\">0<\/span>\n                        \n                                                <span class=\"twp-react-percent\"><span>0<\/span> %<\/span>\n                                            <\/div>\n                <\/div>\n\n                <div class=\"twp-reacts-wrap\">\n                    <a react-data=\"be-react-2\" post-id=\"4295\" class=\"be-face-icons un-reacted\" href=\"javascript:void(0)\">\n                        <img decoding=\"async\" src=\"https:\/\/radar190.com.br\/wp-content\/plugins\/booster-extension\/\/assets\/icon\/sad.svg\" alt=\"Sad\">\n                    <\/a>\n                    <div class=\"twp-reaction-title\">\n                        Sad                    <\/div>\n                    <div class=\"twp-count-percent\">\n                                                    <span style=\"display: none;\" class=\"twp-react-count\">0<\/span>\n                                                                        <span class=\"twp-react-percent\"><span>0<\/span> %<\/span>\n                                            <\/div>\n                <\/div>\n\n                <div class=\"twp-reacts-wrap\">\n                    <a react-data=\"be-react-3\" post-id=\"4295\" class=\"be-face-icons un-reacted\" href=\"javascript:void(0)\">\n                        <img decoding=\"async\" src=\"https:\/\/radar190.com.br\/wp-content\/plugins\/booster-extension\/\/assets\/icon\/excited.svg\" alt=\"Excited\">\n                    <\/a>\n                    <div class=\"twp-reaction-title\">\n                        Excited                    <\/div>\n                    <div class=\"twp-count-percent\">\n                                                    <span style=\"display: none;\" class=\"twp-react-count\">0<\/span>\n                                                                        <span class=\"twp-react-percent\"><span>0<\/span> %<\/span>\n                                            <\/div>\n                <\/div>\n\n                <div class=\"twp-reacts-wrap\">\n                    <a react-data=\"be-react-6\" post-id=\"4295\" class=\"be-face-icons un-reacted\" href=\"javascript:void(0)\">\n                        <img decoding=\"async\" src=\"https:\/\/radar190.com.br\/wp-content\/plugins\/booster-extension\/\/assets\/icon\/sleepy.svg\" alt=\"Sleepy\">\n                    <\/a>\n                    <div class=\"twp-reaction-title\">\n                        Sleepy                    <\/div>\n                    <div class=\"twp-count-percent\">\n                                                    <span style=\"display: none;\" class=\"twp-react-count\">0<\/span>\n                        \n                                                <span class=\"twp-react-percent\"><span>0<\/span> %<\/span>\n                                            <\/div>\n                <\/div>\n\n                <div class=\"twp-reacts-wrap\">\n                    <a react-data=\"be-react-4\" post-id=\"4295\" class=\"be-face-icons un-reacted\" href=\"javascript:void(0)\">\n                        <img decoding=\"async\" src=\"https:\/\/radar190.com.br\/wp-content\/plugins\/booster-extension\/\/assets\/icon\/angry.svg\" alt=\"Angry\">\n                    <\/a>\n                    <div class=\"twp-reaction-title\">Angry<\/div>\n                    <div class=\"twp-count-percent\">\n                                                    <span style=\"display: none;\" class=\"twp-react-count\">0<\/span>\n                                                                        <span class=\"twp-react-percent\"><span>0<\/span> %<\/span>\n                        \n                    <\/div>\n                <\/div>\n\n                <div class=\"twp-reacts-wrap\">\n                    <a react-data=\"be-react-5\" post-id=\"4295\" class=\"be-face-icons un-reacted\" href=\"javascript:void(0)\">\n                        <img decoding=\"async\" src=\"https:\/\/radar190.com.br\/wp-content\/plugins\/booster-extension\/\/assets\/icon\/surprise.svg\" alt=\"Surprise\">\n                    <\/a>\n                    <div class=\"twp-reaction-title\">Surprise<\/div>\n                    <div class=\"twp-count-percent\">\n                                                    <span style=\"display: none;\" class=\"twp-react-count\">0<\/span>\n                                                                        <span class=\"twp-react-percent\"><span>0<\/span> %<\/span>\n                                            <\/div>\n                <\/div>\n\n            <\/div>\n        <\/div>\n\n    ","protected":false},"excerpt":{"rendered":"<p>A elei\u00e7\u00e3o de Hugo Motta \u00e0 presid\u00eancia da C\u00e2mara \u00e9 vista como um fortalecimento da representatividade da Para\u00edba no cen\u00e1rio pol\u00edtico nacional, consolidando ainda mais a import\u00e2ncia da regi\u00e3o nas grandes decis\u00f5es do pa\u00eds. A elei\u00e7\u00e3o do deputado federal paraibano Hugo Motta \u00e0 Presid\u00eancia da C\u00e2mara dos Deputados, realizada neste [&hellip;]<\/p>\n","protected":false},"author":1,"featured_media":4296,"comment_status":"open","ping_status":"open","sticky":false,"template":"","format":"standard","meta":{"_mi_skip_tracking":false,"_ti_tpc_template_sync":false,"_ti_tpc_template_id":"","_joinchat":[],"footnotes":""},"categories":[5,14,13,1,9,18,12,8],"tags":[],"class_list":["post-4295","post","type-post","status-publish","format-standard","has-post-thumbnail","hentry","category-brasil","category-cidades","category-cultural","category-uncategorized","category-esporte","category-mundo-brasil","category-paraiba","category-policial"],"_links":{"self":[{"href":"https:\/\/radar190.com.br\/index.php\/wp-json\/wp\/v2\/posts\/4295","targetHints":{"allow":["GET"]}}],"collection":[{"href":"https:\/\/radar190.com.br\/index.php\/wp-json\/wp\/v2\/posts"}],"about":[{"href":"https:\/\/radar190.com.br\/index.php\/wp-json\/wp\/v2\/types\/post"}],"author":[{"embeddable":true,"href":"https:\/\/radar190.com.br\/index.php\/wp-json\/wp\/v2\/users\/1"}],"replies":[{"embeddable":true,"href":"https:\/\/radar190.com.br\/index.php\/wp-json\/wp\/v2\/comments?post=4295"}],"version-history":[{"count":1,"href":"https:\/\/radar190.com.br\/index.php\/wp-json\/wp\/v2\/posts\/4295\/revisions"}],"predecessor-version":[{"id":4297,"href":"https:\/\/radar190.com.br\/index.php\/wp-json\/wp\/v2\/posts\/4295\/revisions\/4297"}],"wp:featuredmedia":[{"embeddable":true,"href":"https:\/\/radar190.com.br\/index.php\/wp-json\/wp\/v2\/media\/4296"}],"wp:attachment":[{"href":"https:\/\/radar190.com.br\/index.php\/wp-json\/wp\/v2\/media?parent=4295"}],"wp:term":[{"taxonomy":"category","embeddable":true,"href":"https:\/\/radar190.com.br\/index.php\/wp-json\/wp\/v2\/categories?post=4295"},{"taxonomy":"post_tag","embeddable":true,"href":"https:\/\/radar190.com.br\/index.php\/wp-json\/wp\/v2\/tags?post=4295"}],"curies":[{"name":"wp","href":"https:\/\/api.w.org\/{rel}","templated":true}]}}