{"id":4257,"date":"2024-12-27T07:32:15","date_gmt":"2024-12-27T10:32:15","guid":{"rendered":"https:\/\/radar190.com.br\/?p=4257"},"modified":"2024-12-27T07:34:18","modified_gmt":"2024-12-27T10:34:18","slug":"em-busca-de-justica-caso-do-paraibano-gefferson-de-moura-tera-reportagem-especial-no-domingo-espetacular-da-record","status":"publish","type":"post","link":"https:\/\/radar190.com.br\/index.php\/2024\/12\/27\/em-busca-de-justica-caso-do-paraibano-gefferson-de-moura-tera-reportagem-especial-no-domingo-espetacular-da-record\/","title":{"rendered":"EM BUSCA DE JUSTI\u00c7A: Caso do paraibano Gefferson de Moura ter\u00e1 reportagem especial no Domingo Espetacular da Record"},"content":{"rendered":"<div class='booster-block booster-read-block'>\n                <div class=\"twp-read-time\">\n                \t<i class=\"booster-icon twp-clock\"><\/i> <span>Read Time:<\/span>1 Minute, 45 Second                <\/div>\n\n            <\/div>\n<p>O programa Domingo Espetacular da Record TV ir\u00e1 veicular neste pr\u00f3ximo domingo (29), uma reportagem especial sobre o caso do paraibano Gefferson de Moura.<\/p>\n\n\n\n<p>O programa Domingo Espetacular da Record TV ir\u00e1 veicular neste pr\u00f3ximo domingo (29), uma reportagem especial sobre o caso do paraibano Gefferson de Moura.<\/p>\n\n\n\n<p>Ap\u00f3s 3 anos 9 meses e 9 dias, o J\u00fari popular dos acusados pela morte de Gefferson de Moura Gomes continua sem data para acontecer;<\/p>\n\n\n\n<p>A reportagem foi gravada na Para\u00edba com familiares e autoridades que participaram do processo.<\/p>\n\n\n\n<p>RELEMBRE O CASO<br>O empres\u00e1rio Gefferson de Moura Gomes, de 32 anos, foi assassinado a tiros no dia 16 de mar\u00e7o de 2021, durante uma opera\u00e7\u00e3o desastrosa das pol\u00edcias Civil e Militar de Sergipe na cidade de Santa Luzia, Sert\u00e3o paraibano.&nbsp;<\/p>\n\n\n\n<p>Gefferson de Moura viajava para Cajazeiras, onde iria cuidar do pai, que estava com Covid-19, e foi confundido com um suspeito que a pol\u00edcia procurava. Os agentes de seguran\u00e7a envolvidos no crime alegaram que Gefferson estaria armado e teria reagido \u00e0 abordagem, dando in\u00edcio a um tiroteio, mas a vers\u00e3o n\u00e3o se confirmou.\u00a0As investiga\u00e7\u00f5es apontaram que o alvo da opera\u00e7\u00e3o, Luiz Henrique Cunha Carvalho, tinha \u201cdesaven\u00e7as\u201d com um dos policiais que participaram da execu\u00e7\u00e3o do empres\u00e1rio paraibano.<\/p>\n\n\n\n<figure class=\"wp-block-image size-full is-resized\"><img loading=\"lazy\" decoding=\"async\" width=\"984\" height=\"552\" src=\"https:\/\/radar190.com.br\/wp-content\/uploads\/2024\/12\/image-1.png\" alt=\"\" class=\"wp-image-4258\" style=\"width:560px;height:auto\" srcset=\"https:\/\/radar190.com.br\/wp-content\/uploads\/2024\/12\/image-1.png 984w, https:\/\/radar190.com.br\/wp-content\/uploads\/2024\/12\/image-1-300x168.png 300w, https:\/\/radar190.com.br\/wp-content\/uploads\/2024\/12\/image-1-768x431.png 768w\" sizes=\"auto, (max-width: 984px) 100vw, 984px\" \/><\/figure>\n\n\n\n<p>O corpo de Gefferson de Moura foi deixado pelos policiais em uma maca do lado de fora de um hospital em Santa Luzia. Em seguida, eles se apresentaram na delegacia da regi\u00e3o e entregaram as armas.<\/p>\n\n\n\n<p>Para o Minist\u00e9rio P\u00fablico da Para\u00edba, os r\u00e9us agiram por motivo torpe, utilizando-se de meio cruel e sem dar chance de defesa a Gefferson de Moura. A den\u00fancia ainda aponta que houve inten\u00e7\u00e3o de matar por parte dos policiais.As investiga\u00e7\u00f5es mostraram tamb\u00e9m que Osvaldo Resende Neto, Jos\u00e9 Alonso de Santana e Gilvan Morais de Oliveira tentaram \u2018incriminar a v\u00edtima\u2019, apresentando \u00e0 delegacia uma pistola sob alega\u00e7\u00e3o de que a arma estava em posse de Gefferson de Moura, mas mais tarde foi constatado que o instrumento, na realidade, era registrado no nome de um policial sergipano.&nbsp;<\/p>\n\n\n\n<p>Fonte: Pol\u00eamica Para\u00edba\/Portal Correio<br>Cr\u00e9ditos: Pol\u00eamica Para\u00edba<\/p>\n        <div class=\"booster-block booster-reactions-block\">\n            <div class=\"twp-reactions-icons\">\n                \n                <div class=\"twp-reacts-wrap\">\n                    <a react-data=\"be-react-1\" post-id=\"4257\" class=\"be-face-icons un-reacted\" href=\"javascript:void(0)\">\n                        <img decoding=\"async\" src=\"https:\/\/radar190.com.br\/wp-content\/plugins\/booster-extension\/\/assets\/icon\/happy.svg\" alt=\"Happy\">\n                    <\/a>\n                    <div class=\"twp-reaction-title\">\n                        Happy                    <\/div>\n                    <div class=\"twp-count-percent\">\n                                                    <span style=\"display: none;\" class=\"twp-react-count\">0<\/span>\n                        \n                                                <span class=\"twp-react-percent\"><span>0<\/span> %<\/span>\n                                            <\/div>\n                <\/div>\n\n                <div class=\"twp-reacts-wrap\">\n                    <a react-data=\"be-react-2\" post-id=\"4257\" class=\"be-face-icons un-reacted\" href=\"javascript:void(0)\">\n                        <img decoding=\"async\" src=\"https:\/\/radar190.com.br\/wp-content\/plugins\/booster-extension\/\/assets\/icon\/sad.svg\" alt=\"Sad\">\n                    <\/a>\n                    <div class=\"twp-reaction-title\">\n                        Sad                    <\/div>\n                    <div class=\"twp-count-percent\">\n                                                    <span style=\"display: none;\" class=\"twp-react-count\">0<\/span>\n                                                                        <span class=\"twp-react-percent\"><span>0<\/span> %<\/span>\n                                            <\/div>\n                <\/div>\n\n                <div class=\"twp-reacts-wrap\">\n                    <a react-data=\"be-react-3\" post-id=\"4257\" class=\"be-face-icons un-reacted\" href=\"javascript:void(0)\">\n                        <img decoding=\"async\" src=\"https:\/\/radar190.com.br\/wp-content\/plugins\/booster-extension\/\/assets\/icon\/excited.svg\" alt=\"Excited\">\n                    <\/a>\n                    <div class=\"twp-reaction-title\">\n                        Excited                    <\/div>\n                    <div class=\"twp-count-percent\">\n                                                    <span style=\"display: none;\" class=\"twp-react-count\">0<\/span>\n                                                                        <span class=\"twp-react-percent\"><span>0<\/span> %<\/span>\n                                            <\/div>\n                <\/div>\n\n                <div class=\"twp-reacts-wrap\">\n                    <a react-data=\"be-react-6\" post-id=\"4257\" class=\"be-face-icons un-reacted\" href=\"javascript:void(0)\">\n                        <img decoding=\"async\" src=\"https:\/\/radar190.com.br\/wp-content\/plugins\/booster-extension\/\/assets\/icon\/sleepy.svg\" alt=\"Sleepy\">\n                    <\/a>\n                    <div class=\"twp-reaction-title\">\n                        Sleepy                    <\/div>\n                    <div class=\"twp-count-percent\">\n                                                    <span style=\"display: none;\" class=\"twp-react-count\">0<\/span>\n                        \n                                                <span class=\"twp-react-percent\"><span>0<\/span> %<\/span>\n                                            <\/div>\n                <\/div>\n\n                <div class=\"twp-reacts-wrap\">\n                    <a react-data=\"be-react-4\" post-id=\"4257\" class=\"be-face-icons un-reacted\" href=\"javascript:void(0)\">\n                        <img decoding=\"async\" src=\"https:\/\/radar190.com.br\/wp-content\/plugins\/booster-extension\/\/assets\/icon\/angry.svg\" alt=\"Angry\">\n                    <\/a>\n                    <div class=\"twp-reaction-title\">Angry<\/div>\n                    <div class=\"twp-count-percent\">\n                                                    <span style=\"display: none;\" class=\"twp-react-count\">0<\/span>\n                                                                        <span class=\"twp-react-percent\"><span>0<\/span> %<\/span>\n                        \n                    <\/div>\n                <\/div>\n\n                <div class=\"twp-reacts-wrap\">\n                    <a react-data=\"be-react-5\" post-id=\"4257\" class=\"be-face-icons un-reacted\" href=\"javascript:void(0)\">\n                        <img decoding=\"async\" src=\"https:\/\/radar190.com.br\/wp-content\/plugins\/booster-extension\/\/assets\/icon\/surprise.svg\" alt=\"Surprise\">\n                    <\/a>\n                    <div class=\"twp-reaction-title\">Surprise<\/div>\n                    <div class=\"twp-count-percent\">\n                                                    <span style=\"display: none;\" class=\"twp-react-count\">0<\/span>\n                                                                        <span class=\"twp-react-percent\"><span>0<\/span> %<\/span>\n                                            <\/div>\n                <\/div>\n\n            <\/div>\n        <\/div>\n\n    ","protected":false},"excerpt":{"rendered":"<p>O programa Domingo Espetacular da Record TV ir\u00e1 veicular neste pr\u00f3ximo domingo (29), uma reportagem especial sobre o caso do paraibano Gefferson de Moura. O programa Domingo Espetacular da Record TV ir\u00e1 veicular neste pr\u00f3ximo domingo (29), uma reportagem especial sobre o caso do paraibano Gefferson de Moura. Ap\u00f3s 3 [&hellip;]<\/p>\n","protected":false},"author":1,"featured_media":4260,"comment_status":"open","ping_status":"open","sticky":false,"template":"","format":"standard","meta":{"_mi_skip_tracking":false,"_ti_tpc_template_sync":false,"_ti_tpc_template_id":"","_joinchat":[],"footnotes":""},"categories":[5,14,13,1,9,18,12,8],"tags":[],"class_list":["post-4257","post","type-post","status-publish","format-standard","has-post-thumbnail","hentry","category-brasil","category-cidades","category-cultural","category-uncategorized","category-esporte","category-mundo-brasil","category-paraiba","category-policial"],"_links":{"self":[{"href":"https:\/\/radar190.com.br\/index.php\/wp-json\/wp\/v2\/posts\/4257","targetHints":{"allow":["GET"]}}],"collection":[{"href":"https:\/\/radar190.com.br\/index.php\/wp-json\/wp\/v2\/posts"}],"about":[{"href":"https:\/\/radar190.com.br\/index.php\/wp-json\/wp\/v2\/types\/post"}],"author":[{"embeddable":true,"href":"https:\/\/radar190.com.br\/index.php\/wp-json\/wp\/v2\/users\/1"}],"replies":[{"embeddable":true,"href":"https:\/\/radar190.com.br\/index.php\/wp-json\/wp\/v2\/comments?post=4257"}],"version-history":[{"count":1,"href":"https:\/\/radar190.com.br\/index.php\/wp-json\/wp\/v2\/posts\/4257\/revisions"}],"predecessor-version":[{"id":4259,"href":"https:\/\/radar190.com.br\/index.php\/wp-json\/wp\/v2\/posts\/4257\/revisions\/4259"}],"wp:featuredmedia":[{"embeddable":true,"href":"https:\/\/radar190.com.br\/index.php\/wp-json\/wp\/v2\/media\/4260"}],"wp:attachment":[{"href":"https:\/\/radar190.com.br\/index.php\/wp-json\/wp\/v2\/media?parent=4257"}],"wp:term":[{"taxonomy":"category","embeddable":true,"href":"https:\/\/radar190.com.br\/index.php\/wp-json\/wp\/v2\/categories?post=4257"},{"taxonomy":"post_tag","embeddable":true,"href":"https:\/\/radar190.com.br\/index.php\/wp-json\/wp\/v2\/tags?post=4257"}],"curies":[{"name":"wp","href":"https:\/\/api.w.org\/{rel}","templated":true}]}}