{"id":4240,"date":"2024-12-13T08:51:06","date_gmt":"2024-12-13T11:51:06","guid":{"rendered":"https:\/\/radar190.com.br\/?p=4240"},"modified":"2024-12-13T08:51:27","modified_gmt":"2024-12-13T11:51:27","slug":"diplomacao-dos-eleitos-para-cargos-de-prefeita-vice-prefeito-e-vereadores-e-realizada-em-monte-horebe-nesta-quinta-feira-12","status":"publish","type":"post","link":"https:\/\/radar190.com.br\/index.php\/2024\/12\/13\/diplomacao-dos-eleitos-para-cargos-de-prefeita-vice-prefeito-e-vereadores-e-realizada-em-monte-horebe-nesta-quinta-feira-12\/","title":{"rendered":"Diploma\u00e7\u00e3o dos eleitos para cargos de prefeita, vice-prefeito e vereadores \u00e9 realizada em Monte Horebe, nesta quinta-feira (12)"},"content":{"rendered":"<div class='booster-block booster-read-block'>\n                <div class=\"twp-read-time\">\n                \t<i class=\"booster-icon twp-clock\"><\/i> <span>Read Time:<\/span>1 Minute, 11 Second                <\/div>\n\n            <\/div>\n<p>A cerim\u00f4nia de diploma\u00e7\u00e3o dos candidatos eleitos para os cargos de prefeita, vice-prefeito, vereadores e suplentes foi realizada pela Justi\u00e7a Eleitoral nesta quinta-feira(12) em Monte Horebe, no Sert\u00e3o da Para\u00edba.<\/p>\n\n\n\n<p>\u201cEssa etapa de hoje finaliza e vem coroar os servi\u00e7os eleitorais, o trabalho realizado durante esse per\u00edodo, consagrando a escolha dos novos dirigentes, do Executivo e do Legislativo, \u00e9 o momento de entregar aos eleitos a certifica\u00e7\u00e3o de que isso aconteceu, de que foram escolhidos\u201d, destacou o juiz Dr. Ricardo Henrique Amorim.<\/p>\n\n\n\n<figure class=\"wp-block-image size-full\"><img loading=\"lazy\" decoding=\"async\" width=\"925\" height=\"580\" src=\"https:\/\/radar190.com.br\/wp-content\/uploads\/2024\/12\/f9c58161-025f-4226-aa42-e9856a4ef98e.jpg\" alt=\"\" class=\"wp-image-4242\" srcset=\"https:\/\/radar190.com.br\/wp-content\/uploads\/2024\/12\/f9c58161-025f-4226-aa42-e9856a4ef98e.jpg 925w, https:\/\/radar190.com.br\/wp-content\/uploads\/2024\/12\/f9c58161-025f-4226-aa42-e9856a4ef98e-300x188.jpg 300w, https:\/\/radar190.com.br\/wp-content\/uploads\/2024\/12\/f9c58161-025f-4226-aa42-e9856a4ef98e-768x482.jpg 768w\" sizes=\"auto, (max-width: 925px) 100vw, 925px\" \/><\/figure>\n\n\n\n<p>No munic\u00edpio de Monte Horebe, localizado no Alto Sert\u00e3o da Para\u00edba, com 4.415 eleitores, estavam aptos a votar em 2024. A maioria das pessoas que compareceram \u00e0s urnas escolheram Milena Nogueira (MDB) para comandar o Executivo Municipal. A chapa dela tem como vice Z\u00e9 Costa.<\/p>\n\n\n\n<p>\u201cA responsabilidade vem com o compromisso, sabemos que a cidade avan\u00e7ou muito nos \u00faltimos anos e sabemos que precisamos avan\u00e7ar mais, uma cidade com quase 5 mil habitantes, isso s\u00f3 refor\u00e7a o nosso sentimento de que precisamos melhorar para todos, principalmente para os que mais precisam, gerando prosperidade e esperan\u00e7a de uma cidade cada vez melhor\u201d, disse Milena.<\/p>\n\n\n\n<p>O prefeito Marcos Eron participou da cerim\u00f4nia que foi realizada na C\u00e2mara Municipal.<\/p>\n\n\n\n<p>\u201cMomento importante para Monte Horebe, desejar a todos boa sorte, Horebe precisa continuar crescendo, meu mandato est\u00e1 chegando ao final, com o sentimento de dever cumprido eu deixo administra\u00e7\u00e3o em boas m\u00e3os\u201d, disse Marcos<\/p>\n\n\n\n<figure class=\"wp-block-image size-full\"><img loading=\"lazy\" decoding=\"async\" width=\"870\" height=\"504\" src=\"https:\/\/radar190.com.br\/wp-content\/uploads\/2024\/12\/995c81b7-25e6-4cf0-981b-aae5c58330c0.jpg\" alt=\"\" class=\"wp-image-4241\" srcset=\"https:\/\/radar190.com.br\/wp-content\/uploads\/2024\/12\/995c81b7-25e6-4cf0-981b-aae5c58330c0.jpg 870w, https:\/\/radar190.com.br\/wp-content\/uploads\/2024\/12\/995c81b7-25e6-4cf0-981b-aae5c58330c0-300x174.jpg 300w, https:\/\/radar190.com.br\/wp-content\/uploads\/2024\/12\/995c81b7-25e6-4cf0-981b-aae5c58330c0-768x445.jpg 768w\" sizes=\"auto, (max-width: 870px) 100vw, 870px\" \/><\/figure>\n        <div class=\"booster-block booster-reactions-block\">\n            <div class=\"twp-reactions-icons\">\n                \n                <div class=\"twp-reacts-wrap\">\n                    <a react-data=\"be-react-1\" post-id=\"4240\" class=\"be-face-icons un-reacted\" href=\"javascript:void(0)\">\n                        <img decoding=\"async\" src=\"https:\/\/radar190.com.br\/wp-content\/plugins\/booster-extension\/\/assets\/icon\/happy.svg\" alt=\"Happy\">\n                    <\/a>\n                    <div class=\"twp-reaction-title\">\n                        Happy                    <\/div>\n                    <div class=\"twp-count-percent\">\n                                                    <span style=\"display: none;\" class=\"twp-react-count\">0<\/span>\n                        \n                                                <span class=\"twp-react-percent\"><span>0<\/span> %<\/span>\n                                            <\/div>\n                <\/div>\n\n                <div class=\"twp-reacts-wrap\">\n                    <a react-data=\"be-react-2\" post-id=\"4240\" class=\"be-face-icons un-reacted\" href=\"javascript:void(0)\">\n                        <img decoding=\"async\" src=\"https:\/\/radar190.com.br\/wp-content\/plugins\/booster-extension\/\/assets\/icon\/sad.svg\" alt=\"Sad\">\n                    <\/a>\n                    <div class=\"twp-reaction-title\">\n                        Sad                    <\/div>\n                    <div class=\"twp-count-percent\">\n                                                    <span style=\"display: none;\" class=\"twp-react-count\">0<\/span>\n                                                                        <span class=\"twp-react-percent\"><span>0<\/span> %<\/span>\n                                            <\/div>\n                <\/div>\n\n                <div class=\"twp-reacts-wrap\">\n                    <a react-data=\"be-react-3\" post-id=\"4240\" class=\"be-face-icons un-reacted\" href=\"javascript:void(0)\">\n                        <img decoding=\"async\" src=\"https:\/\/radar190.com.br\/wp-content\/plugins\/booster-extension\/\/assets\/icon\/excited.svg\" alt=\"Excited\">\n                    <\/a>\n                    <div class=\"twp-reaction-title\">\n                        Excited                    <\/div>\n                    <div class=\"twp-count-percent\">\n                                                    <span style=\"display: none;\" class=\"twp-react-count\">0<\/span>\n                                                                        <span class=\"twp-react-percent\"><span>0<\/span> %<\/span>\n                                            <\/div>\n                <\/div>\n\n                <div class=\"twp-reacts-wrap\">\n                    <a react-data=\"be-react-6\" post-id=\"4240\" class=\"be-face-icons un-reacted\" href=\"javascript:void(0)\">\n                        <img decoding=\"async\" src=\"https:\/\/radar190.com.br\/wp-content\/plugins\/booster-extension\/\/assets\/icon\/sleepy.svg\" alt=\"Sleepy\">\n                    <\/a>\n                    <div class=\"twp-reaction-title\">\n                        Sleepy                    <\/div>\n                    <div class=\"twp-count-percent\">\n                                                    <span style=\"display: none;\" class=\"twp-react-count\">0<\/span>\n                        \n                                                <span class=\"twp-react-percent\"><span>0<\/span> %<\/span>\n                                            <\/div>\n                <\/div>\n\n                <div class=\"twp-reacts-wrap\">\n                    <a react-data=\"be-react-4\" post-id=\"4240\" class=\"be-face-icons un-reacted\" href=\"javascript:void(0)\">\n                        <img decoding=\"async\" src=\"https:\/\/radar190.com.br\/wp-content\/plugins\/booster-extension\/\/assets\/icon\/angry.svg\" alt=\"Angry\">\n                    <\/a>\n                    <div class=\"twp-reaction-title\">Angry<\/div>\n                    <div class=\"twp-count-percent\">\n                                                    <span style=\"display: none;\" class=\"twp-react-count\">0<\/span>\n                                                                        <span class=\"twp-react-percent\"><span>0<\/span> %<\/span>\n                        \n                    <\/div>\n                <\/div>\n\n                <div class=\"twp-reacts-wrap\">\n                    <a react-data=\"be-react-5\" post-id=\"4240\" class=\"be-face-icons un-reacted\" href=\"javascript:void(0)\">\n                        <img decoding=\"async\" src=\"https:\/\/radar190.com.br\/wp-content\/plugins\/booster-extension\/\/assets\/icon\/surprise.svg\" alt=\"Surprise\">\n                    <\/a>\n                    <div class=\"twp-reaction-title\">Surprise<\/div>\n                    <div class=\"twp-count-percent\">\n                                                    <span style=\"display: none;\" class=\"twp-react-count\">0<\/span>\n                                                                        <span class=\"twp-react-percent\"><span>0<\/span> %<\/span>\n                                            <\/div>\n                <\/div>\n\n            <\/div>\n        <\/div>\n\n    ","protected":false},"excerpt":{"rendered":"<p>A cerim\u00f4nia de diploma\u00e7\u00e3o dos candidatos eleitos para os cargos de prefeita, vice-prefeito, vereadores e suplentes foi realizada pela Justi\u00e7a Eleitoral nesta quinta-feira(12) em Monte Horebe, no Sert\u00e3o da Para\u00edba. \u201cEssa etapa de hoje finaliza e vem coroar os servi\u00e7os eleitorais, o trabalho realizado durante esse per\u00edodo, consagrando a escolha [&hellip;]<\/p>\n","protected":false},"author":1,"featured_media":4244,"comment_status":"open","ping_status":"open","sticky":false,"template":"","format":"standard","meta":{"_mi_skip_tracking":false,"_ti_tpc_template_sync":false,"_ti_tpc_template_id":"","_joinchat":[],"footnotes":""},"categories":[5,14,13,1,9,18,12,8],"tags":[],"class_list":["post-4240","post","type-post","status-publish","format-standard","has-post-thumbnail","hentry","category-brasil","category-cidades","category-cultural","category-uncategorized","category-esporte","category-mundo-brasil","category-paraiba","category-policial"],"_links":{"self":[{"href":"https:\/\/radar190.com.br\/index.php\/wp-json\/wp\/v2\/posts\/4240","targetHints":{"allow":["GET"]}}],"collection":[{"href":"https:\/\/radar190.com.br\/index.php\/wp-json\/wp\/v2\/posts"}],"about":[{"href":"https:\/\/radar190.com.br\/index.php\/wp-json\/wp\/v2\/types\/post"}],"author":[{"embeddable":true,"href":"https:\/\/radar190.com.br\/index.php\/wp-json\/wp\/v2\/users\/1"}],"replies":[{"embeddable":true,"href":"https:\/\/radar190.com.br\/index.php\/wp-json\/wp\/v2\/comments?post=4240"}],"version-history":[{"count":1,"href":"https:\/\/radar190.com.br\/index.php\/wp-json\/wp\/v2\/posts\/4240\/revisions"}],"predecessor-version":[{"id":4243,"href":"https:\/\/radar190.com.br\/index.php\/wp-json\/wp\/v2\/posts\/4240\/revisions\/4243"}],"wp:featuredmedia":[{"embeddable":true,"href":"https:\/\/radar190.com.br\/index.php\/wp-json\/wp\/v2\/media\/4244"}],"wp:attachment":[{"href":"https:\/\/radar190.com.br\/index.php\/wp-json\/wp\/v2\/media?parent=4240"}],"wp:term":[{"taxonomy":"category","embeddable":true,"href":"https:\/\/radar190.com.br\/index.php\/wp-json\/wp\/v2\/categories?post=4240"},{"taxonomy":"post_tag","embeddable":true,"href":"https:\/\/radar190.com.br\/index.php\/wp-json\/wp\/v2\/tags?post=4240"}],"curies":[{"name":"wp","href":"https:\/\/api.w.org\/{rel}","templated":true}]}}