{"id":4172,"date":"2024-11-01T09:23:42","date_gmt":"2024-11-01T12:23:42","guid":{"rendered":"https:\/\/radar190.com.br\/?p=4172"},"modified":"2024-11-01T09:24:12","modified_gmt":"2024-11-01T12:24:12","slug":"prefeitura-de-monte-horebe-realiza-manutencao-da-iluminacao-publica-dos-cemiterios-para-o-dia-de-finados","status":"publish","type":"post","link":"https:\/\/radar190.com.br\/index.php\/2024\/11\/01\/prefeitura-de-monte-horebe-realiza-manutencao-da-iluminacao-publica-dos-cemiterios-para-o-dia-de-finados\/","title":{"rendered":"Prefeitura de Monte Horebe realiza manuten\u00e7\u00e3o da ilumina\u00e7\u00e3o Publica dos cemit\u00e9rios para o Dia de Finados"},"content":{"rendered":"<div class='booster-block booster-read-block'>\n                <div class=\"twp-read-time\">\n                \t<i class=\"booster-icon twp-clock\"><\/i> <span>Read Time:<\/span>30 Second                <\/div>\n\n            <\/div>\n<p>A Prefeitura de Monte Horebe, por meio da Secretaria de Obras, est\u00e1 realizando a manuten\u00e7\u00e3o da ilumina\u00e7\u00e3o Publica dos Cemit\u00e9rios P\u00fablicos de Monte Horebe, com L\u00e2mpadas Led e outros equipamentos.<\/p>\n\n\n\n<figure class=\"wp-block-image size-full\"><img loading=\"lazy\" decoding=\"async\" width=\"1021\" height=\"349\" src=\"https:\/\/radar190.com.br\/wp-content\/uploads\/2024\/11\/83df9c1b-ec2c-4235-b160-27ceaef06637.jpg\" alt=\"\" class=\"wp-image-4173\" srcset=\"https:\/\/radar190.com.br\/wp-content\/uploads\/2024\/11\/83df9c1b-ec2c-4235-b160-27ceaef06637.jpg 1021w, https:\/\/radar190.com.br\/wp-content\/uploads\/2024\/11\/83df9c1b-ec2c-4235-b160-27ceaef06637-300x103.jpg 300w, https:\/\/radar190.com.br\/wp-content\/uploads\/2024\/11\/83df9c1b-ec2c-4235-b160-27ceaef06637-768x263.jpg 768w\" sizes=\"auto, (max-width: 1021px) 100vw, 1021px\" \/><\/figure>\n\n\n\n<p>As a\u00e7\u00f5es s\u00e3o para garantir maior conforto a comunidade durante o Dia de Finados, no pr\u00f3ximo s\u00e1bado (2), quando o local recebe uma grande quantidade de pessoas. Na data, o cemit\u00e9rio tamb\u00e9m ficar\u00e1 aberto das 5h \u00e0s 20 horas, para evitar aglomera\u00e7\u00f5es e dar mais tempo aos familiares, que algumas vezes vem de outras cidades, para visitar seus entes.<\/p>\n\n\n\n<p>PREFEITURA DE MONTE HOREBE- CIDADE EDUCADORA<\/p>\n\n\n\n<p>FONTE: RADAR 190<\/p>\n\n\n\n<p><\/p>\n        <div class=\"booster-block booster-reactions-block\">\n            <div class=\"twp-reactions-icons\">\n                \n                <div class=\"twp-reacts-wrap\">\n                    <a react-data=\"be-react-1\" post-id=\"4172\" class=\"be-face-icons un-reacted\" href=\"javascript:void(0)\">\n                        <img decoding=\"async\" src=\"https:\/\/radar190.com.br\/wp-content\/plugins\/booster-extension\/\/assets\/icon\/happy.svg\" alt=\"Happy\">\n                    <\/a>\n                    <div class=\"twp-reaction-title\">\n                        Happy                    <\/div>\n                    <div class=\"twp-count-percent\">\n                                                    <span style=\"display: none;\" class=\"twp-react-count\">0<\/span>\n                        \n                                                <span class=\"twp-react-percent\"><span>0<\/span> %<\/span>\n                                            <\/div>\n                <\/div>\n\n                <div class=\"twp-reacts-wrap\">\n                    <a react-data=\"be-react-2\" post-id=\"4172\" class=\"be-face-icons un-reacted\" href=\"javascript:void(0)\">\n                        <img decoding=\"async\" src=\"https:\/\/radar190.com.br\/wp-content\/plugins\/booster-extension\/\/assets\/icon\/sad.svg\" alt=\"Sad\">\n                    <\/a>\n                    <div class=\"twp-reaction-title\">\n                        Sad                    <\/div>\n                    <div class=\"twp-count-percent\">\n                                                    <span style=\"display: none;\" class=\"twp-react-count\">0<\/span>\n                                                                        <span class=\"twp-react-percent\"><span>0<\/span> %<\/span>\n                                            <\/div>\n                <\/div>\n\n                <div class=\"twp-reacts-wrap\">\n                    <a react-data=\"be-react-3\" post-id=\"4172\" class=\"be-face-icons un-reacted\" href=\"javascript:void(0)\">\n                        <img decoding=\"async\" src=\"https:\/\/radar190.com.br\/wp-content\/plugins\/booster-extension\/\/assets\/icon\/excited.svg\" alt=\"Excited\">\n                    <\/a>\n                    <div class=\"twp-reaction-title\">\n                        Excited                    <\/div>\n                    <div class=\"twp-count-percent\">\n                                                    <span style=\"display: none;\" class=\"twp-react-count\">0<\/span>\n                                                                        <span class=\"twp-react-percent\"><span>0<\/span> %<\/span>\n                                            <\/div>\n                <\/div>\n\n                <div class=\"twp-reacts-wrap\">\n                    <a react-data=\"be-react-6\" post-id=\"4172\" class=\"be-face-icons un-reacted\" href=\"javascript:void(0)\">\n                        <img decoding=\"async\" src=\"https:\/\/radar190.com.br\/wp-content\/plugins\/booster-extension\/\/assets\/icon\/sleepy.svg\" alt=\"Sleepy\">\n                    <\/a>\n                    <div class=\"twp-reaction-title\">\n                        Sleepy                    <\/div>\n                    <div class=\"twp-count-percent\">\n                                                    <span style=\"display: none;\" class=\"twp-react-count\">0<\/span>\n                        \n                                                <span class=\"twp-react-percent\"><span>0<\/span> %<\/span>\n                                            <\/div>\n                <\/div>\n\n                <div class=\"twp-reacts-wrap\">\n                    <a react-data=\"be-react-4\" post-id=\"4172\" class=\"be-face-icons un-reacted\" href=\"javascript:void(0)\">\n                        <img decoding=\"async\" src=\"https:\/\/radar190.com.br\/wp-content\/plugins\/booster-extension\/\/assets\/icon\/angry.svg\" alt=\"Angry\">\n                    <\/a>\n                    <div class=\"twp-reaction-title\">Angry<\/div>\n                    <div class=\"twp-count-percent\">\n                                                    <span style=\"display: none;\" class=\"twp-react-count\">0<\/span>\n                                                                        <span class=\"twp-react-percent\"><span>0<\/span> %<\/span>\n                        \n                    <\/div>\n                <\/div>\n\n                <div class=\"twp-reacts-wrap\">\n                    <a react-data=\"be-react-5\" post-id=\"4172\" class=\"be-face-icons un-reacted\" href=\"javascript:void(0)\">\n                        <img decoding=\"async\" src=\"https:\/\/radar190.com.br\/wp-content\/plugins\/booster-extension\/\/assets\/icon\/surprise.svg\" alt=\"Surprise\">\n                    <\/a>\n                    <div class=\"twp-reaction-title\">Surprise<\/div>\n                    <div class=\"twp-count-percent\">\n                                                    <span style=\"display: none;\" class=\"twp-react-count\">0<\/span>\n                                                                        <span class=\"twp-react-percent\"><span>0<\/span> %<\/span>\n                                            <\/div>\n                <\/div>\n\n            <\/div>\n        <\/div>\n\n    ","protected":false},"excerpt":{"rendered":"<p>A Prefeitura de Monte Horebe, por meio da Secretaria de Obras, est\u00e1 realizando a manuten\u00e7\u00e3o da ilumina\u00e7\u00e3o Publica dos Cemit\u00e9rios P\u00fablicos de Monte Horebe, com L\u00e2mpadas Led e outros equipamentos. As a\u00e7\u00f5es s\u00e3o para garantir maior conforto a comunidade durante o Dia de Finados, no pr\u00f3ximo s\u00e1bado (2), quando o [&hellip;]<\/p>\n","protected":false},"author":1,"featured_media":4175,"comment_status":"open","ping_status":"open","sticky":false,"template":"","format":"standard","meta":{"_mi_skip_tracking":false,"_ti_tpc_template_sync":false,"_ti_tpc_template_id":"","_joinchat":[],"footnotes":""},"categories":[5,14,13,1,9,18,12,8],"tags":[],"class_list":["post-4172","post","type-post","status-publish","format-standard","has-post-thumbnail","hentry","category-brasil","category-cidades","category-cultural","category-uncategorized","category-esporte","category-mundo-brasil","category-paraiba","category-policial"],"_links":{"self":[{"href":"https:\/\/radar190.com.br\/index.php\/wp-json\/wp\/v2\/posts\/4172","targetHints":{"allow":["GET"]}}],"collection":[{"href":"https:\/\/radar190.com.br\/index.php\/wp-json\/wp\/v2\/posts"}],"about":[{"href":"https:\/\/radar190.com.br\/index.php\/wp-json\/wp\/v2\/types\/post"}],"author":[{"embeddable":true,"href":"https:\/\/radar190.com.br\/index.php\/wp-json\/wp\/v2\/users\/1"}],"replies":[{"embeddable":true,"href":"https:\/\/radar190.com.br\/index.php\/wp-json\/wp\/v2\/comments?post=4172"}],"version-history":[{"count":1,"href":"https:\/\/radar190.com.br\/index.php\/wp-json\/wp\/v2\/posts\/4172\/revisions"}],"predecessor-version":[{"id":4174,"href":"https:\/\/radar190.com.br\/index.php\/wp-json\/wp\/v2\/posts\/4172\/revisions\/4174"}],"wp:featuredmedia":[{"embeddable":true,"href":"https:\/\/radar190.com.br\/index.php\/wp-json\/wp\/v2\/media\/4175"}],"wp:attachment":[{"href":"https:\/\/radar190.com.br\/index.php\/wp-json\/wp\/v2\/media?parent=4172"}],"wp:term":[{"taxonomy":"category","embeddable":true,"href":"https:\/\/radar190.com.br\/index.php\/wp-json\/wp\/v2\/categories?post=4172"},{"taxonomy":"post_tag","embeddable":true,"href":"https:\/\/radar190.com.br\/index.php\/wp-json\/wp\/v2\/tags?post=4172"}],"curies":[{"name":"wp","href":"https:\/\/api.w.org\/{rel}","templated":true}]}}