{"id":4144,"date":"2024-10-29T07:16:46","date_gmt":"2024-10-29T10:16:46","guid":{"rendered":"https:\/\/radar190.com.br\/?p=4144"},"modified":"2024-10-29T07:17:43","modified_gmt":"2024-10-29T10:17:43","slug":"segue-o-trabalho-prefeitura-de-monte-horebe-promove-limpeza-e-manutencao-nos-cemiterios-municipais-para-o-dia-de-finados-veja","status":"publish","type":"post","link":"https:\/\/radar190.com.br\/index.php\/2024\/10\/29\/segue-o-trabalho-prefeitura-de-monte-horebe-promove-limpeza-e-manutencao-nos-cemiterios-municipais-para-o-dia-de-finados-veja\/","title":{"rendered":"&#8220;&#8221; SEGUE O TRABALHO &#8220;&#8221;Prefeitura de Monte Horebe promove limpeza e manuten\u00e7\u00e3o nos cemit\u00e9rios municipais para o Dia de Finados- VEJA"},"content":{"rendered":"<div class='booster-block booster-read-block'>\n                <div class=\"twp-read-time\">\n                \t<i class=\"booster-icon twp-clock\"><\/i> <span>Read Time:<\/span>47 Second                <\/div>\n\n            <\/div>\n<figure class=\"wp-block-image size-full is-resized\"><img loading=\"lazy\" decoding=\"async\" width=\"768\" height=\"432\" src=\"https:\/\/radar190.com.br\/wp-content\/uploads\/2024\/10\/CEMITERIO-2.jpg\" alt=\"\" class=\"wp-image-4145\" style=\"width:489px;height:auto\" srcset=\"https:\/\/radar190.com.br\/wp-content\/uploads\/2024\/10\/CEMITERIO-2.jpg 768w, https:\/\/radar190.com.br\/wp-content\/uploads\/2024\/10\/CEMITERIO-2-300x169.jpg 300w\" sizes=\"auto, (max-width: 768px) 100vw, 768px\" \/><\/figure>\n\n\n\n<p>A Prefeitura de Monte Horebe realizou limpeza e manuten\u00e7\u00e3o nos quatro cemit\u00e9rios municipais, nos dias que antecedem o feriado de Finados, no dia 2 de novembro. Os servi\u00e7os s\u00e3o executados pela Secretaria de Obras, que prioriza os trabalhos de ro\u00e7agem de mato, capinam da grama, varri\u00e7\u00e3o, rastelar\u00e3o remo\u00e7\u00e3o de lixo e a pintura dos meios-fios nas \u00e1reas internas e externas.<\/p>\n\n\n\n<p>Segundo o Gestor, Marcos Eron, a limpeza peri\u00f3dica e a conserva\u00e7\u00e3o dos cemit\u00e9rios municipais. Contudo, com o aumento do fluxo de pessoas durante a data emblem\u00e1tica, o servi\u00e7o \u00e9 refor\u00e7ado.<\/p>\n\n\n\n<p>\u201cO objetivo \u00e9 manter os locais de visita\u00e7\u00e3o limpos, acess\u00edveis e agrad\u00e1veis, livres de mato e de ac\u00famulo de \u00e1gua\u201d, explica O gestor, ao frisar que a conserva\u00e7\u00e3o dos espa\u00e7os constru\u00eddos para guardar os t\u00famulos \u00e9 de responsabilidade dos familiares.<\/p>\n\n\n\n<h2 class=\"wp-block-heading\">Localiza\u00e7\u00e3o dos quatro cemit\u00e9rios municipais<\/h2>\n\n\n\n<p><strong>Cemit\u00e9rio: Monte da Saudade<\/strong><br><\/p>\n\n\n\n<p><strong>Cemit\u00e9rio: S\u00e3o Jo\u00e3o Batista<\/strong><\/p>\n\n\n\n<figure class=\"wp-block-image size-full is-resized\"><img loading=\"lazy\" decoding=\"async\" width=\"768\" height=\"432\" src=\"https:\/\/radar190.com.br\/wp-content\/uploads\/2024\/10\/CEMITERIO-1.jpg\" alt=\"\" class=\"wp-image-4146\" style=\"width:469px;height:auto\" srcset=\"https:\/\/radar190.com.br\/wp-content\/uploads\/2024\/10\/CEMITERIO-1.jpg 768w, https:\/\/radar190.com.br\/wp-content\/uploads\/2024\/10\/CEMITERIO-1-300x169.jpg 300w\" sizes=\"auto, (max-width: 768px) 100vw, 768px\" \/><\/figure>\n\n\n\n<p><strong>Cemit\u00e9rio: Nossa Senhora das Lagrimas- Santa F\u00e9.<\/strong><\/p>\n\n\n\n<figure class=\"wp-block-image size-full\"><img loading=\"lazy\" decoding=\"async\" width=\"440\" height=\"328\" src=\"https:\/\/radar190.com.br\/wp-content\/uploads\/2024\/10\/image-21.png\" alt=\"\" class=\"wp-image-4147\" srcset=\"https:\/\/radar190.com.br\/wp-content\/uploads\/2024\/10\/image-21.png 440w, https:\/\/radar190.com.br\/wp-content\/uploads\/2024\/10\/image-21-300x224.png 300w\" sizes=\"auto, (max-width: 440px) 100vw, 440px\" \/><\/figure>\n\n\n\n<p><strong>Cemit\u00e9rio: Comunidade do Braga<\/strong><\/p>\n\n\n\n<figure class=\"wp-block-image size-full\"><img loading=\"lazy\" decoding=\"async\" width=\"400\" height=\"300\" src=\"https:\/\/radar190.com.br\/wp-content\/uploads\/2024\/10\/image-22.png\" alt=\"\" class=\"wp-image-4148\" srcset=\"https:\/\/radar190.com.br\/wp-content\/uploads\/2024\/10\/image-22.png 400w, https:\/\/radar190.com.br\/wp-content\/uploads\/2024\/10\/image-22-300x225.png 300w\" sizes=\"auto, (max-width: 400px) 100vw, 400px\" \/><\/figure>\n        <div class=\"booster-block booster-reactions-block\">\n            <div class=\"twp-reactions-icons\">\n                \n                <div class=\"twp-reacts-wrap\">\n                    <a react-data=\"be-react-1\" post-id=\"4144\" class=\"be-face-icons un-reacted\" href=\"javascript:void(0)\">\n                        <img decoding=\"async\" src=\"https:\/\/radar190.com.br\/wp-content\/plugins\/booster-extension\/\/assets\/icon\/happy.svg\" alt=\"Happy\">\n                    <\/a>\n                    <div class=\"twp-reaction-title\">\n                        Happy                    <\/div>\n                    <div class=\"twp-count-percent\">\n                                                    <span style=\"display: none;\" class=\"twp-react-count\">0<\/span>\n                        \n                                                <span class=\"twp-react-percent\"><span>0<\/span> %<\/span>\n                                            <\/div>\n                <\/div>\n\n                <div class=\"twp-reacts-wrap\">\n                    <a react-data=\"be-react-2\" post-id=\"4144\" class=\"be-face-icons un-reacted\" href=\"javascript:void(0)\">\n                        <img decoding=\"async\" src=\"https:\/\/radar190.com.br\/wp-content\/plugins\/booster-extension\/\/assets\/icon\/sad.svg\" alt=\"Sad\">\n                    <\/a>\n                    <div class=\"twp-reaction-title\">\n                        Sad                    <\/div>\n                    <div class=\"twp-count-percent\">\n                                                    <span style=\"display: none;\" class=\"twp-react-count\">0<\/span>\n                                                                        <span class=\"twp-react-percent\"><span>0<\/span> %<\/span>\n                                            <\/div>\n                <\/div>\n\n                <div class=\"twp-reacts-wrap\">\n                    <a react-data=\"be-react-3\" post-id=\"4144\" class=\"be-face-icons un-reacted\" href=\"javascript:void(0)\">\n                        <img decoding=\"async\" src=\"https:\/\/radar190.com.br\/wp-content\/plugins\/booster-extension\/\/assets\/icon\/excited.svg\" alt=\"Excited\">\n                    <\/a>\n                    <div class=\"twp-reaction-title\">\n                        Excited                    <\/div>\n                    <div class=\"twp-count-percent\">\n                                                    <span style=\"display: none;\" class=\"twp-react-count\">0<\/span>\n                                                                        <span class=\"twp-react-percent\"><span>0<\/span> %<\/span>\n                                            <\/div>\n                <\/div>\n\n                <div class=\"twp-reacts-wrap\">\n                    <a react-data=\"be-react-6\" post-id=\"4144\" class=\"be-face-icons un-reacted\" href=\"javascript:void(0)\">\n                        <img decoding=\"async\" src=\"https:\/\/radar190.com.br\/wp-content\/plugins\/booster-extension\/\/assets\/icon\/sleepy.svg\" alt=\"Sleepy\">\n                    <\/a>\n                    <div class=\"twp-reaction-title\">\n                        Sleepy                    <\/div>\n                    <div class=\"twp-count-percent\">\n                                                    <span style=\"display: none;\" class=\"twp-react-count\">0<\/span>\n                        \n                                                <span class=\"twp-react-percent\"><span>0<\/span> %<\/span>\n                                            <\/div>\n                <\/div>\n\n                <div class=\"twp-reacts-wrap\">\n                    <a react-data=\"be-react-4\" post-id=\"4144\" class=\"be-face-icons un-reacted\" href=\"javascript:void(0)\">\n                        <img decoding=\"async\" src=\"https:\/\/radar190.com.br\/wp-content\/plugins\/booster-extension\/\/assets\/icon\/angry.svg\" alt=\"Angry\">\n                    <\/a>\n                    <div class=\"twp-reaction-title\">Angry<\/div>\n                    <div class=\"twp-count-percent\">\n                                                    <span style=\"display: none;\" class=\"twp-react-count\">0<\/span>\n                                                                        <span class=\"twp-react-percent\"><span>0<\/span> %<\/span>\n                        \n                    <\/div>\n                <\/div>\n\n                <div class=\"twp-reacts-wrap\">\n                    <a react-data=\"be-react-5\" post-id=\"4144\" class=\"be-face-icons un-reacted\" href=\"javascript:void(0)\">\n                        <img decoding=\"async\" src=\"https:\/\/radar190.com.br\/wp-content\/plugins\/booster-extension\/\/assets\/icon\/surprise.svg\" alt=\"Surprise\">\n                    <\/a>\n                    <div class=\"twp-reaction-title\">Surprise<\/div>\n                    <div class=\"twp-count-percent\">\n                                                    <span style=\"display: none;\" class=\"twp-react-count\">0<\/span>\n                                                                        <span class=\"twp-react-percent\"><span>0<\/span> %<\/span>\n                                            <\/div>\n                <\/div>\n\n            <\/div>\n        <\/div>\n\n    ","protected":false},"excerpt":{"rendered":"<p>A Prefeitura de Monte Horebe realizou limpeza e manuten\u00e7\u00e3o nos quatro cemit\u00e9rios municipais, nos dias que antecedem o feriado de Finados, no dia 2 de novembro. Os servi\u00e7os s\u00e3o executados pela Secretaria de Obras, que prioriza os trabalhos de ro\u00e7agem de mato, capinam da grama, varri\u00e7\u00e3o, rastelar\u00e3o remo\u00e7\u00e3o de lixo [&hellip;]<\/p>\n","protected":false},"author":1,"featured_media":4150,"comment_status":"open","ping_status":"open","sticky":false,"template":"","format":"standard","meta":{"_mi_skip_tracking":false,"_ti_tpc_template_sync":false,"_ti_tpc_template_id":"","_joinchat":[],"footnotes":""},"categories":[5,14,13,1,9,18,12,8],"tags":[],"class_list":["post-4144","post","type-post","status-publish","format-standard","has-post-thumbnail","hentry","category-brasil","category-cidades","category-cultural","category-uncategorized","category-esporte","category-mundo-brasil","category-paraiba","category-policial"],"_links":{"self":[{"href":"https:\/\/radar190.com.br\/index.php\/wp-json\/wp\/v2\/posts\/4144","targetHints":{"allow":["GET"]}}],"collection":[{"href":"https:\/\/radar190.com.br\/index.php\/wp-json\/wp\/v2\/posts"}],"about":[{"href":"https:\/\/radar190.com.br\/index.php\/wp-json\/wp\/v2\/types\/post"}],"author":[{"embeddable":true,"href":"https:\/\/radar190.com.br\/index.php\/wp-json\/wp\/v2\/users\/1"}],"replies":[{"embeddable":true,"href":"https:\/\/radar190.com.br\/index.php\/wp-json\/wp\/v2\/comments?post=4144"}],"version-history":[{"count":1,"href":"https:\/\/radar190.com.br\/index.php\/wp-json\/wp\/v2\/posts\/4144\/revisions"}],"predecessor-version":[{"id":4149,"href":"https:\/\/radar190.com.br\/index.php\/wp-json\/wp\/v2\/posts\/4144\/revisions\/4149"}],"wp:featuredmedia":[{"embeddable":true,"href":"https:\/\/radar190.com.br\/index.php\/wp-json\/wp\/v2\/media\/4150"}],"wp:attachment":[{"href":"https:\/\/radar190.com.br\/index.php\/wp-json\/wp\/v2\/media?parent=4144"}],"wp:term":[{"taxonomy":"category","embeddable":true,"href":"https:\/\/radar190.com.br\/index.php\/wp-json\/wp\/v2\/categories?post=4144"},{"taxonomy":"post_tag","embeddable":true,"href":"https:\/\/radar190.com.br\/index.php\/wp-json\/wp\/v2\/tags?post=4144"}],"curies":[{"name":"wp","href":"https:\/\/api.w.org\/{rel}","templated":true}]}}