{"id":4092,"date":"2024-10-18T08:32:17","date_gmt":"2024-10-18T11:32:17","guid":{"rendered":"https:\/\/radar190.com.br\/?p=4092"},"modified":"2024-10-18T08:33:23","modified_gmt":"2024-10-18T11:33:23","slug":"reuniao-define-presidencias-da-camara-de-monte-horebe-para-1-e-2-bienio-veja","status":"publish","type":"post","link":"https:\/\/radar190.com.br\/index.php\/2024\/10\/18\/reuniao-define-presidencias-da-camara-de-monte-horebe-para-1-e-2-bienio-veja\/","title":{"rendered":"Reuni\u00e3o define presid\u00eancias da C\u00e2mara de Monte Horebe para 1\u00b0 e 2\u00b0 Bi\u00eanio; Veja."},"content":{"rendered":"<div class='booster-block booster-read-block'>\n                <div class=\"twp-read-time\">\n                \t<i class=\"booster-icon twp-clock\"><\/i> <span>Read Time:<\/span>23 Second                <\/div>\n\n            <\/div>\n<p>Em reuni\u00e3o realizada nesta quarta-feira (16) entre os sete vereadores eleitos no \u00faltimo dia (06), do grupo de situa\u00e7\u00e3o, em Monte Horebe, ficou definidas as forma\u00e7\u00f5es das mesas diretoras.<\/p>\n\n\n\n<p>Primeiro Bi\u00eanio, presidente: Agamenon Dias Guarita, (J\u00fanior), VICE PRESIDENTE: Mirtes Cavalcanti Palitot<br>PRIMEIRO SECRET\u00c1RIO: Jefson da Costa Pereira Dantas<br>SEGUNDO SECRET\u00c1RIO: Pedro Pereira de Morais<\/p>\n\n\n\n<p>SEGUNDO BI\u00caNIO 2027\/2028<\/p>\n\n\n\n<p>PRESIDENTE: M\u00e1rcio Jos\u00e9 Nogueira<br>VICE PRESIDENTE: Jefson da Costa Pereira Dantas<br>PRIMEIRO SECRET\u00c1RIO: Agamenon Dias Guarita J\u00fanior<br>SEGUNDO SECRET\u00c1RIO: Mirtes Cavalcanti Palitot.<\/p>\n\n\n\n<figure class=\"wp-block-image size-full\"><img loading=\"lazy\" decoding=\"async\" width=\"384\" height=\"306\" src=\"https:\/\/radar190.com.br\/wp-content\/uploads\/2024\/10\/a3947f4f-c25f-4ff6-852f-acbf73b510f9-768x612-1.jpeg\" alt=\"\" class=\"wp-image-4093\" srcset=\"https:\/\/radar190.com.br\/wp-content\/uploads\/2024\/10\/a3947f4f-c25f-4ff6-852f-acbf73b510f9-768x612-1.jpeg 384w, https:\/\/radar190.com.br\/wp-content\/uploads\/2024\/10\/a3947f4f-c25f-4ff6-852f-acbf73b510f9-768x612-1-300x239.jpeg 300w\" sizes=\"auto, (max-width: 384px) 100vw, 384px\" \/><\/figure>\n        <div class=\"booster-block booster-reactions-block\">\n            <div class=\"twp-reactions-icons\">\n                \n                <div class=\"twp-reacts-wrap\">\n                    <a react-data=\"be-react-1\" post-id=\"4092\" class=\"be-face-icons un-reacted\" href=\"javascript:void(0)\">\n                        <img decoding=\"async\" src=\"https:\/\/radar190.com.br\/wp-content\/plugins\/booster-extension\/\/assets\/icon\/happy.svg\" alt=\"Happy\">\n                    <\/a>\n                    <div class=\"twp-reaction-title\">\n                        Happy                    <\/div>\n                    <div class=\"twp-count-percent\">\n                                                    <span style=\"display: none;\" class=\"twp-react-count\">0<\/span>\n                        \n                                                <span class=\"twp-react-percent\"><span>0<\/span> %<\/span>\n                                            <\/div>\n                <\/div>\n\n                <div class=\"twp-reacts-wrap\">\n                    <a react-data=\"be-react-2\" post-id=\"4092\" class=\"be-face-icons un-reacted\" href=\"javascript:void(0)\">\n                        <img decoding=\"async\" src=\"https:\/\/radar190.com.br\/wp-content\/plugins\/booster-extension\/\/assets\/icon\/sad.svg\" alt=\"Sad\">\n                    <\/a>\n                    <div class=\"twp-reaction-title\">\n                        Sad                    <\/div>\n                    <div class=\"twp-count-percent\">\n                                                    <span style=\"display: none;\" class=\"twp-react-count\">0<\/span>\n                                                                        <span class=\"twp-react-percent\"><span>0<\/span> %<\/span>\n                                            <\/div>\n                <\/div>\n\n                <div class=\"twp-reacts-wrap\">\n                    <a react-data=\"be-react-3\" post-id=\"4092\" class=\"be-face-icons un-reacted\" href=\"javascript:void(0)\">\n                        <img decoding=\"async\" src=\"https:\/\/radar190.com.br\/wp-content\/plugins\/booster-extension\/\/assets\/icon\/excited.svg\" alt=\"Excited\">\n                    <\/a>\n                    <div class=\"twp-reaction-title\">\n                        Excited                    <\/div>\n                    <div class=\"twp-count-percent\">\n                                                    <span style=\"display: none;\" class=\"twp-react-count\">0<\/span>\n                                                                        <span class=\"twp-react-percent\"><span>0<\/span> %<\/span>\n                                            <\/div>\n                <\/div>\n\n                <div class=\"twp-reacts-wrap\">\n                    <a react-data=\"be-react-6\" post-id=\"4092\" class=\"be-face-icons un-reacted\" href=\"javascript:void(0)\">\n                        <img decoding=\"async\" src=\"https:\/\/radar190.com.br\/wp-content\/plugins\/booster-extension\/\/assets\/icon\/sleepy.svg\" alt=\"Sleepy\">\n                    <\/a>\n                    <div class=\"twp-reaction-title\">\n                        Sleepy                    <\/div>\n                    <div class=\"twp-count-percent\">\n                                                    <span style=\"display: none;\" class=\"twp-react-count\">0<\/span>\n                        \n                                                <span class=\"twp-react-percent\"><span>0<\/span> %<\/span>\n                                            <\/div>\n                <\/div>\n\n                <div class=\"twp-reacts-wrap\">\n                    <a react-data=\"be-react-4\" post-id=\"4092\" class=\"be-face-icons un-reacted\" href=\"javascript:void(0)\">\n                        <img decoding=\"async\" src=\"https:\/\/radar190.com.br\/wp-content\/plugins\/booster-extension\/\/assets\/icon\/angry.svg\" alt=\"Angry\">\n                    <\/a>\n                    <div class=\"twp-reaction-title\">Angry<\/div>\n                    <div class=\"twp-count-percent\">\n                                                    <span style=\"display: none;\" class=\"twp-react-count\">0<\/span>\n                                                                        <span class=\"twp-react-percent\"><span>0<\/span> %<\/span>\n                        \n                    <\/div>\n                <\/div>\n\n                <div class=\"twp-reacts-wrap\">\n                    <a react-data=\"be-react-5\" post-id=\"4092\" class=\"be-face-icons un-reacted\" href=\"javascript:void(0)\">\n                        <img decoding=\"async\" src=\"https:\/\/radar190.com.br\/wp-content\/plugins\/booster-extension\/\/assets\/icon\/surprise.svg\" alt=\"Surprise\">\n                    <\/a>\n                    <div class=\"twp-reaction-title\">Surprise<\/div>\n                    <div class=\"twp-count-percent\">\n                                                    <span style=\"display: none;\" class=\"twp-react-count\">0<\/span>\n                                                                        <span class=\"twp-react-percent\"><span>0<\/span> %<\/span>\n                                            <\/div>\n                <\/div>\n\n            <\/div>\n        <\/div>\n\n    ","protected":false},"excerpt":{"rendered":"<p>Em reuni\u00e3o realizada nesta quarta-feira (16) entre os sete vereadores eleitos no \u00faltimo dia (06), do grupo de situa\u00e7\u00e3o, em Monte Horebe, ficou definidas as forma\u00e7\u00f5es das mesas diretoras. Primeiro Bi\u00eanio, presidente: Agamenon Dias Guarita, (J\u00fanior), VICE PRESIDENTE: Mirtes Cavalcanti PalitotPRIMEIRO SECRET\u00c1RIO: Jefson da Costa Pereira DantasSEGUNDO SECRET\u00c1RIO: Pedro Pereira [&hellip;]<\/p>\n","protected":false},"author":1,"featured_media":4095,"comment_status":"open","ping_status":"open","sticky":false,"template":"","format":"standard","meta":{"_mi_skip_tracking":false,"_ti_tpc_template_sync":false,"_ti_tpc_template_id":"","_joinchat":[],"footnotes":""},"categories":[5,14,13,1,9,18,12,8],"tags":[],"class_list":["post-4092","post","type-post","status-publish","format-standard","has-post-thumbnail","hentry","category-brasil","category-cidades","category-cultural","category-uncategorized","category-esporte","category-mundo-brasil","category-paraiba","category-policial"],"_links":{"self":[{"href":"https:\/\/radar190.com.br\/index.php\/wp-json\/wp\/v2\/posts\/4092","targetHints":{"allow":["GET"]}}],"collection":[{"href":"https:\/\/radar190.com.br\/index.php\/wp-json\/wp\/v2\/posts"}],"about":[{"href":"https:\/\/radar190.com.br\/index.php\/wp-json\/wp\/v2\/types\/post"}],"author":[{"embeddable":true,"href":"https:\/\/radar190.com.br\/index.php\/wp-json\/wp\/v2\/users\/1"}],"replies":[{"embeddable":true,"href":"https:\/\/radar190.com.br\/index.php\/wp-json\/wp\/v2\/comments?post=4092"}],"version-history":[{"count":1,"href":"https:\/\/radar190.com.br\/index.php\/wp-json\/wp\/v2\/posts\/4092\/revisions"}],"predecessor-version":[{"id":4094,"href":"https:\/\/radar190.com.br\/index.php\/wp-json\/wp\/v2\/posts\/4092\/revisions\/4094"}],"wp:featuredmedia":[{"embeddable":true,"href":"https:\/\/radar190.com.br\/index.php\/wp-json\/wp\/v2\/media\/4095"}],"wp:attachment":[{"href":"https:\/\/radar190.com.br\/index.php\/wp-json\/wp\/v2\/media?parent=4092"}],"wp:term":[{"taxonomy":"category","embeddable":true,"href":"https:\/\/radar190.com.br\/index.php\/wp-json\/wp\/v2\/categories?post=4092"},{"taxonomy":"post_tag","embeddable":true,"href":"https:\/\/radar190.com.br\/index.php\/wp-json\/wp\/v2\/tags?post=4092"}],"curies":[{"name":"wp","href":"https:\/\/api.w.org\/{rel}","templated":true}]}}