{"id":4084,"date":"2024-10-16T08:35:40","date_gmt":"2024-10-16T11:35:40","guid":{"rendered":"https:\/\/radar190.com.br\/?p=4084"},"modified":"2024-10-16T08:36:03","modified_gmt":"2024-10-16T11:36:03","slug":"ciganos-acusados-do-assassinato-de-taxista-cajazeirense-sao-absolvidos-em-sousa","status":"publish","type":"post","link":"https:\/\/radar190.com.br\/index.php\/2024\/10\/16\/ciganos-acusados-do-assassinato-de-taxista-cajazeirense-sao-absolvidos-em-sousa\/","title":{"rendered":"Ciganos acusados do assassinato de taxista cajazeirense s\u00e3o absolvidos, em Sousa"},"content":{"rendered":"<div class='booster-block booster-read-block'>\n                <div class=\"twp-read-time\">\n                \t<i class=\"booster-icon twp-clock\"><\/i> <span>Read Time:<\/span>3 Minute, 9 Second                <\/div>\n\n            <\/div>\n<p>Com a decis\u00e3o prolatada nesta segunda-feira (14), que tamb\u00e9m revogou as cautelares diversas da pris\u00e3o impostas aos acusados.<\/p>\n\n\n\n<p>A pedido do Minist\u00e9rio P\u00fablico (MPPB) e dos advogados de defesa dos acusados, o juiz da 1\u00aa Vara Mista da Comarca de Sousa, Dr. Jos\u00e9 Normando Fernandes, julgou improcedente a den\u00fancia e impronunciou os r\u00e9us Pedro Alves Cabral (D\u00e3o Cigano), Ricardo Alves Ara\u00fajo, Manoel Messias Alves (Cigano Cula), Francisco Ramon Carreiro (Ramon Cigano) e Jos\u00e9 Francisco Cabral (Cigano Miguel), da acusa\u00e7\u00e3o do assinado do taxista C\u00edcero Gomes de Abreu, mais conhecido como Rodrigo Abreu.<\/p>\n\n\n\n<p>Inicialmente, de acordo com inqu\u00e9rito policial e den\u00fancia apresentada em ju\u00edzo pelo MPPB, o corpo do taxista foi encontrado no dia 14 de dezembro de 2020, em um matagal no S\u00edtio Concei\u00e7\u00e3o, Zona Rural do munic\u00edpio de Sousa-PB, com sinais de viol\u00eancia (asfixia e estrangulamento) e uma corda amarrada ao pesco\u00e7o.Com a decis\u00e3o prolatada nesta segunda-feira (14), que tamb\u00e9m revogou as cautelares diversas da pris\u00e3o impostas aos acusados, o magistrado ressaltou que a decis\u00e3o de impron\u00fancia ocorreu devido \u00e0 falta de lastro probat\u00f3rio m\u00ednimo nos autos da den\u00fancia que permitisse submet\u00ea-los ao Tribunal do J\u00fari.<\/p>\n\n\n\n<p>\u201cA partir de uma an\u00e1lise aos depoimentos prestados em sede de instru\u00e7\u00e3o processual, verifica-se que as testemunhas arroladas na acusa\u00e7\u00e3o s\u00e3o un\u00edssonas em afirmar que os denunciados n\u00e3o conheciam a v\u00edtima e que somente tomaram conhecimento de que C\u00edcero era o respons\u00e1vel pelo acidente que culminou com a morte dos filhos de D\u00e3o Cigano, quando passou a ser veiculada a not\u00edcia do seu assassinato pelos ve\u00edculos de informa\u00e7\u00e3o local. Dessa forma, verifica-se que, em face da fragilidade da prova da autoria do delito exposto na exordial, n\u00e3o est\u00e1 autorizada a senten\u00e7a condenat\u00f3ria, uma vez que esta n\u00e3o pode estar calcada sem um ju\u00edzo de certeza\u201d, sentenciou o magistrado.<\/p>\n\n\n\n<p>Entenda o caso<\/p>\n\n\n\n<p>Inicialmente, as investiga\u00e7\u00f5es da Policia Civil da Para\u00edba relataram que no dia 13 de maio de 2020, o taxista C\u00edcero Gomes de Abreu se envolveu em um acidente de tr\u00e2nsito no trecho urbano da BR 230, em Sousa, que culminou com a morte de tr\u00eas integrantes da comunidade cigana: Pedro Bernardone, conhecido como \u201cReizinho Cigano\u201d, de 38 anos de idade, C\u00edcero Cristiano Cabral, conhecido como \u201cCristiano\u201d, de 34 anos e Francisco Wellington Pedro Maia Cabral, de 8 anos de idade, filho de \u201cCristiano\u201d.<\/p>\n\n\n\n<p>O taxista que residia na cidade de Cajazeiras, Sert\u00e3o do Estado, dirigia um ve\u00edculo modelo L\u00ednea de cor preta e placas QFB 5H50 quando bateu na traseira de uma motocicleta de cor vermelha e ocupada por quatro pessoas. Apenas o menino Raimundo Nonato Silva Lima, de 4 anos de idade escapou no acidente.<\/p>\n\n\n\n<p>No dia seguinte ao acidente de transito, segunda-feira, 13 de agosto de 2020, por volta de 17h, o copo do taxista foi encontrado com sinais de viol\u00eancia e uma corda amarrada ao pesco\u00e7o, no S\u00edtio Concei\u00e7\u00e3o, pr\u00f3ximo a comunidade cigana.<\/p>\n\n\n\n<p><br>J\u00e1 o Relat\u00f3rio Conclusivo do Inqu\u00e9rito Policial, que fundamentou a a\u00e7\u00e3o criminal julgada improcedente pelo Poder Judici\u00e1rio, apontou que C\u00edcero Gomes, no dia do acidente, ao perceber que \u00e0s v\u00edtimas do sinistro de tr\u00e2nsito se tratavam de integrantes da comunidade cigana, procurou \u201cD\u00e3o Cigano\u201d, tendo em vista considerar-se amigo do mesmo e por prestar servi\u00e7os \u00e0 localidade, j\u00e1 que era taxista, tudo com intuito de se justificar ou mesmo de pedir \u201cabrigo\u201d.<\/p>\n\n\n\n<p>No entanto, segundo as investiga\u00e7\u00f5es, ap\u00f3s tomarem conhecimento do parentesco das pessoas vitimadas no acidente de transito que o taxista se envolver\u00e1, os denunciados, resolveram p\u00f4r fim a vida da v\u00edtima, como forma de vingan\u00e7a pelas mortes ocorridas, utilizando-se de meio cruel e que dificultou a defesa do Cicero, privando a v\u00edtima de sua liberdade mediante sequestro, e ainda, associando com o fim de cometer crime de tortura e outros que culminaram com sua morte.<\/p>\n\n\n\n<figure class=\"wp-block-image size-full is-resized\"><img loading=\"lazy\" decoding=\"async\" width=\"918\" height=\"916\" src=\"https:\/\/radar190.com.br\/wp-content\/uploads\/2024\/10\/image-11.png\" alt=\"\" class=\"wp-image-4085\" style=\"width:514px;height:auto\" srcset=\"https:\/\/radar190.com.br\/wp-content\/uploads\/2024\/10\/image-11.png 918w, https:\/\/radar190.com.br\/wp-content\/uploads\/2024\/10\/image-11-300x300.png 300w, https:\/\/radar190.com.br\/wp-content\/uploads\/2024\/10\/image-11-150x150.png 150w, https:\/\/radar190.com.br\/wp-content\/uploads\/2024\/10\/image-11-768x766.png 768w\" sizes=\"auto, (max-width: 918px) 100vw, 918px\" \/><\/figure>\n        <div class=\"booster-block booster-reactions-block\">\n            <div class=\"twp-reactions-icons\">\n                \n                <div class=\"twp-reacts-wrap\">\n                    <a react-data=\"be-react-1\" post-id=\"4084\" class=\"be-face-icons un-reacted\" href=\"javascript:void(0)\">\n                        <img decoding=\"async\" src=\"https:\/\/radar190.com.br\/wp-content\/plugins\/booster-extension\/\/assets\/icon\/happy.svg\" alt=\"Happy\">\n                    <\/a>\n                    <div class=\"twp-reaction-title\">\n                        Happy                    <\/div>\n                    <div class=\"twp-count-percent\">\n                                                    <span style=\"display: none;\" class=\"twp-react-count\">0<\/span>\n                        \n                                                <span class=\"twp-react-percent\"><span>0<\/span> %<\/span>\n                                            <\/div>\n                <\/div>\n\n                <div class=\"twp-reacts-wrap\">\n                    <a react-data=\"be-react-2\" post-id=\"4084\" class=\"be-face-icons un-reacted\" href=\"javascript:void(0)\">\n                        <img decoding=\"async\" src=\"https:\/\/radar190.com.br\/wp-content\/plugins\/booster-extension\/\/assets\/icon\/sad.svg\" alt=\"Sad\">\n                    <\/a>\n                    <div class=\"twp-reaction-title\">\n                        Sad                    <\/div>\n                    <div class=\"twp-count-percent\">\n                                                    <span style=\"display: none;\" class=\"twp-react-count\">0<\/span>\n                                                                        <span class=\"twp-react-percent\"><span>0<\/span> %<\/span>\n                                            <\/div>\n                <\/div>\n\n                <div class=\"twp-reacts-wrap\">\n                    <a react-data=\"be-react-3\" post-id=\"4084\" class=\"be-face-icons un-reacted\" href=\"javascript:void(0)\">\n                        <img decoding=\"async\" src=\"https:\/\/radar190.com.br\/wp-content\/plugins\/booster-extension\/\/assets\/icon\/excited.svg\" alt=\"Excited\">\n                    <\/a>\n                    <div class=\"twp-reaction-title\">\n                        Excited                    <\/div>\n                    <div class=\"twp-count-percent\">\n                                                    <span style=\"display: none;\" class=\"twp-react-count\">0<\/span>\n                                                                        <span class=\"twp-react-percent\"><span>0<\/span> %<\/span>\n                                            <\/div>\n                <\/div>\n\n                <div class=\"twp-reacts-wrap\">\n                    <a react-data=\"be-react-6\" post-id=\"4084\" class=\"be-face-icons un-reacted\" href=\"javascript:void(0)\">\n                        <img decoding=\"async\" src=\"https:\/\/radar190.com.br\/wp-content\/plugins\/booster-extension\/\/assets\/icon\/sleepy.svg\" alt=\"Sleepy\">\n                    <\/a>\n                    <div class=\"twp-reaction-title\">\n                        Sleepy                    <\/div>\n                    <div class=\"twp-count-percent\">\n                                                    <span style=\"display: none;\" class=\"twp-react-count\">0<\/span>\n                        \n                                                <span class=\"twp-react-percent\"><span>0<\/span> %<\/span>\n                                            <\/div>\n                <\/div>\n\n                <div class=\"twp-reacts-wrap\">\n                    <a react-data=\"be-react-4\" post-id=\"4084\" class=\"be-face-icons un-reacted\" href=\"javascript:void(0)\">\n                        <img decoding=\"async\" src=\"https:\/\/radar190.com.br\/wp-content\/plugins\/booster-extension\/\/assets\/icon\/angry.svg\" alt=\"Angry\">\n                    <\/a>\n                    <div class=\"twp-reaction-title\">Angry<\/div>\n                    <div class=\"twp-count-percent\">\n                                                    <span style=\"display: none;\" class=\"twp-react-count\">0<\/span>\n                                                                        <span class=\"twp-react-percent\"><span>0<\/span> %<\/span>\n                        \n                    <\/div>\n                <\/div>\n\n                <div class=\"twp-reacts-wrap\">\n                    <a react-data=\"be-react-5\" post-id=\"4084\" class=\"be-face-icons un-reacted\" href=\"javascript:void(0)\">\n                        <img decoding=\"async\" src=\"https:\/\/radar190.com.br\/wp-content\/plugins\/booster-extension\/\/assets\/icon\/surprise.svg\" alt=\"Surprise\">\n                    <\/a>\n                    <div class=\"twp-reaction-title\">Surprise<\/div>\n                    <div class=\"twp-count-percent\">\n                                                    <span style=\"display: none;\" class=\"twp-react-count\">0<\/span>\n                                                                        <span class=\"twp-react-percent\"><span>0<\/span> %<\/span>\n                                            <\/div>\n                <\/div>\n\n            <\/div>\n        <\/div>\n\n    ","protected":false},"excerpt":{"rendered":"<p>Com a decis\u00e3o prolatada nesta segunda-feira (14), que tamb\u00e9m revogou as cautelares diversas da pris\u00e3o impostas aos acusados. A pedido do Minist\u00e9rio P\u00fablico (MPPB) e dos advogados de defesa dos acusados, o juiz da 1\u00aa Vara Mista da Comarca de Sousa, Dr. Jos\u00e9 Normando Fernandes, julgou improcedente a den\u00fancia e [&hellip;]<\/p>\n","protected":false},"author":1,"featured_media":4087,"comment_status":"open","ping_status":"open","sticky":false,"template":"","format":"standard","meta":{"_mi_skip_tracking":false,"_ti_tpc_template_sync":false,"_ti_tpc_template_id":"","_joinchat":[],"footnotes":""},"categories":[5,14,13,1,9,18,12,8],"tags":[],"class_list":["post-4084","post","type-post","status-publish","format-standard","has-post-thumbnail","hentry","category-brasil","category-cidades","category-cultural","category-uncategorized","category-esporte","category-mundo-brasil","category-paraiba","category-policial"],"_links":{"self":[{"href":"https:\/\/radar190.com.br\/index.php\/wp-json\/wp\/v2\/posts\/4084","targetHints":{"allow":["GET"]}}],"collection":[{"href":"https:\/\/radar190.com.br\/index.php\/wp-json\/wp\/v2\/posts"}],"about":[{"href":"https:\/\/radar190.com.br\/index.php\/wp-json\/wp\/v2\/types\/post"}],"author":[{"embeddable":true,"href":"https:\/\/radar190.com.br\/index.php\/wp-json\/wp\/v2\/users\/1"}],"replies":[{"embeddable":true,"href":"https:\/\/radar190.com.br\/index.php\/wp-json\/wp\/v2\/comments?post=4084"}],"version-history":[{"count":1,"href":"https:\/\/radar190.com.br\/index.php\/wp-json\/wp\/v2\/posts\/4084\/revisions"}],"predecessor-version":[{"id":4086,"href":"https:\/\/radar190.com.br\/index.php\/wp-json\/wp\/v2\/posts\/4084\/revisions\/4086"}],"wp:featuredmedia":[{"embeddable":true,"href":"https:\/\/radar190.com.br\/index.php\/wp-json\/wp\/v2\/media\/4087"}],"wp:attachment":[{"href":"https:\/\/radar190.com.br\/index.php\/wp-json\/wp\/v2\/media?parent=4084"}],"wp:term":[{"taxonomy":"category","embeddable":true,"href":"https:\/\/radar190.com.br\/index.php\/wp-json\/wp\/v2\/categories?post=4084"},{"taxonomy":"post_tag","embeddable":true,"href":"https:\/\/radar190.com.br\/index.php\/wp-json\/wp\/v2\/tags?post=4084"}],"curies":[{"name":"wp","href":"https:\/\/api.w.org\/{rel}","templated":true}]}}