{"id":4051,"date":"2024-10-07T17:08:20","date_gmt":"2024-10-07T20:08:20","guid":{"rendered":"https:\/\/radar190.com.br\/?p=4051"},"modified":"2024-10-07T17:14:42","modified_gmt":"2024-10-07T20:14:42","slug":"reeleito-prefeito-ceninha-diz-que-vitoria-prova-reconhecimento-do-trabalho-em-bonito-de-santa-fe","status":"publish","type":"post","link":"https:\/\/radar190.com.br\/index.php\/2024\/10\/07\/reeleito-prefeito-ceninha-diz-que-vitoria-prova-reconhecimento-do-trabalho-em-bonito-de-santa-fe\/","title":{"rendered":"Reeleito, prefeito Ceninha diz que vit\u00f3ria prova \u201dreconhecimento do trabalho em Bonito de Santa F\u00e9\u201d"},"content":{"rendered":"<div class='booster-block booster-read-block'>\n                <div class=\"twp-read-time\">\n                \t<i class=\"booster-icon twp-clock\"><\/i> <span>Read Time:<\/span>1 Minute, 50 Second                <\/div>\n\n            <\/div>\n<figure class=\"wp-block-image size-full\"><img loading=\"lazy\" decoding=\"async\" width=\"750\" height=\"485\" src=\"https:\/\/radar190.com.br\/wp-content\/uploads\/2024\/10\/image-4.png\" alt=\"\" class=\"wp-image-4052\" srcset=\"https:\/\/radar190.com.br\/wp-content\/uploads\/2024\/10\/image-4.png 750w, https:\/\/radar190.com.br\/wp-content\/uploads\/2024\/10\/image-4-300x194.png 300w\" sizes=\"auto, (max-width: 750px) 100vw, 750px\" \/><\/figure>\n\n\n\n<p>Em participa\u00e7\u00e3o no programa Olho Vivo na Rede Di\u00e1rio de Comunica\u00e7\u00e3o, Ceninha Lucena agradeceu pela vota\u00e7\u00e3o e garantiu continuar trabalhando pelo munic\u00edpio sertanejo<\/p>\n\n\n\n<p>O prefeito Ceninha Lucena (Republicanos) venceu as elei\u00e7\u00f5es 2024 e foi reeleito prefeito de Bonito de Santa F\u00e9.Ceninha obteve 3.917 votos, o que representa 61,03% dos votos v\u00e1lidos, contra 2.501 votos, (38,97%) de Sabino J\u00fanior (PL).<\/p>\n\n\n\n<p>A elei\u00e7\u00e3o em Bonito de Santa F\u00e9 teve 6.619 votos totais, o que inclui 65 votos brancos, 0,98% dos votos totais, e 136 votos nulos, 2,05%.\u00a0A absten\u00e7\u00e3o foi de 1.330 eleitores, 16,73% do total de aptos a votar nas elei\u00e7\u00f5es 2024 na cidade.Em participa\u00e7\u00e3o no programa Olho Vivo na TV&nbsp;<a href=\"https:\/\/www.diariodosertao.com.br\/\">Di\u00e1rio do Sert\u00e3o<\/a>, retransmitido na r\u00e1dio Nova Bonito FM, emissora integrante da Rede Di\u00e1rio de Comunica\u00e7\u00e3o, nesta segunda-feira (07), o prefeito reeleito Ceninha Lucena agradeceu pela vota\u00e7\u00e3o e garantiu continuar trabalhando pelo munic\u00edpio.<\/p>\n\n\n\n<p>\u201dO povo de Bonito de Santa F\u00e9 demonstrou ao Brasil que tomou uma atitude para tentar acabar com a politicagem do toma l\u00e1 d\u00e1 c\u00e1. Nosso trabalho foi reconhecido pela popula\u00e7\u00e3o j\u00e1 que estamos \u00e0 frente da prefeitura. O povo mostrou que sabe reconhecer quem luta e quem trabalha. A popula\u00e7\u00e3o deu a resposta. O trabalho supera intoler\u00e2ncia ou qualquer tentativa de frustrar o eleitor. O povo de Bonito mostrou que sabe reconhecer o trabalho\u201d, disse Ceninha<\/p>\n\n\n\n<p><strong>O PREFEITO REELEITO<\/strong><\/p>\n\n\n\n<p>Ceninha Lucena tem 57 anos, \u00e9 casado, tem superior completo e declara \u00e0 Justi\u00e7a Eleitoral a ocupa\u00e7\u00e3o de prefeito. Ele declarou um patrim\u00f4nio de R$ 100.933,21.<\/p>\n\n\n\n<p>A vice-prefeita eleita em Bonito de Santa F\u00e9 \u00e9 Dinorah Ramalho, do PSB, que tem 43 anos.<\/p>\n\n\n\n<p>Os dois fazem parte da coliga\u00e7\u00e3o AVAN\u00c7A BONITO, formada pelos partidos REPUBLICANOS, PP, MDB, PSB, UNI\u00c3O e PSD.<\/p>\n\n\n\n<p><strong>VEREADORES ELEITOS EM BONITO DE SANTA F\u00c9 NAS ELEI\u00c7\u00d5ES 2024<\/strong><\/p>\n\n\n\n<ol class=\"wp-block-list\">\n<li><strong>DENILSON FERREIRA (MDB) obteve 570 votos<\/strong><\/li>\n\n\n\n<li><strong>RIBEIRO (Republicanos) obteve 530 votos<\/strong><\/li>\n\n\n\n<li><strong>RAFAELA DA PESCA (Republicanos) obteve 504 votos<\/strong><\/li>\n\n\n\n<li><strong>NEN\u00c9M BARBOSA (MDB) obteve 502<\/strong><\/li>\n\n\n\n<li><strong>PEDRO PAULO (MDB) obteve 502 votos<\/strong><\/li>\n\n\n\n<li><strong>SALES POLICIAL (Republicanos) obteve 432 votos<\/strong><\/li>\n\n\n\n<li><strong>GILBERTO BRITO (Republicanos) obteve 430 votos<\/strong><\/li>\n\n\n\n<li><strong>MARINALVA DA SA\u00daDE (Republicanos) obteve 425 votos<\/strong><\/li>\n\n\n\n<li><strong>VAN DO VIANA (MDB) obteve 423 votos<\/strong><\/li>\n<\/ol>\n        <div class=\"booster-block booster-reactions-block\">\n            <div class=\"twp-reactions-icons\">\n                \n                <div class=\"twp-reacts-wrap\">\n                    <a react-data=\"be-react-1\" post-id=\"4051\" class=\"be-face-icons un-reacted\" href=\"javascript:void(0)\">\n                        <img decoding=\"async\" src=\"https:\/\/radar190.com.br\/wp-content\/plugins\/booster-extension\/\/assets\/icon\/happy.svg\" alt=\"Happy\">\n                    <\/a>\n                    <div class=\"twp-reaction-title\">\n                        Happy                    <\/div>\n                    <div class=\"twp-count-percent\">\n                                                    <span style=\"display: none;\" class=\"twp-react-count\">0<\/span>\n                        \n                                                <span class=\"twp-react-percent\"><span>0<\/span> %<\/span>\n                                            <\/div>\n                <\/div>\n\n                <div class=\"twp-reacts-wrap\">\n                    <a react-data=\"be-react-2\" post-id=\"4051\" class=\"be-face-icons un-reacted\" href=\"javascript:void(0)\">\n                        <img decoding=\"async\" src=\"https:\/\/radar190.com.br\/wp-content\/plugins\/booster-extension\/\/assets\/icon\/sad.svg\" alt=\"Sad\">\n                    <\/a>\n                    <div class=\"twp-reaction-title\">\n                        Sad                    <\/div>\n                    <div class=\"twp-count-percent\">\n                                                    <span style=\"display: none;\" class=\"twp-react-count\">0<\/span>\n                                                                        <span class=\"twp-react-percent\"><span>0<\/span> %<\/span>\n                                            <\/div>\n                <\/div>\n\n                <div class=\"twp-reacts-wrap\">\n                    <a react-data=\"be-react-3\" post-id=\"4051\" class=\"be-face-icons un-reacted\" href=\"javascript:void(0)\">\n                        <img decoding=\"async\" src=\"https:\/\/radar190.com.br\/wp-content\/plugins\/booster-extension\/\/assets\/icon\/excited.svg\" alt=\"Excited\">\n                    <\/a>\n                    <div class=\"twp-reaction-title\">\n                        Excited                    <\/div>\n                    <div class=\"twp-count-percent\">\n                                                    <span style=\"display: none;\" class=\"twp-react-count\">0<\/span>\n                                                                        <span class=\"twp-react-percent\"><span>0<\/span> %<\/span>\n                                            <\/div>\n                <\/div>\n\n                <div class=\"twp-reacts-wrap\">\n                    <a react-data=\"be-react-6\" post-id=\"4051\" class=\"be-face-icons un-reacted\" href=\"javascript:void(0)\">\n                        <img decoding=\"async\" src=\"https:\/\/radar190.com.br\/wp-content\/plugins\/booster-extension\/\/assets\/icon\/sleepy.svg\" alt=\"Sleepy\">\n                    <\/a>\n                    <div class=\"twp-reaction-title\">\n                        Sleepy                    <\/div>\n                    <div class=\"twp-count-percent\">\n                                                    <span style=\"display: none;\" class=\"twp-react-count\">0<\/span>\n                        \n                                                <span class=\"twp-react-percent\"><span>0<\/span> %<\/span>\n                                            <\/div>\n                <\/div>\n\n                <div class=\"twp-reacts-wrap\">\n                    <a react-data=\"be-react-4\" post-id=\"4051\" class=\"be-face-icons un-reacted\" href=\"javascript:void(0)\">\n                        <img decoding=\"async\" src=\"https:\/\/radar190.com.br\/wp-content\/plugins\/booster-extension\/\/assets\/icon\/angry.svg\" alt=\"Angry\">\n                    <\/a>\n                    <div class=\"twp-reaction-title\">Angry<\/div>\n                    <div class=\"twp-count-percent\">\n                                                    <span style=\"display: none;\" class=\"twp-react-count\">0<\/span>\n                                                                        <span class=\"twp-react-percent\"><span>0<\/span> %<\/span>\n                        \n                    <\/div>\n                <\/div>\n\n                <div class=\"twp-reacts-wrap\">\n                    <a react-data=\"be-react-5\" post-id=\"4051\" class=\"be-face-icons un-reacted\" href=\"javascript:void(0)\">\n                        <img decoding=\"async\" src=\"https:\/\/radar190.com.br\/wp-content\/plugins\/booster-extension\/\/assets\/icon\/surprise.svg\" alt=\"Surprise\">\n                    <\/a>\n                    <div class=\"twp-reaction-title\">Surprise<\/div>\n                    <div class=\"twp-count-percent\">\n                                                    <span style=\"display: none;\" class=\"twp-react-count\">0<\/span>\n                                                                        <span class=\"twp-react-percent\"><span>0<\/span> %<\/span>\n                                            <\/div>\n                <\/div>\n\n            <\/div>\n        <\/div>\n\n    ","protected":false},"excerpt":{"rendered":"<p>Em participa\u00e7\u00e3o no programa Olho Vivo na Rede Di\u00e1rio de Comunica\u00e7\u00e3o, Ceninha Lucena agradeceu pela vota\u00e7\u00e3o e garantiu continuar trabalhando pelo munic\u00edpio sertanejo O prefeito Ceninha Lucena (Republicanos) venceu as elei\u00e7\u00f5es 2024 e foi reeleito prefeito de Bonito de Santa F\u00e9.Ceninha obteve 3.917 votos, o que representa 61,03% dos votos [&hellip;]<\/p>\n","protected":false},"author":1,"featured_media":4054,"comment_status":"open","ping_status":"open","sticky":false,"template":"","format":"standard","meta":{"_mi_skip_tracking":false,"_ti_tpc_template_sync":false,"_ti_tpc_template_id":"","_joinchat":[],"footnotes":""},"categories":[5,14,13,1,9,18,12,8],"tags":[],"class_list":["post-4051","post","type-post","status-publish","format-standard","has-post-thumbnail","hentry","category-brasil","category-cidades","category-cultural","category-uncategorized","category-esporte","category-mundo-brasil","category-paraiba","category-policial"],"_links":{"self":[{"href":"https:\/\/radar190.com.br\/index.php\/wp-json\/wp\/v2\/posts\/4051","targetHints":{"allow":["GET"]}}],"collection":[{"href":"https:\/\/radar190.com.br\/index.php\/wp-json\/wp\/v2\/posts"}],"about":[{"href":"https:\/\/radar190.com.br\/index.php\/wp-json\/wp\/v2\/types\/post"}],"author":[{"embeddable":true,"href":"https:\/\/radar190.com.br\/index.php\/wp-json\/wp\/v2\/users\/1"}],"replies":[{"embeddable":true,"href":"https:\/\/radar190.com.br\/index.php\/wp-json\/wp\/v2\/comments?post=4051"}],"version-history":[{"count":1,"href":"https:\/\/radar190.com.br\/index.php\/wp-json\/wp\/v2\/posts\/4051\/revisions"}],"predecessor-version":[{"id":4053,"href":"https:\/\/radar190.com.br\/index.php\/wp-json\/wp\/v2\/posts\/4051\/revisions\/4053"}],"wp:featuredmedia":[{"embeddable":true,"href":"https:\/\/radar190.com.br\/index.php\/wp-json\/wp\/v2\/media\/4054"}],"wp:attachment":[{"href":"https:\/\/radar190.com.br\/index.php\/wp-json\/wp\/v2\/media?parent=4051"}],"wp:term":[{"taxonomy":"category","embeddable":true,"href":"https:\/\/radar190.com.br\/index.php\/wp-json\/wp\/v2\/categories?post=4051"},{"taxonomy":"post_tag","embeddable":true,"href":"https:\/\/radar190.com.br\/index.php\/wp-json\/wp\/v2\/tags?post=4051"}],"curies":[{"name":"wp","href":"https:\/\/api.w.org\/{rel}","templated":true}]}}