{"id":4028,"date":"2024-10-02T11:41:40","date_gmt":"2024-10-02T14:41:40","guid":{"rendered":"https:\/\/radar190.com.br\/?p=4028"},"modified":"2024-10-02T11:42:04","modified_gmt":"2024-10-02T14:42:04","slug":"segue-o-trabalho-mais-obras-asfaltica-mais-11onze-ruas-que-serao-pavimentadas-em-monte-horebe-pb","status":"publish","type":"post","link":"https:\/\/radar190.com.br\/index.php\/2024\/10\/02\/segue-o-trabalho-mais-obras-asfaltica-mais-11onze-ruas-que-serao-pavimentadas-em-monte-horebe-pb\/","title":{"rendered":"SEGUE O TRABALHO-Mais Obras ASF\u00c1LTICA, mais 11(onze) Ruas que ser\u00e3o Pavimentadas em Monte Horebe-PB"},"content":{"rendered":"<div class='booster-block booster-read-block'>\n                <div class=\"twp-read-time\">\n                \t<i class=\"booster-icon twp-clock\"><\/i> <span>Read Time:<\/span>43 Second                <\/div>\n\n            <\/div>\n<figure class=\"wp-block-image size-full\"><img loading=\"lazy\" decoding=\"async\" width=\"328\" height=\"483\" src=\"https:\/\/radar190.com.br\/wp-content\/uploads\/2024\/10\/image.png\" alt=\"\" class=\"wp-image-4029\" srcset=\"https:\/\/radar190.com.br\/wp-content\/uploads\/2024\/10\/image.png 328w, https:\/\/radar190.com.br\/wp-content\/uploads\/2024\/10\/image-204x300.png 204w\" sizes=\"auto, (max-width: 328px) 100vw, 328px\" \/><\/figure>\n\n\n\n<p>Nesta ter\u00e7a-feira, 01 de outubro de 2024, o Prefeito Marcos Eron esteve na Capital Jo\u00e3o Pessoa, com equipe de Projetos, dando celeridade a mais um importante Conv\u00eanio de PAVIMENTA\u00c7\u00c3O ASFALTICA que ser\u00e1 executado naquele munic\u00edpio, j\u00e1 aprovado pela Caixa Econ\u00f4mica Federal, para ser encaminhado ao setor de licita\u00e7\u00e3o. O Conv\u00eanio de Pavimenta\u00e7\u00e3o Asf\u00e1ltica est\u00e1 or\u00e7ado no valor de R$ 961.019,00 (Novecentos e Sessenta e Um Mil e Dezenove Reais); atrav\u00e9s de gest\u00e3o do Deputado Federal Hugo Mota, em parceria com Governo Federal. Este \u00e9 o maior programa de Pavimenta\u00e7\u00e3o ASFALTICA da Hist\u00f3ria de Monte Horebe. Ser\u00e3o contempladas as Ruas:<br>Elosman Dias Guarita Teodomiro Dias de Sousa<br>Raimundo Seixas da Silva<br>C\u00edcero Joaquim de Albuquerque<br>Francisca A. Gondim<br>Lu\u00eds Batista Palitot<br>Francisco Vaniere e restante da Rua M\u00e3e Santa, Naz\u00e1rio Pereira de Sousa, Nobilino Dias \u00e9 trecho da Roseno Pereira de Assis, totalizado 11(onze) ruas.<\/p>\n        <div class=\"booster-block booster-reactions-block\">\n            <div class=\"twp-reactions-icons\">\n                \n                <div class=\"twp-reacts-wrap\">\n                    <a react-data=\"be-react-1\" post-id=\"4028\" class=\"be-face-icons un-reacted\" href=\"javascript:void(0)\">\n                        <img decoding=\"async\" src=\"https:\/\/radar190.com.br\/wp-content\/plugins\/booster-extension\/\/assets\/icon\/happy.svg\" alt=\"Happy\">\n                    <\/a>\n                    <div class=\"twp-reaction-title\">\n                        Happy                    <\/div>\n                    <div class=\"twp-count-percent\">\n                                                    <span style=\"display: none;\" class=\"twp-react-count\">0<\/span>\n                        \n                                                <span class=\"twp-react-percent\"><span>0<\/span> %<\/span>\n                                            <\/div>\n                <\/div>\n\n                <div class=\"twp-reacts-wrap\">\n                    <a react-data=\"be-react-2\" post-id=\"4028\" class=\"be-face-icons un-reacted\" href=\"javascript:void(0)\">\n                        <img decoding=\"async\" src=\"https:\/\/radar190.com.br\/wp-content\/plugins\/booster-extension\/\/assets\/icon\/sad.svg\" alt=\"Sad\">\n                    <\/a>\n                    <div class=\"twp-reaction-title\">\n                        Sad                    <\/div>\n                    <div class=\"twp-count-percent\">\n                                                    <span style=\"display: none;\" class=\"twp-react-count\">0<\/span>\n                                                                        <span class=\"twp-react-percent\"><span>0<\/span> %<\/span>\n                                            <\/div>\n                <\/div>\n\n                <div class=\"twp-reacts-wrap\">\n                    <a react-data=\"be-react-3\" post-id=\"4028\" class=\"be-face-icons un-reacted\" href=\"javascript:void(0)\">\n                        <img decoding=\"async\" src=\"https:\/\/radar190.com.br\/wp-content\/plugins\/booster-extension\/\/assets\/icon\/excited.svg\" alt=\"Excited\">\n                    <\/a>\n                    <div class=\"twp-reaction-title\">\n                        Excited                    <\/div>\n                    <div class=\"twp-count-percent\">\n                                                    <span style=\"display: none;\" class=\"twp-react-count\">0<\/span>\n                                                                        <span class=\"twp-react-percent\"><span>0<\/span> %<\/span>\n                                            <\/div>\n                <\/div>\n\n                <div class=\"twp-reacts-wrap\">\n                    <a react-data=\"be-react-6\" post-id=\"4028\" class=\"be-face-icons un-reacted\" href=\"javascript:void(0)\">\n                        <img decoding=\"async\" src=\"https:\/\/radar190.com.br\/wp-content\/plugins\/booster-extension\/\/assets\/icon\/sleepy.svg\" alt=\"Sleepy\">\n                    <\/a>\n                    <div class=\"twp-reaction-title\">\n                        Sleepy                    <\/div>\n                    <div class=\"twp-count-percent\">\n                                                    <span style=\"display: none;\" class=\"twp-react-count\">0<\/span>\n                        \n                                                <span class=\"twp-react-percent\"><span>0<\/span> %<\/span>\n                                            <\/div>\n                <\/div>\n\n                <div class=\"twp-reacts-wrap\">\n                    <a react-data=\"be-react-4\" post-id=\"4028\" class=\"be-face-icons un-reacted\" href=\"javascript:void(0)\">\n                        <img decoding=\"async\" src=\"https:\/\/radar190.com.br\/wp-content\/plugins\/booster-extension\/\/assets\/icon\/angry.svg\" alt=\"Angry\">\n                    <\/a>\n                    <div class=\"twp-reaction-title\">Angry<\/div>\n                    <div class=\"twp-count-percent\">\n                                                    <span style=\"display: none;\" class=\"twp-react-count\">0<\/span>\n                                                                        <span class=\"twp-react-percent\"><span>0<\/span> %<\/span>\n                        \n                    <\/div>\n                <\/div>\n\n                <div class=\"twp-reacts-wrap\">\n                    <a react-data=\"be-react-5\" post-id=\"4028\" class=\"be-face-icons un-reacted\" href=\"javascript:void(0)\">\n                        <img decoding=\"async\" src=\"https:\/\/radar190.com.br\/wp-content\/plugins\/booster-extension\/\/assets\/icon\/surprise.svg\" alt=\"Surprise\">\n                    <\/a>\n                    <div class=\"twp-reaction-title\">Surprise<\/div>\n                    <div class=\"twp-count-percent\">\n                                                    <span style=\"display: none;\" class=\"twp-react-count\">0<\/span>\n                                                                        <span class=\"twp-react-percent\"><span>0<\/span> %<\/span>\n                                            <\/div>\n                <\/div>\n\n            <\/div>\n        <\/div>\n\n    ","protected":false},"excerpt":{"rendered":"<p>Nesta ter\u00e7a-feira, 01 de outubro de 2024, o Prefeito Marcos Eron esteve na Capital Jo\u00e3o Pessoa, com equipe de Projetos, dando celeridade a mais um importante Conv\u00eanio de PAVIMENTA\u00c7\u00c3O ASFALTICA que ser\u00e1 executado naquele munic\u00edpio, j\u00e1 aprovado pela Caixa Econ\u00f4mica Federal, para ser encaminhado ao setor de licita\u00e7\u00e3o. O Conv\u00eanio [&hellip;]<\/p>\n","protected":false},"author":1,"featured_media":4031,"comment_status":"open","ping_status":"open","sticky":false,"template":"","format":"standard","meta":{"_mi_skip_tracking":false,"_ti_tpc_template_sync":false,"_ti_tpc_template_id":"","_joinchat":[],"footnotes":""},"categories":[5,14,13,1,116,9,18,12,8],"tags":[],"class_list":["post-4028","post","type-post","status-publish","format-standard","has-post-thumbnail","hentry","category-brasil","category-cidades","category-cultural","category-uncategorized","category-editor-picks","category-esporte","category-mundo-brasil","category-paraiba","category-policial"],"_links":{"self":[{"href":"https:\/\/radar190.com.br\/index.php\/wp-json\/wp\/v2\/posts\/4028","targetHints":{"allow":["GET"]}}],"collection":[{"href":"https:\/\/radar190.com.br\/index.php\/wp-json\/wp\/v2\/posts"}],"about":[{"href":"https:\/\/radar190.com.br\/index.php\/wp-json\/wp\/v2\/types\/post"}],"author":[{"embeddable":true,"href":"https:\/\/radar190.com.br\/index.php\/wp-json\/wp\/v2\/users\/1"}],"replies":[{"embeddable":true,"href":"https:\/\/radar190.com.br\/index.php\/wp-json\/wp\/v2\/comments?post=4028"}],"version-history":[{"count":1,"href":"https:\/\/radar190.com.br\/index.php\/wp-json\/wp\/v2\/posts\/4028\/revisions"}],"predecessor-version":[{"id":4030,"href":"https:\/\/radar190.com.br\/index.php\/wp-json\/wp\/v2\/posts\/4028\/revisions\/4030"}],"wp:featuredmedia":[{"embeddable":true,"href":"https:\/\/radar190.com.br\/index.php\/wp-json\/wp\/v2\/media\/4031"}],"wp:attachment":[{"href":"https:\/\/radar190.com.br\/index.php\/wp-json\/wp\/v2\/media?parent=4028"}],"wp:term":[{"taxonomy":"category","embeddable":true,"href":"https:\/\/radar190.com.br\/index.php\/wp-json\/wp\/v2\/categories?post=4028"},{"taxonomy":"post_tag","embeddable":true,"href":"https:\/\/radar190.com.br\/index.php\/wp-json\/wp\/v2\/tags?post=4028"}],"curies":[{"name":"wp","href":"https:\/\/api.w.org\/{rel}","templated":true}]}}