{"id":3951,"date":"2024-09-04T09:20:16","date_gmt":"2024-09-04T12:20:16","guid":{"rendered":"https:\/\/radar190.com.br\/?p=3951"},"modified":"2024-09-04T09:22:22","modified_gmt":"2024-09-04T12:22:22","slug":"policia-militar-age-rapido-e-recaptura-fugitivos-do-presidio-padrao-de-cajazeiras","status":"publish","type":"post","link":"https:\/\/radar190.com.br\/index.php\/2024\/09\/04\/policia-militar-age-rapido-e-recaptura-fugitivos-do-presidio-padrao-de-cajazeiras\/","title":{"rendered":"Pol\u00edcia Militar age r\u00e1pido e recaptura fugitivos do Pres\u00eddio Padr\u00e3o de Cajazeiras"},"content":{"rendered":"<div class='booster-block booster-read-block'>\n                <div class=\"twp-read-time\">\n                \t<i class=\"booster-icon twp-clock\"><\/i> <span>Read Time:<\/span>2 Minute, 3 Second                <\/div>\n\n            <\/div>\n<p>Jos\u00e9 Edson da Silva, vulgo Negrota, e Antonio Marcos de Sousa Filho foram presos pela PM no bairro da Capoeiras, no munic\u00edpio de Cajazeiras. O terceiro fugitivo, Roberto Ces\u00e1rio dos Santos, foi morto nesta manh\u00e3 durante tentativa de assalto a um policial.<\/p>\n\n\n\n<p>Dois dos tr\u00eas apenados que fugiram do Pres\u00eddio Padr\u00e3o de Cajazeiras na madrugada de segunda-feira (2) foram recapturados na noite desta ter\u00e7a-feira (3) pela Pol\u00edcia Militar da Para\u00edba. As pris\u00f5es foram confirmadas pela Secretaria Estadual da Administra\u00e7\u00e3o Penitenci\u00e1ria, por meio de nota.<\/p>\n\n\n\n<p>Jos\u00e9 Edson da Silva, vulgo Negrota, e Antonio Marcos de Sousa Filho foram presos pela PM no bairro da Capoeiras, no munic\u00edpio de Cajazeiras. O terceiro fugitivo, Roberto Ces\u00e1rio dos Santos, foi morto nesta manh\u00e3 durante tentativa de assalto a um policial.<\/p>\n\n\n\n<p>Segundo relatos a captura se deu ap\u00f3s a PM receber uma informa\u00e7\u00e3o que um preso que cumpria pena em regime semiaberto por meio de monitoramento eletr\u00f4nico (Furtoso de Lima Neto,) estaria dando abrigo para os fugitivos do Pres\u00eddio Padr\u00e3o Regional de Cajazeiras\u2013PB, foi realizado um cerco no endere\u00e7o que constava em seu cadastro (TRAV. SEVERINO CAMILO ALVES, N 39, BAIRRO CAPOEIRAS, Cajazeiras-PB) pelas guarni\u00e7\u00f5es do CMT do 6o BPM, CPU, CHOQUE, For\u00e7a T\u00e1tica, Patrulha Rural, ROTAM, Supervisor e Servi\u00e7o de Intelig\u00eancia. Ao ser feita a verbaliza\u00e7\u00e3o da presen\u00e7a da Pol\u00edcia Militar, os indiv\u00edduos tentaram pular o muro da casa, momento em que houve a entrada na resid\u00eancia e a pris\u00e3o dos dois elementos (Jos\u00e9 Edson da Silva e Ant\u00f4nio Marcos de Sousa Filho).<\/p>\n\n\n\n<p>Na resid\u00eancia tamb\u00e9m foi apreendido um celular Samsung preto de modelo desconhecido. Ao ser questionado sobre a moto que teria sido roubada pela manh\u00e3, o indiv\u00edduo Ant\u00f4nio Marcos informou que a moto estaria escondida nas imedia\u00e7\u00f5es da escola T\u00e9cnica na BR-230. Sendo assim, as dilig\u00eancias foram efetuadas, sendo encontrada a seguinte moto: CG 125 FAN KS cor vermelha, placa OFE-6079 CAJAZEIRAS-PB. Em ato cont\u00ednuo, foram realizadas buscas em outro endere\u00e7o do indiv\u00edduo Furtoso, que deu abrigo para os fugitivos, sendo o mesmo localizado pela guarni\u00e7\u00e3o do CHOQUE comandada pelo SGT Araujo. Em sua posse havia um celular Motorola de cor cinza, modelo n\u00e3o identificado, al\u00e9m de duas por\u00e7\u00f5es de droga an\u00e1logas \u00e0 maconha e coca\u00edna. Diante dos fatos, todos foram conduzidos para a Central de Pol\u00edcia Civil juntamente com a moto recuperada.<\/p>\n\n\n\n<figure class=\"wp-block-image size-medium\"><img loading=\"lazy\" decoding=\"async\" width=\"300\" height=\"300\" src=\"https:\/\/radar190.com.br\/wp-content\/uploads\/2024\/09\/image-300x300.png\" alt=\"\" class=\"wp-image-3952\" srcset=\"https:\/\/radar190.com.br\/wp-content\/uploads\/2024\/09\/image-300x300.png 300w, https:\/\/radar190.com.br\/wp-content\/uploads\/2024\/09\/image-150x150.png 150w, https:\/\/radar190.com.br\/wp-content\/uploads\/2024\/09\/image-768x768.png 768w, https:\/\/radar190.com.br\/wp-content\/uploads\/2024\/09\/image.png 1000w\" sizes=\"auto, (max-width: 300px) 100vw, 300px\" \/><\/figure>\n\n\n\n<p>Os dois fugitivos recapturados passar\u00e3o por audi\u00eancia de cust\u00f3dia nesta quarta-feira (4) e, em seguida, ser\u00e3o reconduzidos ao Pres\u00eddio Padr\u00e3o de Cajazeiras.<\/p>\n        <div class=\"booster-block booster-reactions-block\">\n            <div class=\"twp-reactions-icons\">\n                \n                <div class=\"twp-reacts-wrap\">\n                    <a react-data=\"be-react-1\" post-id=\"3951\" class=\"be-face-icons un-reacted\" href=\"javascript:void(0)\">\n                        <img decoding=\"async\" src=\"https:\/\/radar190.com.br\/wp-content\/plugins\/booster-extension\/\/assets\/icon\/happy.svg\" alt=\"Happy\">\n                    <\/a>\n                    <div class=\"twp-reaction-title\">\n                        Happy                    <\/div>\n                    <div class=\"twp-count-percent\">\n                                                    <span style=\"display: none;\" class=\"twp-react-count\">0<\/span>\n                        \n                                                <span class=\"twp-react-percent\"><span>0<\/span> %<\/span>\n                                            <\/div>\n                <\/div>\n\n                <div class=\"twp-reacts-wrap\">\n                    <a react-data=\"be-react-2\" post-id=\"3951\" class=\"be-face-icons un-reacted\" href=\"javascript:void(0)\">\n                        <img decoding=\"async\" src=\"https:\/\/radar190.com.br\/wp-content\/plugins\/booster-extension\/\/assets\/icon\/sad.svg\" alt=\"Sad\">\n                    <\/a>\n                    <div class=\"twp-reaction-title\">\n                        Sad                    <\/div>\n                    <div class=\"twp-count-percent\">\n                                                    <span style=\"display: none;\" class=\"twp-react-count\">0<\/span>\n                                                                        <span class=\"twp-react-percent\"><span>0<\/span> %<\/span>\n                                            <\/div>\n                <\/div>\n\n                <div class=\"twp-reacts-wrap\">\n                    <a react-data=\"be-react-3\" post-id=\"3951\" class=\"be-face-icons un-reacted\" href=\"javascript:void(0)\">\n                        <img decoding=\"async\" src=\"https:\/\/radar190.com.br\/wp-content\/plugins\/booster-extension\/\/assets\/icon\/excited.svg\" alt=\"Excited\">\n                    <\/a>\n                    <div class=\"twp-reaction-title\">\n                        Excited                    <\/div>\n                    <div class=\"twp-count-percent\">\n                                                    <span style=\"display: none;\" class=\"twp-react-count\">0<\/span>\n                                                                        <span class=\"twp-react-percent\"><span>0<\/span> %<\/span>\n                                            <\/div>\n                <\/div>\n\n                <div class=\"twp-reacts-wrap\">\n                    <a react-data=\"be-react-6\" post-id=\"3951\" class=\"be-face-icons un-reacted\" href=\"javascript:void(0)\">\n                        <img decoding=\"async\" src=\"https:\/\/radar190.com.br\/wp-content\/plugins\/booster-extension\/\/assets\/icon\/sleepy.svg\" alt=\"Sleepy\">\n                    <\/a>\n                    <div class=\"twp-reaction-title\">\n                        Sleepy                    <\/div>\n                    <div class=\"twp-count-percent\">\n                                                    <span style=\"display: none;\" class=\"twp-react-count\">0<\/span>\n                        \n                                                <span class=\"twp-react-percent\"><span>0<\/span> %<\/span>\n                                            <\/div>\n                <\/div>\n\n                <div class=\"twp-reacts-wrap\">\n                    <a react-data=\"be-react-4\" post-id=\"3951\" class=\"be-face-icons un-reacted\" href=\"javascript:void(0)\">\n                        <img decoding=\"async\" src=\"https:\/\/radar190.com.br\/wp-content\/plugins\/booster-extension\/\/assets\/icon\/angry.svg\" alt=\"Angry\">\n                    <\/a>\n                    <div class=\"twp-reaction-title\">Angry<\/div>\n                    <div class=\"twp-count-percent\">\n                                                    <span style=\"display: none;\" class=\"twp-react-count\">0<\/span>\n                                                                        <span class=\"twp-react-percent\"><span>0<\/span> %<\/span>\n                        \n                    <\/div>\n                <\/div>\n\n                <div class=\"twp-reacts-wrap\">\n                    <a react-data=\"be-react-5\" post-id=\"3951\" class=\"be-face-icons un-reacted\" href=\"javascript:void(0)\">\n                        <img decoding=\"async\" src=\"https:\/\/radar190.com.br\/wp-content\/plugins\/booster-extension\/\/assets\/icon\/surprise.svg\" alt=\"Surprise\">\n                    <\/a>\n                    <div class=\"twp-reaction-title\">Surprise<\/div>\n                    <div class=\"twp-count-percent\">\n                                                    <span style=\"display: none;\" class=\"twp-react-count\">0<\/span>\n                                                                        <span class=\"twp-react-percent\"><span>0<\/span> %<\/span>\n                                            <\/div>\n                <\/div>\n\n            <\/div>\n        <\/div>\n\n    ","protected":false},"excerpt":{"rendered":"<p>Jos\u00e9 Edson da Silva, vulgo Negrota, e Antonio Marcos de Sousa Filho foram presos pela PM no bairro da Capoeiras, no munic\u00edpio de Cajazeiras. O terceiro fugitivo, Roberto Ces\u00e1rio dos Santos, foi morto nesta manh\u00e3 durante tentativa de assalto a um policial. Dois dos tr\u00eas apenados que fugiram do Pres\u00eddio [&hellip;]<\/p>\n","protected":false},"author":1,"featured_media":3954,"comment_status":"open","ping_status":"open","sticky":false,"template":"","format":"standard","meta":{"_mi_skip_tracking":false,"_ti_tpc_template_sync":false,"_ti_tpc_template_id":"","_joinchat":[],"footnotes":""},"categories":[5,14,13,1,9,18,12,8],"tags":[],"class_list":["post-3951","post","type-post","status-publish","format-standard","has-post-thumbnail","hentry","category-brasil","category-cidades","category-cultural","category-uncategorized","category-esporte","category-mundo-brasil","category-paraiba","category-policial"],"_links":{"self":[{"href":"https:\/\/radar190.com.br\/index.php\/wp-json\/wp\/v2\/posts\/3951","targetHints":{"allow":["GET"]}}],"collection":[{"href":"https:\/\/radar190.com.br\/index.php\/wp-json\/wp\/v2\/posts"}],"about":[{"href":"https:\/\/radar190.com.br\/index.php\/wp-json\/wp\/v2\/types\/post"}],"author":[{"embeddable":true,"href":"https:\/\/radar190.com.br\/index.php\/wp-json\/wp\/v2\/users\/1"}],"replies":[{"embeddable":true,"href":"https:\/\/radar190.com.br\/index.php\/wp-json\/wp\/v2\/comments?post=3951"}],"version-history":[{"count":1,"href":"https:\/\/radar190.com.br\/index.php\/wp-json\/wp\/v2\/posts\/3951\/revisions"}],"predecessor-version":[{"id":3953,"href":"https:\/\/radar190.com.br\/index.php\/wp-json\/wp\/v2\/posts\/3951\/revisions\/3953"}],"wp:featuredmedia":[{"embeddable":true,"href":"https:\/\/radar190.com.br\/index.php\/wp-json\/wp\/v2\/media\/3954"}],"wp:attachment":[{"href":"https:\/\/radar190.com.br\/index.php\/wp-json\/wp\/v2\/media?parent=3951"}],"wp:term":[{"taxonomy":"category","embeddable":true,"href":"https:\/\/radar190.com.br\/index.php\/wp-json\/wp\/v2\/categories?post=3951"},{"taxonomy":"post_tag","embeddable":true,"href":"https:\/\/radar190.com.br\/index.php\/wp-json\/wp\/v2\/tags?post=3951"}],"curies":[{"name":"wp","href":"https:\/\/api.w.org\/{rel}","templated":true}]}}