{"id":3932,"date":"2024-08-28T16:27:01","date_gmt":"2024-08-28T19:27:01","guid":{"rendered":"https:\/\/radar190.com.br\/?p=3932"},"modified":"2024-08-28T16:30:07","modified_gmt":"2024-08-28T19:30:07","slug":"secretaria-de-estado-da-seguranca-publica-e-da-defesa-social-sesed-realizou-na-manha-desta-quarta-feira-28-coletiva-de-imprensa-para-esclarecer-a-prisao-de-dois-suspeitos-de-envolvimento-direto-na","status":"publish","type":"post","link":"https:\/\/radar190.com.br\/index.php\/2024\/08\/28\/secretaria-de-estado-da-seguranca-publica-e-da-defesa-social-sesed-realizou-na-manha-desta-quarta-feira-28-coletiva-de-imprensa-para-esclarecer-a-prisao-de-dois-suspeitos-de-envolvimento-direto-na\/","title":{"rendered":"Secretaria de Estado da Seguran\u00e7a P\u00fablica e da Defesa Social (SESED) realizou na manh\u00e3 desta quarta-feira (28) coletiva de imprensa para esclarecer a pris\u00e3o de dois suspeitos de envolvimento direto nas mortes do prefeito de Jo\u00e3o Dias"},"content":{"rendered":"<div class='booster-block booster-read-block'>\n                <div class=\"twp-read-time\">\n                \t<i class=\"booster-icon twp-clock\"><\/i> <span>Read Time:<\/span>1 Minute, 35 Second                <\/div>\n\n            <\/div>\n<figure class=\"wp-block-image size-full\"><img loading=\"lazy\" decoding=\"async\" width=\"429\" height=\"474\" src=\"https:\/\/radar190.com.br\/wp-content\/uploads\/2024\/08\/Sem-titulohhhhhhhhhhhhhhhhh.png\" alt=\"\" class=\"wp-image-3933\" srcset=\"https:\/\/radar190.com.br\/wp-content\/uploads\/2024\/08\/Sem-titulohhhhhhhhhhhhhhhhh.png 429w, https:\/\/radar190.com.br\/wp-content\/uploads\/2024\/08\/Sem-titulohhhhhhhhhhhhhhhhh-272x300.png 272w\" sizes=\"auto, (max-width: 429px) 100vw, 429px\" \/><\/figure>\n\n\n\n<p>A Secretaria de Estado da Seguran\u00e7a P\u00fablica e da Defesa Social (SESED) realizou na manh\u00e3 desta quarta-feira (28) coletiva de imprensa para esclarecer a pris\u00e3o de dois suspeitos de envolvimento direto nas mortes do prefeito de Jo\u00e3o Dias, Francisco Dami\u00e3o de Oliveira, mais conhecido como Marcelo Oliveira, e do pai dele, Sandi Alves de Oliveira. O duplo homic\u00eddio ocorreu na manh\u00e3 da ter\u00e7a (27). A motiva\u00e7\u00e3o do crime ainda est\u00e1 sendo investigada.<\/p>\n\n\n\n<figure class=\"wp-block-video\"><video height=\"1920\" style=\"aspect-ratio: 1078 \/ 1920;\" width=\"1078\" controls src=\"https:\/\/radar190.com.br\/wp-content\/uploads\/2024\/08\/SaveClip.App_An8hCMsozL8jkHJ8oCKhtObNPRIkRMnX6cS_OY_G4W61H77ys7WHU5QvZaQf_ObbsoNpqnfvExEyTp5vhMuEe4MB.mp4\"><\/video><\/figure>\n\n\n\n<p>As pris\u00f5es ocorreram menos de oito horas ap\u00f3s os assassinatos. Al\u00e9m dos dois suspeitos de envolvimento direto (um por execu\u00e7\u00e3o e outro por propiciar fuga), outras 10 pessoas tamb\u00e9m foram detidas, suspeitas de forma\u00e7\u00e3o de mil\u00edcia privada (grupos armados que se unem para fornecer seguran\u00e7a e que formam poder paralelo, \u00e0 revelia das for\u00e7as de seguran\u00e7a do Estado).<\/p>\n\n\n\n<p>\u201cImportante ressaltar o empenho dos policiais em dar uma resposta r\u00e1pida. Em menos de oito horas ap\u00f3s o crime, conseguimos prender suspeitos e tirar muitas armas de circula\u00e7\u00e3o. Mas tamb\u00e9m \u00e9 importante dizer que os esfor\u00e7os continuam\u201d, acrescentou o titular da SESED, coronel Francisco Ara\u00fajo.<\/p>\n\n\n\n<p>Durante a coletiva, o delegado Alex Wagner, diretor da Divis\u00e3o de Pol\u00edcia Civil do Oeste (DIVIPOE), refor\u00e7ou que as investiga\u00e7\u00f5es continuam na regi\u00e3o, em raz\u00e3o da fuga de outros dois suspeitos que estavam no mesmo ve\u00edculo com os dois presos por participa\u00e7\u00e3o direta. \u201cO helic\u00f3ptero Potiguar 01, aeronave da SESED, segue dando apoio a\u00e9reo \u00e0s buscas\u201d, acrescentou o coronel Niltoildo Dantas, comandante do policiamento militar na regi\u00e3o.<\/p>\n\n\n\n<p>J\u00e1 com os outros dez presos, que estavam em dois ve\u00edculos e foram detidos em uma ocasi\u00e3o distinta, foram aprendidos um fuzil, espingardas, pistolas e rev\u00f3lveres. \u201cEvitamos um derramamento de sangue na cidade. O grupo, muito provavelmente, tentaria se vingar da morte do prefeito\u201d, destacou o delegado.<\/p>\n\n\n\n<p>Entre os dez presos est\u00e3o tr\u00eas policiais militares (um do Cear\u00e1 e dois do RN), al\u00e9m de um dos irm\u00e3os do prefeito assassinado.<\/p>\n\n\n\n<p>Reporter Jan Oliveira<\/p>\n        <div class=\"booster-block booster-reactions-block\">\n            <div class=\"twp-reactions-icons\">\n                \n                <div class=\"twp-reacts-wrap\">\n                    <a react-data=\"be-react-1\" post-id=\"3932\" class=\"be-face-icons un-reacted\" href=\"javascript:void(0)\">\n                        <img decoding=\"async\" src=\"https:\/\/radar190.com.br\/wp-content\/plugins\/booster-extension\/\/assets\/icon\/happy.svg\" alt=\"Happy\">\n                    <\/a>\n                    <div class=\"twp-reaction-title\">\n                        Happy                    <\/div>\n                    <div class=\"twp-count-percent\">\n                                                    <span style=\"display: none;\" class=\"twp-react-count\">0<\/span>\n                        \n                                                <span class=\"twp-react-percent\"><span>0<\/span> %<\/span>\n                                            <\/div>\n                <\/div>\n\n                <div class=\"twp-reacts-wrap\">\n                    <a react-data=\"be-react-2\" post-id=\"3932\" class=\"be-face-icons un-reacted\" href=\"javascript:void(0)\">\n                        <img decoding=\"async\" src=\"https:\/\/radar190.com.br\/wp-content\/plugins\/booster-extension\/\/assets\/icon\/sad.svg\" alt=\"Sad\">\n                    <\/a>\n                    <div class=\"twp-reaction-title\">\n                        Sad                    <\/div>\n                    <div class=\"twp-count-percent\">\n                                                    <span style=\"display: none;\" class=\"twp-react-count\">0<\/span>\n                                                                        <span class=\"twp-react-percent\"><span>0<\/span> %<\/span>\n                                            <\/div>\n                <\/div>\n\n                <div class=\"twp-reacts-wrap\">\n                    <a react-data=\"be-react-3\" post-id=\"3932\" class=\"be-face-icons un-reacted\" href=\"javascript:void(0)\">\n                        <img decoding=\"async\" src=\"https:\/\/radar190.com.br\/wp-content\/plugins\/booster-extension\/\/assets\/icon\/excited.svg\" alt=\"Excited\">\n                    <\/a>\n                    <div class=\"twp-reaction-title\">\n                        Excited                    <\/div>\n                    <div class=\"twp-count-percent\">\n                                                    <span style=\"display: none;\" class=\"twp-react-count\">0<\/span>\n                                                                        <span class=\"twp-react-percent\"><span>0<\/span> %<\/span>\n                                            <\/div>\n                <\/div>\n\n                <div class=\"twp-reacts-wrap\">\n                    <a react-data=\"be-react-6\" post-id=\"3932\" class=\"be-face-icons un-reacted\" href=\"javascript:void(0)\">\n                        <img decoding=\"async\" src=\"https:\/\/radar190.com.br\/wp-content\/plugins\/booster-extension\/\/assets\/icon\/sleepy.svg\" alt=\"Sleepy\">\n                    <\/a>\n                    <div class=\"twp-reaction-title\">\n                        Sleepy                    <\/div>\n                    <div class=\"twp-count-percent\">\n                                                    <span style=\"display: none;\" class=\"twp-react-count\">0<\/span>\n                        \n                                                <span class=\"twp-react-percent\"><span>0<\/span> %<\/span>\n                                            <\/div>\n                <\/div>\n\n                <div class=\"twp-reacts-wrap\">\n                    <a react-data=\"be-react-4\" post-id=\"3932\" class=\"be-face-icons un-reacted\" href=\"javascript:void(0)\">\n                        <img decoding=\"async\" src=\"https:\/\/radar190.com.br\/wp-content\/plugins\/booster-extension\/\/assets\/icon\/angry.svg\" alt=\"Angry\">\n                    <\/a>\n                    <div class=\"twp-reaction-title\">Angry<\/div>\n                    <div class=\"twp-count-percent\">\n                                                    <span style=\"display: none;\" class=\"twp-react-count\">0<\/span>\n                                                                        <span class=\"twp-react-percent\"><span>0<\/span> %<\/span>\n                        \n                    <\/div>\n                <\/div>\n\n                <div class=\"twp-reacts-wrap\">\n                    <a react-data=\"be-react-5\" post-id=\"3932\" class=\"be-face-icons un-reacted\" href=\"javascript:void(0)\">\n                        <img decoding=\"async\" src=\"https:\/\/radar190.com.br\/wp-content\/plugins\/booster-extension\/\/assets\/icon\/surprise.svg\" alt=\"Surprise\">\n                    <\/a>\n                    <div class=\"twp-reaction-title\">Surprise<\/div>\n                    <div class=\"twp-count-percent\">\n                                                    <span style=\"display: none;\" class=\"twp-react-count\">0<\/span>\n                                                                        <span class=\"twp-react-percent\"><span>0<\/span> %<\/span>\n                                            <\/div>\n                <\/div>\n\n            <\/div>\n        <\/div>\n\n    ","protected":false},"excerpt":{"rendered":"<p>A Secretaria de Estado da Seguran\u00e7a P\u00fablica e da Defesa Social (SESED) realizou na manh\u00e3 desta quarta-feira (28) coletiva de imprensa para esclarecer a pris\u00e3o de dois suspeitos de envolvimento direto nas mortes do prefeito de Jo\u00e3o Dias, Francisco Dami\u00e3o de Oliveira, mais conhecido como Marcelo Oliveira, e do pai [&hellip;]<\/p>\n","protected":false},"author":1,"featured_media":3938,"comment_status":"open","ping_status":"open","sticky":false,"template":"","format":"standard","meta":{"_mi_skip_tracking":false,"_ti_tpc_template_sync":false,"_ti_tpc_template_id":"","_joinchat":[],"footnotes":""},"categories":[5,14,13,1,9,18,12,8],"tags":[],"class_list":["post-3932","post","type-post","status-publish","format-standard","has-post-thumbnail","hentry","category-brasil","category-cidades","category-cultural","category-uncategorized","category-esporte","category-mundo-brasil","category-paraiba","category-policial"],"_links":{"self":[{"href":"https:\/\/radar190.com.br\/index.php\/wp-json\/wp\/v2\/posts\/3932","targetHints":{"allow":["GET"]}}],"collection":[{"href":"https:\/\/radar190.com.br\/index.php\/wp-json\/wp\/v2\/posts"}],"about":[{"href":"https:\/\/radar190.com.br\/index.php\/wp-json\/wp\/v2\/types\/post"}],"author":[{"embeddable":true,"href":"https:\/\/radar190.com.br\/index.php\/wp-json\/wp\/v2\/users\/1"}],"replies":[{"embeddable":true,"href":"https:\/\/radar190.com.br\/index.php\/wp-json\/wp\/v2\/comments?post=3932"}],"version-history":[{"count":2,"href":"https:\/\/radar190.com.br\/index.php\/wp-json\/wp\/v2\/posts\/3932\/revisions"}],"predecessor-version":[{"id":3937,"href":"https:\/\/radar190.com.br\/index.php\/wp-json\/wp\/v2\/posts\/3932\/revisions\/3937"}],"wp:featuredmedia":[{"embeddable":true,"href":"https:\/\/radar190.com.br\/index.php\/wp-json\/wp\/v2\/media\/3938"}],"wp:attachment":[{"href":"https:\/\/radar190.com.br\/index.php\/wp-json\/wp\/v2\/media?parent=3932"}],"wp:term":[{"taxonomy":"category","embeddable":true,"href":"https:\/\/radar190.com.br\/index.php\/wp-json\/wp\/v2\/categories?post=3932"},{"taxonomy":"post_tag","embeddable":true,"href":"https:\/\/radar190.com.br\/index.php\/wp-json\/wp\/v2\/tags?post=3932"}],"curies":[{"name":"wp","href":"https:\/\/api.w.org\/{rel}","templated":true}]}}