{"id":3765,"date":"2024-07-22T08:35:52","date_gmt":"2024-07-22T11:35:52","guid":{"rendered":"https:\/\/radar190.com.br\/?p=3765"},"modified":"2024-07-22T08:36:22","modified_gmt":"2024-07-22T11:36:22","slug":"muita-dor-e-comocao-no-sepultamento-do-ex-prefeito-de-conceicao-deon-diniz","status":"publish","type":"post","link":"https:\/\/radar190.com.br\/index.php\/2024\/07\/22\/muita-dor-e-comocao-no-sepultamento-do-ex-prefeito-de-conceicao-deon-diniz\/","title":{"rendered":"Muita dor e como\u00e7\u00e3o no sepultamento do ex-prefeito de Concei\u00e7\u00e3o, Deon Diniz"},"content":{"rendered":"<div class='booster-block booster-read-block'>\n                <div class=\"twp-read-time\">\n                \t<i class=\"booster-icon twp-clock\"><\/i> <span>Read Time:<\/span>56 Second                <\/div>\n\n            <\/div>\n<figure class=\"wp-block-image size-full\"><img loading=\"lazy\" decoding=\"async\" width=\"567\" height=\"700\" src=\"https:\/\/radar190.com.br\/wp-content\/uploads\/2024\/07\/image-10.png\" alt=\"\" class=\"wp-image-3767\" srcset=\"https:\/\/radar190.com.br\/wp-content\/uploads\/2024\/07\/image-10.png 567w, https:\/\/radar190.com.br\/wp-content\/uploads\/2024\/07\/image-10-243x300.png 243w\" sizes=\"auto, (max-width: 567px) 100vw, 567px\" \/><\/figure>\n\n\n\n<p>Muita dor e emo\u00e7\u00e3o no sepultamento do ex-prefeito de Deon Diniz, no final da tarde deste s\u00e1bado (20), no cemit\u00e9rio da cidade de Concei\u00e7\u00e3o. Deon morreu na \u00faltima sexta-feira, v\u00edtima de um infarto, na cidade de Jo\u00e3o Pessoa, onde iria participar de reuni\u00f5es com setores da administra\u00e7\u00e3o estadual, na busca de recursos para o munic\u00edpio. Jo\u00e3o Deon Ben\u00edcio Diniz tinha 62 anos.<\/p>\n\n\n\n<p>O vel\u00f3rio ocorreu na sua resid\u00eancia, na Rua Padre Manoel Otaviano. \u00c0 tarde, o corpo foi levado para a C\u00e2mara dos Vereadores, onde recebeu homenagens. Posteriormente, o corpo foi levado para o Centro Cultural Elba Ramalho, onde tamb\u00e9m o pol\u00edtico foi homenageado por familiares, autoridades e v\u00e1rias pessoas da comunidade.<\/p>\n\n\n\n<figure class=\"wp-block-image size-full\"><img loading=\"lazy\" decoding=\"async\" width=\"404\" height=\"404\" src=\"https:\/\/radar190.com.br\/wp-content\/uploads\/2024\/07\/image-9.png\" alt=\"\" class=\"wp-image-3766\" srcset=\"https:\/\/radar190.com.br\/wp-content\/uploads\/2024\/07\/image-9.png 404w, https:\/\/radar190.com.br\/wp-content\/uploads\/2024\/07\/image-9-300x300.png 300w, https:\/\/radar190.com.br\/wp-content\/uploads\/2024\/07\/image-9-150x150.png 150w\" sizes=\"auto, (max-width: 404px) 100vw, 404px\" \/><\/figure>\n\n\n\n<p>Deon Diniz foi eleito prefeito da cidade de Concei\u00e7\u00e3o nas elei\u00e7\u00f5es do ano de 1.992 e administrou o munic\u00edpio entre os anos de 1.993 e 1.996. Depois disso, ele se tornou um pol\u00edtico que buscava, incansavelmente, benef\u00edcio para o munic\u00edpio. Influente no meio pol\u00edticos estadual, Deon gozava do acesso em todos os gabinetes da administra\u00e7\u00e3o p\u00fablica da Para\u00edba. Veja, abaixo, a homenagem do redator do portal, Gilberto Angelo.<\/p>\n        <div class=\"booster-block booster-reactions-block\">\n            <div class=\"twp-reactions-icons\">\n                \n                <div class=\"twp-reacts-wrap\">\n                    <a react-data=\"be-react-1\" post-id=\"3765\" class=\"be-face-icons un-reacted\" href=\"javascript:void(0)\">\n                        <img decoding=\"async\" src=\"https:\/\/radar190.com.br\/wp-content\/plugins\/booster-extension\/\/assets\/icon\/happy.svg\" alt=\"Happy\">\n                    <\/a>\n                    <div class=\"twp-reaction-title\">\n                        Happy                    <\/div>\n                    <div class=\"twp-count-percent\">\n                                                    <span style=\"display: none;\" class=\"twp-react-count\">0<\/span>\n                        \n                                                <span class=\"twp-react-percent\"><span>0<\/span> %<\/span>\n                                            <\/div>\n                <\/div>\n\n                <div class=\"twp-reacts-wrap\">\n                    <a react-data=\"be-react-2\" post-id=\"3765\" class=\"be-face-icons un-reacted\" href=\"javascript:void(0)\">\n                        <img decoding=\"async\" src=\"https:\/\/radar190.com.br\/wp-content\/plugins\/booster-extension\/\/assets\/icon\/sad.svg\" alt=\"Sad\">\n                    <\/a>\n                    <div class=\"twp-reaction-title\">\n                        Sad                    <\/div>\n                    <div class=\"twp-count-percent\">\n                                                    <span style=\"display: none;\" class=\"twp-react-count\">0<\/span>\n                                                                        <span class=\"twp-react-percent\"><span>0<\/span> %<\/span>\n                                            <\/div>\n                <\/div>\n\n                <div class=\"twp-reacts-wrap\">\n                    <a react-data=\"be-react-3\" post-id=\"3765\" class=\"be-face-icons un-reacted\" href=\"javascript:void(0)\">\n                        <img decoding=\"async\" src=\"https:\/\/radar190.com.br\/wp-content\/plugins\/booster-extension\/\/assets\/icon\/excited.svg\" alt=\"Excited\">\n                    <\/a>\n                    <div class=\"twp-reaction-title\">\n                        Excited                    <\/div>\n                    <div class=\"twp-count-percent\">\n                                                    <span style=\"display: none;\" class=\"twp-react-count\">0<\/span>\n                                                                        <span class=\"twp-react-percent\"><span>0<\/span> %<\/span>\n                                            <\/div>\n                <\/div>\n\n                <div class=\"twp-reacts-wrap\">\n                    <a react-data=\"be-react-6\" post-id=\"3765\" class=\"be-face-icons un-reacted\" href=\"javascript:void(0)\">\n                        <img decoding=\"async\" src=\"https:\/\/radar190.com.br\/wp-content\/plugins\/booster-extension\/\/assets\/icon\/sleepy.svg\" alt=\"Sleepy\">\n                    <\/a>\n                    <div class=\"twp-reaction-title\">\n                        Sleepy                    <\/div>\n                    <div class=\"twp-count-percent\">\n                                                    <span style=\"display: none;\" class=\"twp-react-count\">0<\/span>\n                        \n                                                <span class=\"twp-react-percent\"><span>0<\/span> %<\/span>\n                                            <\/div>\n                <\/div>\n\n                <div class=\"twp-reacts-wrap\">\n                    <a react-data=\"be-react-4\" post-id=\"3765\" class=\"be-face-icons un-reacted\" href=\"javascript:void(0)\">\n                        <img decoding=\"async\" src=\"https:\/\/radar190.com.br\/wp-content\/plugins\/booster-extension\/\/assets\/icon\/angry.svg\" alt=\"Angry\">\n                    <\/a>\n                    <div class=\"twp-reaction-title\">Angry<\/div>\n                    <div class=\"twp-count-percent\">\n                                                    <span style=\"display: none;\" class=\"twp-react-count\">0<\/span>\n                                                                        <span class=\"twp-react-percent\"><span>0<\/span> %<\/span>\n                        \n                    <\/div>\n                <\/div>\n\n                <div class=\"twp-reacts-wrap\">\n                    <a react-data=\"be-react-5\" post-id=\"3765\" class=\"be-face-icons un-reacted\" href=\"javascript:void(0)\">\n                        <img decoding=\"async\" src=\"https:\/\/radar190.com.br\/wp-content\/plugins\/booster-extension\/\/assets\/icon\/surprise.svg\" alt=\"Surprise\">\n                    <\/a>\n                    <div class=\"twp-reaction-title\">Surprise<\/div>\n                    <div class=\"twp-count-percent\">\n                                                    <span style=\"display: none;\" class=\"twp-react-count\">0<\/span>\n                                                                        <span class=\"twp-react-percent\"><span>0<\/span> %<\/span>\n                                            <\/div>\n                <\/div>\n\n            <\/div>\n        <\/div>\n\n    ","protected":false},"excerpt":{"rendered":"<p>Muita dor e emo\u00e7\u00e3o no sepultamento do ex-prefeito de Deon Diniz, no final da tarde deste s\u00e1bado (20), no cemit\u00e9rio da cidade de Concei\u00e7\u00e3o. Deon morreu na \u00faltima sexta-feira, v\u00edtima de um infarto, na cidade de Jo\u00e3o Pessoa, onde iria participar de reuni\u00f5es com setores da administra\u00e7\u00e3o estadual, na busca [&hellip;]<\/p>\n","protected":false},"author":1,"featured_media":3769,"comment_status":"open","ping_status":"open","sticky":false,"template":"","format":"standard","meta":{"_mi_skip_tracking":false,"_ti_tpc_template_sync":false,"_ti_tpc_template_id":"","_joinchat":[],"footnotes":""},"categories":[5,14,13,1,9,18,12,8],"tags":[],"class_list":["post-3765","post","type-post","status-publish","format-standard","has-post-thumbnail","hentry","category-brasil","category-cidades","category-cultural","category-uncategorized","category-esporte","category-mundo-brasil","category-paraiba","category-policial"],"_links":{"self":[{"href":"https:\/\/radar190.com.br\/index.php\/wp-json\/wp\/v2\/posts\/3765","targetHints":{"allow":["GET"]}}],"collection":[{"href":"https:\/\/radar190.com.br\/index.php\/wp-json\/wp\/v2\/posts"}],"about":[{"href":"https:\/\/radar190.com.br\/index.php\/wp-json\/wp\/v2\/types\/post"}],"author":[{"embeddable":true,"href":"https:\/\/radar190.com.br\/index.php\/wp-json\/wp\/v2\/users\/1"}],"replies":[{"embeddable":true,"href":"https:\/\/radar190.com.br\/index.php\/wp-json\/wp\/v2\/comments?post=3765"}],"version-history":[{"count":1,"href":"https:\/\/radar190.com.br\/index.php\/wp-json\/wp\/v2\/posts\/3765\/revisions"}],"predecessor-version":[{"id":3768,"href":"https:\/\/radar190.com.br\/index.php\/wp-json\/wp\/v2\/posts\/3765\/revisions\/3768"}],"wp:featuredmedia":[{"embeddable":true,"href":"https:\/\/radar190.com.br\/index.php\/wp-json\/wp\/v2\/media\/3769"}],"wp:attachment":[{"href":"https:\/\/radar190.com.br\/index.php\/wp-json\/wp\/v2\/media?parent=3765"}],"wp:term":[{"taxonomy":"category","embeddable":true,"href":"https:\/\/radar190.com.br\/index.php\/wp-json\/wp\/v2\/categories?post=3765"},{"taxonomy":"post_tag","embeddable":true,"href":"https:\/\/radar190.com.br\/index.php\/wp-json\/wp\/v2\/tags?post=3765"}],"curies":[{"name":"wp","href":"https:\/\/api.w.org\/{rel}","templated":true}]}}