{"id":3753,"date":"2024-07-18T09:49:41","date_gmt":"2024-07-18T12:49:41","guid":{"rendered":"https:\/\/radar190.com.br\/?p=3753"},"modified":"2024-07-18T09:50:02","modified_gmt":"2024-07-18T12:50:02","slug":"prefeitura-de-monte-horebe-realiza-limpeza-e-poda-das-arvores-no-distrito-de-santa-fe","status":"publish","type":"post","link":"https:\/\/radar190.com.br\/index.php\/2024\/07\/18\/prefeitura-de-monte-horebe-realiza-limpeza-e-poda-das-arvores-no-distrito-de-santa-fe\/","title":{"rendered":"Prefeitura de Monte Horebe realiza limpeza e poda das \u00e1rvores no Distrito de Santa F\u00e9"},"content":{"rendered":"<div class='booster-block booster-read-block'>\n                <div class=\"twp-read-time\">\n                \t<i class=\"booster-icon twp-clock\"><\/i> <span>Read Time:<\/span>30 Second                <\/div>\n\n            <\/div>\n<p><strong>Nesta quarta-feira (17), a Prefeitura Municipal de Monte Horebe e Secretaria de Obras e urbanismo iniciou a poda e limpeza das \u00e1rvores no Distrito de Santa F\u00e9.<\/strong><\/p>\n\n\n\n<p><strong>Al\u00e9m da poda das \u00e1rvores, os galhos e folhas foram retirados, assim como a ornamenta\u00e7\u00e3o de forma arredondada, para aprimorar a est\u00e9tica urbana do munic\u00edpio.<\/strong><\/p>\n\n\n\n<p><strong>Com a finalidade de conservar e melhorar a qualidade ambiental urbana, a\u00e7\u00f5es de manejo como a poda das \u00e1rvores s\u00e3o estrat\u00e9gias para a harmoniza\u00e7\u00e3o din\u00e2mica entre os elementos constru\u00eddos e os elementos naturais.<\/strong><\/p>\n\n\n\n<figure class=\"wp-block-image size-full\"><img loading=\"lazy\" decoding=\"async\" width=\"770\" height=\"529\" src=\"https:\/\/radar190.com.br\/wp-content\/uploads\/2024\/07\/c273889b-0f85-4fca-802b-df75c2392170.jpg\" alt=\"\" class=\"wp-image-3754\" srcset=\"https:\/\/radar190.com.br\/wp-content\/uploads\/2024\/07\/c273889b-0f85-4fca-802b-df75c2392170.jpg 770w, https:\/\/radar190.com.br\/wp-content\/uploads\/2024\/07\/c273889b-0f85-4fca-802b-df75c2392170-300x206.jpg 300w, https:\/\/radar190.com.br\/wp-content\/uploads\/2024\/07\/c273889b-0f85-4fca-802b-df75c2392170-768x528.jpg 768w\" sizes=\"auto, (max-width: 770px) 100vw, 770px\" \/><\/figure>\n\n\n\n<p>87 Arvores Podadas em Santa F\u00e9<\/p>\n\n\n\n<p><strong>(Texto: Assessoria de Comunica\u00e7\u00e3o: divulga\u00e7\u00e3o RADAR 190)<\/strong><\/p>\n        <div class=\"booster-block booster-reactions-block\">\n            <div class=\"twp-reactions-icons\">\n                \n                <div class=\"twp-reacts-wrap\">\n                    <a react-data=\"be-react-1\" post-id=\"3753\" class=\"be-face-icons un-reacted\" href=\"javascript:void(0)\">\n                        <img decoding=\"async\" src=\"https:\/\/radar190.com.br\/wp-content\/plugins\/booster-extension\/\/assets\/icon\/happy.svg\" alt=\"Happy\">\n                    <\/a>\n                    <div class=\"twp-reaction-title\">\n                        Happy                    <\/div>\n                    <div class=\"twp-count-percent\">\n                                                    <span style=\"display: none;\" class=\"twp-react-count\">0<\/span>\n                        \n                                                <span class=\"twp-react-percent\"><span>0<\/span> %<\/span>\n                                            <\/div>\n                <\/div>\n\n                <div class=\"twp-reacts-wrap\">\n                    <a react-data=\"be-react-2\" post-id=\"3753\" class=\"be-face-icons un-reacted\" href=\"javascript:void(0)\">\n                        <img decoding=\"async\" src=\"https:\/\/radar190.com.br\/wp-content\/plugins\/booster-extension\/\/assets\/icon\/sad.svg\" alt=\"Sad\">\n                    <\/a>\n                    <div class=\"twp-reaction-title\">\n                        Sad                    <\/div>\n                    <div class=\"twp-count-percent\">\n                                                    <span style=\"display: none;\" class=\"twp-react-count\">0<\/span>\n                                                                        <span class=\"twp-react-percent\"><span>0<\/span> %<\/span>\n                                            <\/div>\n                <\/div>\n\n                <div class=\"twp-reacts-wrap\">\n                    <a react-data=\"be-react-3\" post-id=\"3753\" class=\"be-face-icons un-reacted\" href=\"javascript:void(0)\">\n                        <img decoding=\"async\" src=\"https:\/\/radar190.com.br\/wp-content\/plugins\/booster-extension\/\/assets\/icon\/excited.svg\" alt=\"Excited\">\n                    <\/a>\n                    <div class=\"twp-reaction-title\">\n                        Excited                    <\/div>\n                    <div class=\"twp-count-percent\">\n                                                    <span style=\"display: none;\" class=\"twp-react-count\">0<\/span>\n                                                                        <span class=\"twp-react-percent\"><span>0<\/span> %<\/span>\n                                            <\/div>\n                <\/div>\n\n                <div class=\"twp-reacts-wrap\">\n                    <a react-data=\"be-react-6\" post-id=\"3753\" class=\"be-face-icons un-reacted\" href=\"javascript:void(0)\">\n                        <img decoding=\"async\" src=\"https:\/\/radar190.com.br\/wp-content\/plugins\/booster-extension\/\/assets\/icon\/sleepy.svg\" alt=\"Sleepy\">\n                    <\/a>\n                    <div class=\"twp-reaction-title\">\n                        Sleepy                    <\/div>\n                    <div class=\"twp-count-percent\">\n                                                    <span style=\"display: none;\" class=\"twp-react-count\">0<\/span>\n                        \n                                                <span class=\"twp-react-percent\"><span>0<\/span> %<\/span>\n                                            <\/div>\n                <\/div>\n\n                <div class=\"twp-reacts-wrap\">\n                    <a react-data=\"be-react-4\" post-id=\"3753\" class=\"be-face-icons un-reacted\" href=\"javascript:void(0)\">\n                        <img decoding=\"async\" src=\"https:\/\/radar190.com.br\/wp-content\/plugins\/booster-extension\/\/assets\/icon\/angry.svg\" alt=\"Angry\">\n                    <\/a>\n                    <div class=\"twp-reaction-title\">Angry<\/div>\n                    <div class=\"twp-count-percent\">\n                                                    <span style=\"display: none;\" class=\"twp-react-count\">0<\/span>\n                                                                        <span class=\"twp-react-percent\"><span>0<\/span> %<\/span>\n                        \n                    <\/div>\n                <\/div>\n\n                <div class=\"twp-reacts-wrap\">\n                    <a react-data=\"be-react-5\" post-id=\"3753\" class=\"be-face-icons un-reacted\" href=\"javascript:void(0)\">\n                        <img decoding=\"async\" src=\"https:\/\/radar190.com.br\/wp-content\/plugins\/booster-extension\/\/assets\/icon\/surprise.svg\" alt=\"Surprise\">\n                    <\/a>\n                    <div class=\"twp-reaction-title\">Surprise<\/div>\n                    <div class=\"twp-count-percent\">\n                                                    <span style=\"display: none;\" class=\"twp-react-count\">0<\/span>\n                                                                        <span class=\"twp-react-percent\"><span>0<\/span> %<\/span>\n                                            <\/div>\n                <\/div>\n\n            <\/div>\n        <\/div>\n\n    ","protected":false},"excerpt":{"rendered":"<p>Nesta quarta-feira (17), a Prefeitura Municipal de Monte Horebe e Secretaria de Obras e urbanismo iniciou a poda e limpeza das \u00e1rvores no Distrito de Santa F\u00e9. Al\u00e9m da poda das \u00e1rvores, os galhos e folhas foram retirados, assim como a ornamenta\u00e7\u00e3o de forma arredondada, para aprimorar a est\u00e9tica urbana [&hellip;]<\/p>\n","protected":false},"author":1,"featured_media":3756,"comment_status":"open","ping_status":"open","sticky":false,"template":"","format":"standard","meta":{"_mi_skip_tracking":false,"_ti_tpc_template_sync":false,"_ti_tpc_template_id":"","_joinchat":[],"footnotes":""},"categories":[5,14,13,1,9,18,12,8],"tags":[],"class_list":["post-3753","post","type-post","status-publish","format-standard","has-post-thumbnail","hentry","category-brasil","category-cidades","category-cultural","category-uncategorized","category-esporte","category-mundo-brasil","category-paraiba","category-policial"],"_links":{"self":[{"href":"https:\/\/radar190.com.br\/index.php\/wp-json\/wp\/v2\/posts\/3753","targetHints":{"allow":["GET"]}}],"collection":[{"href":"https:\/\/radar190.com.br\/index.php\/wp-json\/wp\/v2\/posts"}],"about":[{"href":"https:\/\/radar190.com.br\/index.php\/wp-json\/wp\/v2\/types\/post"}],"author":[{"embeddable":true,"href":"https:\/\/radar190.com.br\/index.php\/wp-json\/wp\/v2\/users\/1"}],"replies":[{"embeddable":true,"href":"https:\/\/radar190.com.br\/index.php\/wp-json\/wp\/v2\/comments?post=3753"}],"version-history":[{"count":1,"href":"https:\/\/radar190.com.br\/index.php\/wp-json\/wp\/v2\/posts\/3753\/revisions"}],"predecessor-version":[{"id":3755,"href":"https:\/\/radar190.com.br\/index.php\/wp-json\/wp\/v2\/posts\/3753\/revisions\/3755"}],"wp:featuredmedia":[{"embeddable":true,"href":"https:\/\/radar190.com.br\/index.php\/wp-json\/wp\/v2\/media\/3756"}],"wp:attachment":[{"href":"https:\/\/radar190.com.br\/index.php\/wp-json\/wp\/v2\/media?parent=3753"}],"wp:term":[{"taxonomy":"category","embeddable":true,"href":"https:\/\/radar190.com.br\/index.php\/wp-json\/wp\/v2\/categories?post=3753"},{"taxonomy":"post_tag","embeddable":true,"href":"https:\/\/radar190.com.br\/index.php\/wp-json\/wp\/v2\/tags?post=3753"}],"curies":[{"name":"wp","href":"https:\/\/api.w.org\/{rel}","templated":true}]}}