{"id":3642,"date":"2024-06-21T09:36:10","date_gmt":"2024-06-21T12:36:10","guid":{"rendered":"https:\/\/radar190.com.br\/?p=3642"},"modified":"2024-06-21T09:36:38","modified_gmt":"2024-06-21T12:36:38","slug":"chacina-em-vicosa-do-ceara-veja-o-que-se-sabe-sobre-as-sete-mortes","status":"publish","type":"post","link":"https:\/\/radar190.com.br\/index.php\/2024\/06\/21\/chacina-em-vicosa-do-ceara-veja-o-que-se-sabe-sobre-as-sete-mortes\/","title":{"rendered":"Chacina em Vi\u00e7osa do Cear\u00e1: veja o que se sabe sobre as sete mortes"},"content":{"rendered":"<div class='booster-block booster-read-block'>\n                <div class=\"twp-read-time\">\n                \t<i class=\"booster-icon twp-clock\"><\/i> <span>Read Time:<\/span>48 Second                <\/div>\n\n            <\/div>\n<p>Sete pessoas morreram, e duas pessoas ficaram baleadas em uma pra\u00e7a do munic\u00edpio. O crime aconteceu nesta quinta-feira (20).<\/p>\n\n\n\n<p>Sete pessoas foram mortas, nesta quinta-feira (20), em uma chacina na cidade de\u00a0<a class=\"\" href=\"https:\/\/g1.globo.com\/ce\/ceara\/cidade\/vicosa-do-ceara\/\">Vi\u00e7osa do Cear\u00e1<\/a>, a 350 km de Fortaleza.\u00a0<a class=\"\" href=\"https:\/\/g1.globo.com\/ce\/ceara\/noticia\/2024\/06\/20\/sete-pessoas-sao-mortas-em-chacina-em-praca-no-interior-do-ceara.ghtml\">Duas pessoas tamb\u00e9m foram baleadas. O ataque ocorreu em uma pra\u00e7a do munic\u00edpio.<\/a>\u00a0As autoridades investigam as mortes.<\/p>\n\n\n\n<p>O&nbsp;<a class=\"\" href=\"https:\/\/g1.globo.com\/\">g1&nbsp;<\/a>preparou uma lista dos principais questionamentos sobre a chacina em Vi\u00e7osa do Cear\u00e1.&nbsp;<strong>Confira abaixo.<\/strong><\/p>\n\n\n\n<h2 class=\"wp-block-heading\">Onde aconteceu o crime?<\/h2>\n\n\n\n<p>Todas as v\u00edtimas, entre mortos e feridos, foram baleadas durante a madrugada na Pra\u00e7a Cl\u00f3vis Bevil\u00e1qua, no Centro da cidade de Vi\u00e7osa do Cear\u00e1. O munic\u00edpio fica no norte do estado, na divisa com o Piau\u00ed.<\/p>\n\n\n\n<h2 class=\"wp-block-heading\">Qual a motiva\u00e7\u00e3o?<\/h2>\n\n\n\n<p>O secret\u00e1rio da Seguran\u00e7a P\u00fablica do Cear\u00e1, Roberto S\u00e1, disse que \u00e9 \u201cprematuro\u201d afirmar a motiva\u00e7\u00e3o das mortes. No entanto, ele n\u00e3o descartou que a chacina esteja envolvida com o tr\u00e1fico de drogas na regi\u00e3o.<\/p>\n\n\n\n<figure class=\"wp-block-image size-full\"><img loading=\"lazy\" decoding=\"async\" width=\"984\" height=\"554\" src=\"https:\/\/radar190.com.br\/wp-content\/uploads\/2024\/06\/image-15.png\" alt=\"\" class=\"wp-image-3643\" srcset=\"https:\/\/radar190.com.br\/wp-content\/uploads\/2024\/06\/image-15.png 984w, https:\/\/radar190.com.br\/wp-content\/uploads\/2024\/06\/image-15-300x169.png 300w, https:\/\/radar190.com.br\/wp-content\/uploads\/2024\/06\/image-15-768x432.png 768w\" sizes=\"auto, (max-width: 984px) 100vw, 984px\" \/><\/figure>\n        <div class=\"booster-block booster-reactions-block\">\n            <div class=\"twp-reactions-icons\">\n                \n                <div class=\"twp-reacts-wrap\">\n                    <a react-data=\"be-react-1\" post-id=\"3642\" class=\"be-face-icons un-reacted\" href=\"javascript:void(0)\">\n                        <img decoding=\"async\" src=\"https:\/\/radar190.com.br\/wp-content\/plugins\/booster-extension\/\/assets\/icon\/happy.svg\" alt=\"Happy\">\n                    <\/a>\n                    <div class=\"twp-reaction-title\">\n                        Happy                    <\/div>\n                    <div class=\"twp-count-percent\">\n                                                    <span style=\"display: none;\" class=\"twp-react-count\">0<\/span>\n                        \n                                                <span class=\"twp-react-percent\"><span>0<\/span> %<\/span>\n                                            <\/div>\n                <\/div>\n\n                <div class=\"twp-reacts-wrap\">\n                    <a react-data=\"be-react-2\" post-id=\"3642\" class=\"be-face-icons un-reacted\" href=\"javascript:void(0)\">\n                        <img decoding=\"async\" src=\"https:\/\/radar190.com.br\/wp-content\/plugins\/booster-extension\/\/assets\/icon\/sad.svg\" alt=\"Sad\">\n                    <\/a>\n                    <div class=\"twp-reaction-title\">\n                        Sad                    <\/div>\n                    <div class=\"twp-count-percent\">\n                                                    <span style=\"display: none;\" class=\"twp-react-count\">0<\/span>\n                                                                        <span class=\"twp-react-percent\"><span>0<\/span> %<\/span>\n                                            <\/div>\n                <\/div>\n\n                <div class=\"twp-reacts-wrap\">\n                    <a react-data=\"be-react-3\" post-id=\"3642\" class=\"be-face-icons un-reacted\" href=\"javascript:void(0)\">\n                        <img decoding=\"async\" src=\"https:\/\/radar190.com.br\/wp-content\/plugins\/booster-extension\/\/assets\/icon\/excited.svg\" alt=\"Excited\">\n                    <\/a>\n                    <div class=\"twp-reaction-title\">\n                        Excited                    <\/div>\n                    <div class=\"twp-count-percent\">\n                                                    <span style=\"display: none;\" class=\"twp-react-count\">0<\/span>\n                                                                        <span class=\"twp-react-percent\"><span>0<\/span> %<\/span>\n                                            <\/div>\n                <\/div>\n\n                <div class=\"twp-reacts-wrap\">\n                    <a react-data=\"be-react-6\" post-id=\"3642\" class=\"be-face-icons un-reacted\" href=\"javascript:void(0)\">\n                        <img decoding=\"async\" src=\"https:\/\/radar190.com.br\/wp-content\/plugins\/booster-extension\/\/assets\/icon\/sleepy.svg\" alt=\"Sleepy\">\n                    <\/a>\n                    <div class=\"twp-reaction-title\">\n                        Sleepy                    <\/div>\n                    <div class=\"twp-count-percent\">\n                                                    <span style=\"display: none;\" class=\"twp-react-count\">0<\/span>\n                        \n                                                <span class=\"twp-react-percent\"><span>0<\/span> %<\/span>\n                                            <\/div>\n                <\/div>\n\n                <div class=\"twp-reacts-wrap\">\n                    <a react-data=\"be-react-4\" post-id=\"3642\" class=\"be-face-icons un-reacted\" href=\"javascript:void(0)\">\n                        <img decoding=\"async\" src=\"https:\/\/radar190.com.br\/wp-content\/plugins\/booster-extension\/\/assets\/icon\/angry.svg\" alt=\"Angry\">\n                    <\/a>\n                    <div class=\"twp-reaction-title\">Angry<\/div>\n                    <div class=\"twp-count-percent\">\n                                                    <span style=\"display: none;\" class=\"twp-react-count\">0<\/span>\n                                                                        <span class=\"twp-react-percent\"><span>0<\/span> %<\/span>\n                        \n                    <\/div>\n                <\/div>\n\n                <div class=\"twp-reacts-wrap\">\n                    <a react-data=\"be-react-5\" post-id=\"3642\" class=\"be-face-icons un-reacted\" href=\"javascript:void(0)\">\n                        <img decoding=\"async\" src=\"https:\/\/radar190.com.br\/wp-content\/plugins\/booster-extension\/\/assets\/icon\/surprise.svg\" alt=\"Surprise\">\n                    <\/a>\n                    <div class=\"twp-reaction-title\">Surprise<\/div>\n                    <div class=\"twp-count-percent\">\n                                                    <span style=\"display: none;\" class=\"twp-react-count\">0<\/span>\n                                                                        <span class=\"twp-react-percent\"><span>0<\/span> %<\/span>\n                                            <\/div>\n                <\/div>\n\n            <\/div>\n        <\/div>\n\n    ","protected":false},"excerpt":{"rendered":"<p>Sete pessoas morreram, e duas pessoas ficaram baleadas em uma pra\u00e7a do munic\u00edpio. O crime aconteceu nesta quinta-feira (20). Sete pessoas foram mortas, nesta quinta-feira (20), em uma chacina na cidade de\u00a0Vi\u00e7osa do Cear\u00e1, a 350 km de Fortaleza.\u00a0Duas pessoas tamb\u00e9m foram baleadas. O ataque ocorreu em uma pra\u00e7a do [&hellip;]<\/p>\n","protected":false},"author":1,"featured_media":3645,"comment_status":"open","ping_status":"open","sticky":false,"template":"","format":"standard","meta":{"_mi_skip_tracking":false,"_ti_tpc_template_sync":false,"_ti_tpc_template_id":"","_joinchat":[],"footnotes":""},"categories":[5,14,13,1,9,18,12,8],"tags":[],"class_list":["post-3642","post","type-post","status-publish","format-standard","has-post-thumbnail","hentry","category-brasil","category-cidades","category-cultural","category-uncategorized","category-esporte","category-mundo-brasil","category-paraiba","category-policial"],"_links":{"self":[{"href":"https:\/\/radar190.com.br\/index.php\/wp-json\/wp\/v2\/posts\/3642","targetHints":{"allow":["GET"]}}],"collection":[{"href":"https:\/\/radar190.com.br\/index.php\/wp-json\/wp\/v2\/posts"}],"about":[{"href":"https:\/\/radar190.com.br\/index.php\/wp-json\/wp\/v2\/types\/post"}],"author":[{"embeddable":true,"href":"https:\/\/radar190.com.br\/index.php\/wp-json\/wp\/v2\/users\/1"}],"replies":[{"embeddable":true,"href":"https:\/\/radar190.com.br\/index.php\/wp-json\/wp\/v2\/comments?post=3642"}],"version-history":[{"count":1,"href":"https:\/\/radar190.com.br\/index.php\/wp-json\/wp\/v2\/posts\/3642\/revisions"}],"predecessor-version":[{"id":3644,"href":"https:\/\/radar190.com.br\/index.php\/wp-json\/wp\/v2\/posts\/3642\/revisions\/3644"}],"wp:featuredmedia":[{"embeddable":true,"href":"https:\/\/radar190.com.br\/index.php\/wp-json\/wp\/v2\/media\/3645"}],"wp:attachment":[{"href":"https:\/\/radar190.com.br\/index.php\/wp-json\/wp\/v2\/media?parent=3642"}],"wp:term":[{"taxonomy":"category","embeddable":true,"href":"https:\/\/radar190.com.br\/index.php\/wp-json\/wp\/v2\/categories?post=3642"},{"taxonomy":"post_tag","embeddable":true,"href":"https:\/\/radar190.com.br\/index.php\/wp-json\/wp\/v2\/tags?post=3642"}],"curies":[{"name":"wp","href":"https:\/\/api.w.org\/{rel}","templated":true}]}}