{"id":3638,"date":"2024-06-21T09:32:23","date_gmt":"2024-06-21T12:32:23","guid":{"rendered":"https:\/\/radar190.com.br\/?p=3638"},"modified":"2024-06-21T09:32:56","modified_gmt":"2024-06-21T12:32:56","slug":"jovem-de-bonito-de-santa-fe-morre-apos-sobrar-em-curva-e-bater-em-carro-na-pb-400-na-serra-que-liga-monte-horebe-a-sao-jose-de-piranhas","status":"publish","type":"post","link":"https:\/\/radar190.com.br\/index.php\/2024\/06\/21\/jovem-de-bonito-de-santa-fe-morre-apos-sobrar-em-curva-e-bater-em-carro-na-pb-400-na-serra-que-liga-monte-horebe-a-sao-jose-de-piranhas\/","title":{"rendered":"Jovem de Bonito de Santa F\u00e9 morre ap\u00f3s sobrar em curva e bater em carro na PB-400, na serra que liga Monte Horebe a S\u00e3o Jos\u00e9 de Piranhas"},"content":{"rendered":"<div class='booster-block booster-read-block'>\n                <div class=\"twp-read-time\">\n                \t<i class=\"booster-icon twp-clock\"><\/i> <span>Read Time:<\/span>54 Second                <\/div>\n\n            <\/div>\n<p>Um motociclista, identificado como Daniel Leite da Silva (Danielzinho), 31 anos de idade, do munic\u00edpio de Bonito de Santa F\u00e9, morreu ap\u00f3s um acidente na PB-400, no trecho da serra que liga S\u00e3o Jos\u00e9 de Piranhas ao munic\u00edpio de Monte Horebe, no Sert\u00e3o da Para\u00edba, na tarde desta quinta-feira (20).<\/p>\n\n\n\n<p>Segundo informa\u00e7\u00f5es, a moto, uma Honda Titan vermelha, descia a serra em alta velocidade, quando sobrou em uma curva e se chocou com um carro que subia a ladeira. O jovem foi a \u00f3bito no local. Outra pessoa que tamb\u00e9m estava na moto foi socorrida para o hospital.<\/p>\n\n\n\n<p>O motorista do carro disse ao Radar Sertanejo que conduzia o ve\u00edculo pela faixa direita da pista e quando viu foi a batida na lateral do seu carro. A m\u00e3e dele, uma senhora de 74 anos da cidade de Monte Horebe, que estava no ve\u00edculo, desmaiou e precisou ser socorrida. \u201cEstou muito triste, mesmo eu n\u00e3o tendo culpa, mas o rapaz acabou falecendo\u201d, disse o motorista que foi submetido ao teste do baf\u00f4metro e n\u00e3o foi constatado teor alco\u00f3lico.<\/p>\n\n\n\n<figure class=\"wp-block-image size-full\"><img loading=\"lazy\" decoding=\"async\" width=\"780\" height=\"585\" src=\"https:\/\/radar190.com.br\/wp-content\/uploads\/2024\/06\/image-14.png\" alt=\"\" class=\"wp-image-3639\" srcset=\"https:\/\/radar190.com.br\/wp-content\/uploads\/2024\/06\/image-14.png 780w, https:\/\/radar190.com.br\/wp-content\/uploads\/2024\/06\/image-14-300x225.png 300w, https:\/\/radar190.com.br\/wp-content\/uploads\/2024\/06\/image-14-768x576.png 768w\" sizes=\"auto, (max-width: 780px) 100vw, 780px\" \/><\/figure>\n        <div class=\"booster-block booster-reactions-block\">\n            <div class=\"twp-reactions-icons\">\n                \n                <div class=\"twp-reacts-wrap\">\n                    <a react-data=\"be-react-1\" post-id=\"3638\" class=\"be-face-icons un-reacted\" href=\"javascript:void(0)\">\n                        <img decoding=\"async\" src=\"https:\/\/radar190.com.br\/wp-content\/plugins\/booster-extension\/\/assets\/icon\/happy.svg\" alt=\"Happy\">\n                    <\/a>\n                    <div class=\"twp-reaction-title\">\n                        Happy                    <\/div>\n                    <div class=\"twp-count-percent\">\n                                                    <span style=\"display: none;\" class=\"twp-react-count\">0<\/span>\n                        \n                                                <span class=\"twp-react-percent\"><span>0<\/span> %<\/span>\n                                            <\/div>\n                <\/div>\n\n                <div class=\"twp-reacts-wrap\">\n                    <a react-data=\"be-react-2\" post-id=\"3638\" class=\"be-face-icons un-reacted\" href=\"javascript:void(0)\">\n                        <img decoding=\"async\" src=\"https:\/\/radar190.com.br\/wp-content\/plugins\/booster-extension\/\/assets\/icon\/sad.svg\" alt=\"Sad\">\n                    <\/a>\n                    <div class=\"twp-reaction-title\">\n                        Sad                    <\/div>\n                    <div class=\"twp-count-percent\">\n                                                    <span style=\"display: none;\" class=\"twp-react-count\">0<\/span>\n                                                                        <span class=\"twp-react-percent\"><span>0<\/span> %<\/span>\n                                            <\/div>\n                <\/div>\n\n                <div class=\"twp-reacts-wrap\">\n                    <a react-data=\"be-react-3\" post-id=\"3638\" class=\"be-face-icons un-reacted\" href=\"javascript:void(0)\">\n                        <img decoding=\"async\" src=\"https:\/\/radar190.com.br\/wp-content\/plugins\/booster-extension\/\/assets\/icon\/excited.svg\" alt=\"Excited\">\n                    <\/a>\n                    <div class=\"twp-reaction-title\">\n                        Excited                    <\/div>\n                    <div class=\"twp-count-percent\">\n                                                    <span style=\"display: none;\" class=\"twp-react-count\">0<\/span>\n                                                                        <span class=\"twp-react-percent\"><span>0<\/span> %<\/span>\n                                            <\/div>\n                <\/div>\n\n                <div class=\"twp-reacts-wrap\">\n                    <a react-data=\"be-react-6\" post-id=\"3638\" class=\"be-face-icons un-reacted\" href=\"javascript:void(0)\">\n                        <img decoding=\"async\" src=\"https:\/\/radar190.com.br\/wp-content\/plugins\/booster-extension\/\/assets\/icon\/sleepy.svg\" alt=\"Sleepy\">\n                    <\/a>\n                    <div class=\"twp-reaction-title\">\n                        Sleepy                    <\/div>\n                    <div class=\"twp-count-percent\">\n                                                    <span style=\"display: none;\" class=\"twp-react-count\">0<\/span>\n                        \n                                                <span class=\"twp-react-percent\"><span>0<\/span> %<\/span>\n                                            <\/div>\n                <\/div>\n\n                <div class=\"twp-reacts-wrap\">\n                    <a react-data=\"be-react-4\" post-id=\"3638\" class=\"be-face-icons un-reacted\" href=\"javascript:void(0)\">\n                        <img decoding=\"async\" src=\"https:\/\/radar190.com.br\/wp-content\/plugins\/booster-extension\/\/assets\/icon\/angry.svg\" alt=\"Angry\">\n                    <\/a>\n                    <div class=\"twp-reaction-title\">Angry<\/div>\n                    <div class=\"twp-count-percent\">\n                                                    <span style=\"display: none;\" class=\"twp-react-count\">0<\/span>\n                                                                        <span class=\"twp-react-percent\"><span>0<\/span> %<\/span>\n                        \n                    <\/div>\n                <\/div>\n\n                <div class=\"twp-reacts-wrap\">\n                    <a react-data=\"be-react-5\" post-id=\"3638\" class=\"be-face-icons un-reacted\" href=\"javascript:void(0)\">\n                        <img decoding=\"async\" src=\"https:\/\/radar190.com.br\/wp-content\/plugins\/booster-extension\/\/assets\/icon\/surprise.svg\" alt=\"Surprise\">\n                    <\/a>\n                    <div class=\"twp-reaction-title\">Surprise<\/div>\n                    <div class=\"twp-count-percent\">\n                                                    <span style=\"display: none;\" class=\"twp-react-count\">0<\/span>\n                                                                        <span class=\"twp-react-percent\"><span>0<\/span> %<\/span>\n                                            <\/div>\n                <\/div>\n\n            <\/div>\n        <\/div>\n\n    ","protected":false},"excerpt":{"rendered":"<p>Um motociclista, identificado como Daniel Leite da Silva (Danielzinho), 31 anos de idade, do munic\u00edpio de Bonito de Santa F\u00e9, morreu ap\u00f3s um acidente na PB-400, no trecho da serra que liga S\u00e3o Jos\u00e9 de Piranhas ao munic\u00edpio de Monte Horebe, no Sert\u00e3o da Para\u00edba, na tarde desta quinta-feira (20). [&hellip;]<\/p>\n","protected":false},"author":1,"featured_media":3641,"comment_status":"open","ping_status":"open","sticky":false,"template":"","format":"standard","meta":{"_mi_skip_tracking":false,"_ti_tpc_template_sync":false,"_ti_tpc_template_id":"","_joinchat":[],"footnotes":""},"categories":[5,14,13,1,9,18,12,8],"tags":[],"class_list":["post-3638","post","type-post","status-publish","format-standard","has-post-thumbnail","hentry","category-brasil","category-cidades","category-cultural","category-uncategorized","category-esporte","category-mundo-brasil","category-paraiba","category-policial"],"_links":{"self":[{"href":"https:\/\/radar190.com.br\/index.php\/wp-json\/wp\/v2\/posts\/3638","targetHints":{"allow":["GET"]}}],"collection":[{"href":"https:\/\/radar190.com.br\/index.php\/wp-json\/wp\/v2\/posts"}],"about":[{"href":"https:\/\/radar190.com.br\/index.php\/wp-json\/wp\/v2\/types\/post"}],"author":[{"embeddable":true,"href":"https:\/\/radar190.com.br\/index.php\/wp-json\/wp\/v2\/users\/1"}],"replies":[{"embeddable":true,"href":"https:\/\/radar190.com.br\/index.php\/wp-json\/wp\/v2\/comments?post=3638"}],"version-history":[{"count":1,"href":"https:\/\/radar190.com.br\/index.php\/wp-json\/wp\/v2\/posts\/3638\/revisions"}],"predecessor-version":[{"id":3640,"href":"https:\/\/radar190.com.br\/index.php\/wp-json\/wp\/v2\/posts\/3638\/revisions\/3640"}],"wp:featuredmedia":[{"embeddable":true,"href":"https:\/\/radar190.com.br\/index.php\/wp-json\/wp\/v2\/media\/3641"}],"wp:attachment":[{"href":"https:\/\/radar190.com.br\/index.php\/wp-json\/wp\/v2\/media?parent=3638"}],"wp:term":[{"taxonomy":"category","embeddable":true,"href":"https:\/\/radar190.com.br\/index.php\/wp-json\/wp\/v2\/categories?post=3638"},{"taxonomy":"post_tag","embeddable":true,"href":"https:\/\/radar190.com.br\/index.php\/wp-json\/wp\/v2\/tags?post=3638"}],"curies":[{"name":"wp","href":"https:\/\/api.w.org\/{rel}","templated":true}]}}