{"id":3619,"date":"2024-06-19T12:30:14","date_gmt":"2024-06-19T15:30:14","guid":{"rendered":"https:\/\/radar190.com.br\/?p=3619"},"modified":"2024-06-19T12:31:12","modified_gmt":"2024-06-19T15:31:12","slug":"ex-governador-e-condenado-a-16-anos-de-prisao-por-abusar-sexualmente-de-sobrinha","status":"publish","type":"post","link":"https:\/\/radar190.com.br\/index.php\/2024\/06\/19\/ex-governador-e-condenado-a-16-anos-de-prisao-por-abusar-sexualmente-de-sobrinha\/","title":{"rendered":"Ex-governador \u00e9 condenado a 16 anos de pris\u00e3o por abusar sexualmente de sobrinha"},"content":{"rendered":"<div class='booster-block booster-read-block'>\n                <div class=\"twp-read-time\">\n                \t<i class=\"booster-icon twp-clock\"><\/i> <span>Read Time:<\/span>4 Minute, 59 Second                <\/div>\n\n            <\/div>\n<p>Sobrinha e ex-secret\u00e1ria acusa Jos\u00e9 Jorge Alperovich de abuso sexual em Tucum\u00e1n e Buenos Aires; defesa diz que vai recorrer<\/p>\n\n\n\n<p>O ex-governador Jos\u00e9 Jorge Alperovich, de Tucum\u00e1n, na Argentina, ouviu na noite desta ter\u00e7a-feira a senten\u00e7a de 16 anos de pris\u00e3o pelo crime de abuso sexual uma sobrinha e ex-secret\u00e1ria, pena que lhe foi imposta pelo juiz Juan Ramos Padilla. Segundos depois ele foi preso no tribunal.<\/p>\n\n\n\n<p>Alperovich, de camisa branca e terno azul com gravata combinando, estava cercado por seus advogados em um pequeno tribunal. Seus filhos estavam na primeira fila, quase ao lado dele, e sua esposa, Beatriz Rojk\u00e9s, acompanharam a leitura do veredicto em uma tela preta, via Zoom. A v\u00edtima de abuso sexual, identificada em julgamento pelas suas iniciais MFL, fez o mesmo.<\/p>\n\n\n\n<p>O juiz Ramos Padilla concedeu tudo o que o procurador Sandro Abraldes pediu: n\u00e3o s\u00f3 os 16 anos de pris\u00e3o, mas tamb\u00e9m que corresponda \u201c\u00e0 repara\u00e7\u00e3o\u201d da v\u00edtima. A defesa ir\u00e1 recorrer da condena\u00e7\u00e3o.<\/p>\n\n\n\n<p>Ramos Padilla come\u00e7ou a ler o veredicto \u00e0s 20h10, ap\u00f3s avisar que se houvesse exclama\u00e7\u00f5es desocuparia a sala. L\u00e1 ele mencionou que Alperovich foi condenado como autor de tr\u00eas acusa\u00e7\u00f5es de abuso sexual, duas tentativas e ainda por mais \u201cseis acusa\u00e7\u00f5es de abuso agravado, j\u00e1 que houve acesso carnal por via vaginal, anal e oral com partes de seu corpo, seu p\u00eanis, por tr\u00eas vias e com os dedos no primeiro caso\u201d. A crueldade da hist\u00f3ria deixou a sala em sil\u00eancio.<\/p>\n\n\n\n<p>O juiz disse que os abusos ocorreram no \u00e2mbito de uma rela\u00e7\u00e3o de intimida\u00e7\u00e3o, onde houve abusos por parte do ex-senador de seu ex-colaborador, uma vez que havia uma rela\u00e7\u00e3o de depend\u00eancia, poder e autoridade. A pena expira em 17 de julho de 2040. Alperovich pode recorrer ao Tribunal Federal de Cassa\u00e7\u00e3o e ao Tribunal. No ano que vem ele completa 70 anos e pode pedir para cumprir a pena em casa.<\/p>\n\n\n\n<p>N\u00e3o \u00e9 comum que uma pessoa condenada a pena de pris\u00e3o efetiva permane\u00e7a sob cust\u00f3dia judicial. Isto \u00e9 feito quando existe o perigo de o acusado fugir. A senten\u00e7a n\u00e3o \u00e9 definitiva. Isso ocorreria quando o Tribunal rejeitasse seu \u00faltimo recurso. Em geral, espera-se esse momento para ordenar a pris\u00e3o.<\/p>\n\n\n\n<p>Os motivos da senten\u00e7a ser\u00e3o conhecidos no dia 16 de agosto. Ap\u00f3s a leitura do veredicto, Alperovich manteve a calma, franziu os l\u00e1bios e n\u00e3o largou as m\u00e3os.<\/p>\n\n\n\n<p>O juiz ordenou sua pris\u00e3o e ordenou ao comiss\u00e1rio de justi\u00e7a que \u201cprosseguisse sem qualquer situa\u00e7\u00e3o de degrada\u00e7\u00e3o\u201d. O policial, vestido \u00e0 paisana, pegou-o pelo bra\u00e7o, permitiu que ele vestisse o casaco azul, abra\u00e7asse os filhos e o levou sob cust\u00f3dia, a caminho de uma cela provis\u00f3ria.<\/p>\n\n\n\n<p>Na semana passada, numa argumenta\u00e7\u00e3o final muito dura, o procurador Abraldes definiu este caso como \u201cum julgamento sobre a impunidade do poder\u201d e pediu que o ex-governador fosse condenado a 16 anos e seis meses de pris\u00e3o. O promotor o acusou de abusos repetidos em 10 ocasi\u00f5es. O advogado da v\u00edtima, o autor, havia solicitado a pena de 22 anos de pris\u00e3o. J\u00e1 a defesa de Alperovich pediu sua absolvi\u00e7\u00e3o e argumentou que a den\u00fancia tinha motiva\u00e7\u00e3o pol\u00edtica.<\/p>\n\n\n\n<p>Esta ter\u00e7a-feira, Alperovich teve a oportunidade de pronunciar as suas \u201c\u00faltimas palavras\u201d perante o juiz, mas recusou-se a faz\u00ea-lo. Foi uma audi\u00eancia muito breve, que come\u00e7ou \u00e0s 13h15 e terminou em menos de 15 minutos. Alperovich ficou no pr\u00e9dio do tribunal e n\u00e3o p\u00f4de sair durante toda a tarde, at\u00e9 as 20h10, quando o veredicto foi lido.<\/p>\n\n\n\n<p>O argumento do promotor foi muito duro. \u201cAlperovich n\u00e3o queria que ela trabalhasse com ele. Queria para a cama. O conceito \u00e9 primitivo. O senhor feudal governa. Voc\u00ea n\u00e3o pode discutir com o chef\u00e3o. Voc\u00ea faz o que quiser\u201d, disse Abraldes. O promotor foi muito cr\u00edtico em rela\u00e7\u00e3o ao que estava acontecendo na sociedade de Tucum\u00e1n no momento dos acontecimentos: \u201cEste julgamento \u00e9 um julgamento sobre a impunidade do poder. Ela estava em um cen\u00e1rio de submiss\u00e3o. Em situa\u00e7\u00e3o de cativeiro\u201d.<\/p>\n\n\n\n<p>\u201cA v\u00edtima sentia-se como uma prisioneira e estava \u00e0 merc\u00ea do agressor\u201d, disse ele, acrescentando que \u201ccomo disseram v\u00e1rias testemunhas, Alperovich sempre foi sexualizado\u201d. Comparando o poder total de Alperovich na sua prov\u00edncia com o de um senhor feudal, ele disse: \u201cAlperovich foi o construtor do seu pr\u00f3prio poder. Tudo foi feito do jeito que ele queria. Ele era dono de tudo\u201d.<\/p>\n\n\n\n<p>O ex-governador de Tucum\u00e1n (cumpriu tr\u00eas mandatos consecutivos, entre 2003 e 2015) e ex-senador nacional chegou a este julgamento acusado de tr\u00eas atos de abuso sexual (duas tentativas) e outros seis atos de viol\u00eancia sexual agravados. Os fatos ocorreram tanto em Tucum\u00e1n quanto na cidade de Buenos Aires.<\/p>\n\n\n\n<p>O julgamento foi conduzido pelo Juizado Oral Criminal e Correcional n.\u00ba 29, conduzido sozinho pelo juiz Ramos Padilla. O Procurador Abraldes est\u00e1 temporariamente \u00e0 frente da Procuradoria-Geral da Rep\u00fablica perante os Juizados Orais Criminais e Correcionais n.\u00ba 27. Os representantes da den\u00fancia foram Pablo Rovatti e Carolina Cymerman.<\/p>\n\n\n\n<h2 class=\"wp-block-heading\">A defesa do ex-governador<\/h2>\n\n\n\n<p>Na semana passada, Alperovich testemunhou durante sete horas perante Ramos Padilla e negou ter abusado da jovem. \u201cAbsolutamente nada aconteceu\u201d, disse o ex-pol\u00edtico. \u201cN\u00e3o abusei da Flor. Isso \u00e9 uma mentira. A verdade \u00e9 que sou um homem de 70 anos\u201d, acrescentou o arguido, que comentou: \u201cEste \u00e9 um julgamento fabricado, armado, onde vou explicar-vos claramente que houve uma motiva\u00e7\u00e3o econ\u00f4mica e pol\u00edtica, disso n\u00e3o tenho d\u00favidas\u201d.<\/p>\n\n\n\n<p>Em sua declara\u00e7\u00e3o, o acusado negou tamb\u00e9m ter um v\u00ednculo pr\u00f3ximo com a denunciante. \u201cEu nunca a chamei de sobrinha, nem ela me chamou de tio. Jamais. Ela quer fazer parecer que eu prostitu\u00eda a secret\u00e1ria. Tudo isso est\u00e1 armado. H\u00e1 cinco anos que na imprensa me chamam de violador,\u201d afirmou diante do juiz.<\/p>\n\n\n\n<p>Entre as provas que foram apresentadas no caso, al\u00e9m do testemunho da v\u00edtima, h\u00e1 per\u00edcias sobre ela, depoimentos de pessoas que conheciam de perto sua situa\u00e7\u00e3o e o conte\u00fado do celular da v\u00edtima, com mensagens dele.<\/p>\n\n\n\n<p><strong>O Globo<\/strong><\/p>\n\n\n\n<figure class=\"wp-block-image size-full\"><img loading=\"lazy\" decoding=\"async\" width=\"888\" height=\"591\" src=\"https:\/\/radar190.com.br\/wp-content\/uploads\/2024\/06\/image-13.png\" alt=\"\" class=\"wp-image-3620\" srcset=\"https:\/\/radar190.com.br\/wp-content\/uploads\/2024\/06\/image-13.png 888w, https:\/\/radar190.com.br\/wp-content\/uploads\/2024\/06\/image-13-300x200.png 300w, https:\/\/radar190.com.br\/wp-content\/uploads\/2024\/06\/image-13-768x511.png 768w\" sizes=\"auto, (max-width: 888px) 100vw, 888px\" \/><\/figure>\n        <div class=\"booster-block booster-reactions-block\">\n            <div class=\"twp-reactions-icons\">\n                \n                <div class=\"twp-reacts-wrap\">\n                    <a react-data=\"be-react-1\" post-id=\"3619\" class=\"be-face-icons un-reacted\" href=\"javascript:void(0)\">\n                        <img decoding=\"async\" src=\"https:\/\/radar190.com.br\/wp-content\/plugins\/booster-extension\/\/assets\/icon\/happy.svg\" alt=\"Happy\">\n                    <\/a>\n                    <div class=\"twp-reaction-title\">\n                        Happy                    <\/div>\n                    <div class=\"twp-count-percent\">\n                                                    <span style=\"display: none;\" class=\"twp-react-count\">0<\/span>\n                        \n                                                <span class=\"twp-react-percent\"><span>0<\/span> %<\/span>\n                                            <\/div>\n                <\/div>\n\n                <div class=\"twp-reacts-wrap\">\n                    <a react-data=\"be-react-2\" post-id=\"3619\" class=\"be-face-icons un-reacted\" href=\"javascript:void(0)\">\n                        <img decoding=\"async\" src=\"https:\/\/radar190.com.br\/wp-content\/plugins\/booster-extension\/\/assets\/icon\/sad.svg\" alt=\"Sad\">\n                    <\/a>\n                    <div class=\"twp-reaction-title\">\n                        Sad                    <\/div>\n                    <div class=\"twp-count-percent\">\n                                                    <span style=\"display: none;\" class=\"twp-react-count\">0<\/span>\n                                                                        <span class=\"twp-react-percent\"><span>0<\/span> %<\/span>\n                                            <\/div>\n                <\/div>\n\n                <div class=\"twp-reacts-wrap\">\n                    <a react-data=\"be-react-3\" post-id=\"3619\" class=\"be-face-icons un-reacted\" href=\"javascript:void(0)\">\n                        <img decoding=\"async\" src=\"https:\/\/radar190.com.br\/wp-content\/plugins\/booster-extension\/\/assets\/icon\/excited.svg\" alt=\"Excited\">\n                    <\/a>\n                    <div class=\"twp-reaction-title\">\n                        Excited                    <\/div>\n                    <div class=\"twp-count-percent\">\n                                                    <span style=\"display: none;\" class=\"twp-react-count\">0<\/span>\n                                                                        <span class=\"twp-react-percent\"><span>0<\/span> %<\/span>\n                                            <\/div>\n                <\/div>\n\n                <div class=\"twp-reacts-wrap\">\n                    <a react-data=\"be-react-6\" post-id=\"3619\" class=\"be-face-icons un-reacted\" href=\"javascript:void(0)\">\n                        <img decoding=\"async\" src=\"https:\/\/radar190.com.br\/wp-content\/plugins\/booster-extension\/\/assets\/icon\/sleepy.svg\" alt=\"Sleepy\">\n                    <\/a>\n                    <div class=\"twp-reaction-title\">\n                        Sleepy                    <\/div>\n                    <div class=\"twp-count-percent\">\n                                                    <span style=\"display: none;\" class=\"twp-react-count\">0<\/span>\n                        \n                                                <span class=\"twp-react-percent\"><span>0<\/span> %<\/span>\n                                            <\/div>\n                <\/div>\n\n                <div class=\"twp-reacts-wrap\">\n                    <a react-data=\"be-react-4\" post-id=\"3619\" class=\"be-face-icons un-reacted\" href=\"javascript:void(0)\">\n                        <img decoding=\"async\" src=\"https:\/\/radar190.com.br\/wp-content\/plugins\/booster-extension\/\/assets\/icon\/angry.svg\" alt=\"Angry\">\n                    <\/a>\n                    <div class=\"twp-reaction-title\">Angry<\/div>\n                    <div class=\"twp-count-percent\">\n                                                    <span style=\"display: none;\" class=\"twp-react-count\">0<\/span>\n                                                                        <span class=\"twp-react-percent\"><span>0<\/span> %<\/span>\n                        \n                    <\/div>\n                <\/div>\n\n                <div class=\"twp-reacts-wrap\">\n                    <a react-data=\"be-react-5\" post-id=\"3619\" class=\"be-face-icons un-reacted\" href=\"javascript:void(0)\">\n                        <img decoding=\"async\" src=\"https:\/\/radar190.com.br\/wp-content\/plugins\/booster-extension\/\/assets\/icon\/surprise.svg\" alt=\"Surprise\">\n                    <\/a>\n                    <div class=\"twp-reaction-title\">Surprise<\/div>\n                    <div class=\"twp-count-percent\">\n                                                    <span style=\"display: none;\" class=\"twp-react-count\">0<\/span>\n                                                                        <span class=\"twp-react-percent\"><span>0<\/span> %<\/span>\n                                            <\/div>\n                <\/div>\n\n            <\/div>\n        <\/div>\n\n    ","protected":false},"excerpt":{"rendered":"<p>Sobrinha e ex-secret\u00e1ria acusa Jos\u00e9 Jorge Alperovich de abuso sexual em Tucum\u00e1n e Buenos Aires; defesa diz que vai recorrer O ex-governador Jos\u00e9 Jorge Alperovich, de Tucum\u00e1n, na Argentina, ouviu na noite desta ter\u00e7a-feira a senten\u00e7a de 16 anos de pris\u00e3o pelo crime de abuso sexual uma sobrinha e ex-secret\u00e1ria, [&hellip;]<\/p>\n","protected":false},"author":1,"featured_media":3622,"comment_status":"open","ping_status":"open","sticky":false,"template":"","format":"standard","meta":{"_mi_skip_tracking":false,"_ti_tpc_template_sync":false,"_ti_tpc_template_id":"","_joinchat":[],"footnotes":""},"categories":[5,14,13,1,9,18,12,8],"tags":[],"class_list":["post-3619","post","type-post","status-publish","format-standard","has-post-thumbnail","hentry","category-brasil","category-cidades","category-cultural","category-uncategorized","category-esporte","category-mundo-brasil","category-paraiba","category-policial"],"_links":{"self":[{"href":"https:\/\/radar190.com.br\/index.php\/wp-json\/wp\/v2\/posts\/3619","targetHints":{"allow":["GET"]}}],"collection":[{"href":"https:\/\/radar190.com.br\/index.php\/wp-json\/wp\/v2\/posts"}],"about":[{"href":"https:\/\/radar190.com.br\/index.php\/wp-json\/wp\/v2\/types\/post"}],"author":[{"embeddable":true,"href":"https:\/\/radar190.com.br\/index.php\/wp-json\/wp\/v2\/users\/1"}],"replies":[{"embeddable":true,"href":"https:\/\/radar190.com.br\/index.php\/wp-json\/wp\/v2\/comments?post=3619"}],"version-history":[{"count":1,"href":"https:\/\/radar190.com.br\/index.php\/wp-json\/wp\/v2\/posts\/3619\/revisions"}],"predecessor-version":[{"id":3621,"href":"https:\/\/radar190.com.br\/index.php\/wp-json\/wp\/v2\/posts\/3619\/revisions\/3621"}],"wp:featuredmedia":[{"embeddable":true,"href":"https:\/\/radar190.com.br\/index.php\/wp-json\/wp\/v2\/media\/3622"}],"wp:attachment":[{"href":"https:\/\/radar190.com.br\/index.php\/wp-json\/wp\/v2\/media?parent=3619"}],"wp:term":[{"taxonomy":"category","embeddable":true,"href":"https:\/\/radar190.com.br\/index.php\/wp-json\/wp\/v2\/categories?post=3619"},{"taxonomy":"post_tag","embeddable":true,"href":"https:\/\/radar190.com.br\/index.php\/wp-json\/wp\/v2\/tags?post=3619"}],"curies":[{"name":"wp","href":"https:\/\/api.w.org\/{rel}","templated":true}]}}